{"id":91120,"date":"2011-09-28T00:11:48","date_gmt":"2011-09-28T00:11:48","guid":{"rendered":"http:\/\/www.fuldaer-nachrichten.de\/?p=91120"},"modified":"2011-09-27T17:40:01","modified_gmt":"2011-09-27T17:40:01","slug":"herbstvollversammlung-der-deutschen-bischofskonferenz-vom-4-bis-7-oktober-in-fulda","status":"publish","type":"post","link":"https:\/\/www.fuldaernachrichten.de\/?p=91120","title":{"rendered":"Herbstvollversammlung der Deutschen Bischofskonferenz vom 4. bis 7. Oktober in Fulda"},"content":{"rendered":"<p><strong>Fulda.<\/strong> Rund zehn Tage sp\u00e4ter als gew\u00f6hnlich, vom 4. bis 7. Oktober, kommen infolge des Papstbesuchs in Deutschland die derzeit 68 Mitglieder der Deutschen Bischofskonferenz zu ihrer Herbstvollversammlung in Fulda zusammen. Im Mittelpunkt der Vollversammlung stehen eine Analyse der Ansprachen des Heiligen Vaters w\u00e4hrend seines Besuchs in Deutschland und die Beratung \u00fcber den Fortgang des vor einem Jahr ins Leben gerufenen Gespr\u00e4chsprozesses. Au\u00dferdem geht es w\u00e4hrend der Vollversammlung um die Vorbereitung der r\u00f6mischen Bischofssynode im Jahr 2012 zur Neuevangelisierung und die Weiterentwicklung der di\u00f6zesanen Medienarbeit. W\u00e4hrend der Vollversammlung sind umfangreiche Personalentscheidungen geplant, da die Mitglieder, Vorsitzenden und stellvertretenden Vorsitzenden sowie die Berater der bisch\u00f6flichen Kommissionen neu gew\u00e4hlt werden m\u00fcssen. <!--more--><\/p>\n<p>An der Er\u00f6ffnungssitzung der Vollversammlung am Dienstag, 4. Oktober, wird der Apostolische Nuntius in Deutschland, Erzbischof Dr. Jean-Claude P\u00e9risset (Berlin), teilnehmen. Als Gast benachbarter Bischofskonferenzen wird aus Polen Bischof Stefan Cichy (Legnica) teilnehmen. Seit 1867 kommen die deutschen Bisch\u00f6fe regelm\u00e4\u00dfig \u201eam Grab des heiligen Bonifatius\u201c zu Beratungen zusammen. Wie keine andere Stadt ist Fulda dadurch mit der Bischofskonferenz verbunden. Traditionsgem\u00e4\u00df findet hier jedes Jahr die Herbstvollversammlung statt, w\u00e4hrend sich die Bisch\u00f6fe zu ihrer Fr\u00fchjahrsvollversammlung an jeweils wechselndem Ort treffen.<\/p>\n<p><strong>Mittwoch Er\u00f6ffnungsgottesdienst<\/strong><\/p>\n<p>Am Mittwoch, 5. Oktober, findet um 7.30 Uhr im Fuldaer Dom der feierliche Er\u00f6ffnungsgottesdienst der Herbstvollversammlung statt. Die Predigt wird der Vorsitzende der Deutschen Bischofskonferenz, Erzbischof Dr. Robert Zollitsch (Freiburg), halten. In dem Gottesdienst wird die Komposition, die die deutschen Bisch\u00f6fe Papst Benedikt XVI. w\u00e4hrend seiner Deutschlandreise als Geschenk \u00fcberreicht haben, uraufgef\u00fchrt. Alle Gl\u00e4ubigen aus Stadt und Landkreis Fulda sowie insbesondere die Sch\u00fclerinnen und Sch\u00fcler aus den regionalen Schulen sind zu dieser Messfeier herzlich eingeladen. Sie erhalten daf\u00fcr auf Antrag auch Unterrichtsbefreiung.<\/p>\n<p>Auch an den folgenden Tagen finden im Rahmen der Bischofskonferenz ebenfalls um 7.30 Uhr im Dom Pontifikalgottesdienste statt. Den Gottesdienst am Donnerstag, 6. Oktober, wird Kardinal Joachim Meisner (K\u00f6ln) halten. Beim morgendlichen Gottesdienst am Freitag, 7. Oktober, um 7.30 Uhr, bei dem in besonderer Weise der verstorbenen Bisch\u00f6fe gedacht wird, ist Erzbischof Dr. Ludwig Schick (Bamberg) Hauptzelebrant und Prediger.<\/p>\n<p><strong>Donnerstag feierliche Bonifatiusandacht<\/strong><\/p>\n<p>Alle Gl\u00e4ubigen sind insbesondere auch zur feierlichen Bonifatiusandacht der Bischofskonferenz eingeladen, die am Donnerstag, 6. Oktober, um 18 Uhr stattfindet. Die Predigt wird Bischof Norbert Trelle (Hildesheim) halten. Den Segen mit der Bonifatiusreliquie erteilt in diesem Jahr Kardinal Reinhard Marx (M\u00fcnchen und Freising). (bpf)<\/p>\n","protected":false},"excerpt":{"rendered":"<div class=\"tmnf_excerpt\"><p>Fulda. Rund zehn Tage sp\u00e4ter als gew\u00f6hnlich, vom 4. bis 7. Oktober, kommen infolge des Papstbesuchs in Deutschland die derzeit 68 Mitglieder der Deutschen Bischofskonferenz zu ihrer Herbstvollversammlung in Fulda zusammen. Im Mittelpunkt der Vollversammlung stehen eine Analyse der Ansprachen des Heiligen Vaters w\u00e4hrend seines Besuchs in Deutschland und die Beratung \u00fcber den Fortgang des &hellip;<\/p>\n<\/div>","protected":false},"author":1,"featured_media":0,"comment_status":"closed","ping_status":"closed","sticky":false,"template":"","format":"standard","meta":{"footnotes":""},"categories":[1,50],"tags":[],"class_list":["post-91120","post","type-post","status-publish","format-standard","hentry","category-startseite","category-kirche"],"_links":{"self":[{"href":"https:\/\/www.fuldaernachrichten.de\/index.php?rest_route=\/wp\/v2\/posts\/91120","targetHints":{"allow":["GET"]}}],"collection":[{"href":"https:\/\/www.fuldaernachrichten.de\/index.php?rest_route=\/wp\/v2\/posts"}],"about":[{"href":"https:\/\/www.fuldaernachrichten.de\/index.php?rest_route=\/wp\/v2\/types\/post"}],"author":[{"embeddable":true,"href":"https:\/\/www.fuldaernachrichten.de\/index.php?rest_route=\/wp\/v2\/users\/1"}],"replies":[{"embeddable":true,"href":"https:\/\/www.fuldaernachrichten.de\/index.php?rest_route=%2Fwp%2Fv2%2Fcomments&post=91120"}],"version-history":[{"count":0,"href":"https:\/\/www.fuldaernachrichten.de\/index.php?rest_route=\/wp\/v2\/posts\/91120\/revisions"}],"wp:attachment":[{"href":"https:\/\/www.fuldaernachrichten.de\/index.php?rest_route=%2Fwp%2Fv2%2Fmedia&parent=91120"}],"wp:term":[{"taxonomy":"category","embeddable":true,"href":"https:\/\/www.fuldaernachrichten.de\/index.php?rest_route=%2Fwp%2Fv2%2Fcategories&post=91120"},{"taxonomy":"post_tag","embeddable":true,"href":"https:\/\/www.fuldaernachrichten.de\/index.php?rest_route=%2Fwp%2Fv2%2Ftags&post=91120"}],"curies":[{"name":"wp","href":"https:\/\/api.w.org\/{rel}","templated":true}]}}