{"id":911,"date":"2007-01-24T00:02:37","date_gmt":"2007-01-23T23:02:37","guid":{"rendered":"http:\/\/www.schoene-nachrichten.de\/?p=911"},"modified":"2007-01-22T14:57:33","modified_gmt":"2007-01-22T13:57:33","slug":"22-operationskurs-fur-endonasale-chirurgie-am-klinikum","status":"publish","type":"post","link":"https:\/\/www.fuldaernachrichten.de\/?p=911","title":{"rendered":"22. Operationskurs f\u00fcr endonasale Chirurgie am Klinikum"},"content":{"rendered":"<p><strong>Sch\u00f6nes aus Fulda.<\/strong> Vom 25.-27. Januar findet an der Klinik f\u00fcr Hals-Nasen-Ohrenkrankheiten, Kopf-, Hals- und Plastische Gesichtschirurgie der 22. Operationskurs f\u00fcr endonasale Chirurgie der Nase und der Nasennebenh\u00f6hlen statt.\u00c2\u00a0Dieses Jahr wird der 22. Operationskurs unter der Leitung von Prof. Dr. med. Konrad Schwager, Direktor der HNO-Klinik, abgehalten.<\/p>\n<p>\u00c2\u00a0<\/p>\n<p><!--more-->Ziel des Kurses ist es, sichere Techniken f\u00fcr die Problemstellungen der entz\u00fcndlichen Nasennebenh\u00f6hlenerkrankungen zu vermitteln, hei\u00dft es in einer Pressemitteilung des Klinikums. \u201eDar\u00fcber hinaus ist der Kurs auch eine Plattform f\u00fcr Austausch und Diskussion mit anderen, die Nasennebenh\u00f6hlenchirurgie pr\u00e4genden, Schulen,\u201c so Schwager.\u00c2\u00a0<\/p>\n<p>\u00c2\u00a0<\/p>\n<p>Der Kurs lebe in erster Linie von den Operations\u00fcbertragungen in den H\u00f6rsaal.\u00c2\u00a0Dar\u00fcber hinaus gebe es\u00c2\u00a0eine Vielzahl von klinisch-wissenschaftlichen Vortr\u00e4gen anerkannter in- und ausl\u00e4ndischer Referenten. Mit einem Empfang im Stadtschloss durch Oberb\u00fcrgermeister Gerhard M\u00f6ller sowie einem Orgelkonzert im Dom zu Fulda mit Professor Hans-J\u00fcrgen Kaiser\u00c2\u00a0haben die Kursteilnehmer auch Gelegenheit, die kulturellen Aspekte der Stadt Fulda kennenzulernen.<\/p>\n","protected":false},"excerpt":{"rendered":"<div class=\"tmnf_excerpt\"><p>Sch\u00f6nes aus Fulda. Vom 25.-27. Januar findet an der Klinik f\u00fcr Hals-Nasen-Ohrenkrankheiten, Kopf-, Hals- und Plastische Gesichtschirurgie der 22. Operationskurs f\u00fcr endonasale Chirurgie der Nase und der Nasennebenh\u00f6hlen statt.\u00c2\u00a0Dieses Jahr wird der 22. Operationskurs unter der Leitung von Prof. Dr. med. Konrad Schwager, Direktor der HNO-Klinik, abgehalten. \u00c2\u00a0<\/p>\n<\/div>","protected":false},"author":1,"featured_media":0,"comment_status":"closed","ping_status":"closed","sticky":false,"template":"","format":"standard","meta":{"footnotes":""},"categories":[1,53,51],"tags":[],"class_list":["post-911","post","type-post","status-publish","format-standard","hentry","category-startseite","category-bildung","category-medizin"],"_links":{"self":[{"href":"https:\/\/www.fuldaernachrichten.de\/index.php?rest_route=\/wp\/v2\/posts\/911","targetHints":{"allow":["GET"]}}],"collection":[{"href":"https:\/\/www.fuldaernachrichten.de\/index.php?rest_route=\/wp\/v2\/posts"}],"about":[{"href":"https:\/\/www.fuldaernachrichten.de\/index.php?rest_route=\/wp\/v2\/types\/post"}],"author":[{"embeddable":true,"href":"https:\/\/www.fuldaernachrichten.de\/index.php?rest_route=\/wp\/v2\/users\/1"}],"replies":[{"embeddable":true,"href":"https:\/\/www.fuldaernachrichten.de\/index.php?rest_route=%2Fwp%2Fv2%2Fcomments&post=911"}],"version-history":[{"count":0,"href":"https:\/\/www.fuldaernachrichten.de\/index.php?rest_route=\/wp\/v2\/posts\/911\/revisions"}],"wp:attachment":[{"href":"https:\/\/www.fuldaernachrichten.de\/index.php?rest_route=%2Fwp%2Fv2%2Fmedia&parent=911"}],"wp:term":[{"taxonomy":"category","embeddable":true,"href":"https:\/\/www.fuldaernachrichten.de\/index.php?rest_route=%2Fwp%2Fv2%2Fcategories&post=911"},{"taxonomy":"post_tag","embeddable":true,"href":"https:\/\/www.fuldaernachrichten.de\/index.php?rest_route=%2Fwp%2Fv2%2Ftags&post=911"}],"curies":[{"name":"wp","href":"https:\/\/api.w.org\/{rel}","templated":true}]}}