{"id":91078,"date":"2011-09-28T00:10:01","date_gmt":"2011-09-28T00:10:01","guid":{"rendered":"http:\/\/www.fuldaer-nachrichten.de\/?p=91078"},"modified":"2011-09-27T17:44:36","modified_gmt":"2011-09-27T17:44:36","slug":"malteser-machen-am-tag-des-alteren-menschen-aufmerksam-deutschland-wird-alter-und-einsamer","status":"publish","type":"post","link":"https:\/\/www.fuldaernachrichten.de\/?p=91078","title":{"rendered":"Malteser machen am Tag des \u00e4lteren Menschen aufmerksam: \u201eDeutschland wird \u00e4lter \u2013 und einsamer\u201c"},"content":{"rendered":"<p><strong>Fulda.<\/strong> Die Deutschen werden immer \u00e4lter. Schon 2050 wird jeder Dritte \u00fcber 65 Jahre alt sein, prognostiziert das Bundesministerium des Inneren. \u201eMit dem Altersdurchschnitt steigt auch die Gefahr der Vereinsamung von Senioren\u201c, warnt Thomas Peffermann von den Maltesern in Fulda am \u201einternationalen Tag des \u00e4lteren Menschen\u201c am 1. Oktober 2011. \u201eWir erleben die Einsamkeit der alten Menschen t\u00e4glich in unseren Diensten\u201c, berichtet Peffermann. \u201eSenioren leben alleine, fern von Familie, Freunden und Verwandten. Die sozialen Kontakte beschr\u00e4nken sich auf Eink\u00e4ufe oder zuf\u00e4llige Begegnungen im Treppenhaus.\u201c Wem es so ergeht, hat dabei oftmals noch Gl\u00fcck. \u201eEs gibt gen\u00fcgend Senioren, die nicht mehr alleine einkaufen k\u00f6nnen, die ans Bett oder den Rollstuhl gefesselt sind und deren einziger sozialer Kontakt der Pflegedienst ist.\u201c<!--more--><\/p>\n<p>Mit ihren Hilfsangeboten wie dem ehrenamtlichen Besuchs- und Begleitungsdienst oder der Demenzbetreuung, dem Hausnotruf, Men\u00fcservice oder Fahrdienst m\u00f6chten die Malteser Fulda Senioren aus ihrer Einsamkeit herausholen und ihnen ein langes und selbstbestimmtes Leben in den eigenen vier W\u00e4nden erm\u00f6glichen. \u201eEs ist ein gro\u00dfes Geschenk, zuhause alt zu werden. Und niemand sollte sich scheuen, Unterst\u00fctzung in Anspruch zu nehmen, wenn er nicht mehr alleine einkaufen gehen kann oder die Kinder so weit weg wohnen, dass sie nicht zum sonnt\u00e4glichen Kaffeetrinken vorbei kommen\u201c, sagt Peffermann. Die Malteser sind bei ihrer Arbeit auf ehrenamtliche Mitarbeit und Spenden angewiesen.\u00c2\u00a0 Informationen erteilt Thomas Peffermann von den Maltesern, 0661\/86977-0 oder per info@malteser-fulda.de. Spendenkonto 400670020, BLZ 37060193 bei der Pax Bank e.G. (tg)<\/p>\n","protected":false},"excerpt":{"rendered":"<div class=\"tmnf_excerpt\"><p>Fulda. Die Deutschen werden immer \u00e4lter. Schon 2050 wird jeder Dritte \u00fcber 65 Jahre alt sein, prognostiziert das Bundesministerium des Inneren. \u201eMit dem Altersdurchschnitt steigt auch die Gefahr der Vereinsamung von Senioren\u201c, warnt Thomas Peffermann von den Maltesern in Fulda am \u201einternationalen Tag des \u00e4lteren Menschen\u201c am 1. Oktober 2011. \u201eWir erleben die Einsamkeit der &hellip;<\/p>\n<\/div>","protected":false},"author":1,"featured_media":0,"comment_status":"closed","ping_status":"closed","sticky":false,"template":"","format":"standard","meta":{"footnotes":""},"categories":[1],"tags":[],"class_list":["post-91078","post","type-post","status-publish","format-standard","hentry","category-startseite"],"_links":{"self":[{"href":"https:\/\/www.fuldaernachrichten.de\/index.php?rest_route=\/wp\/v2\/posts\/91078","targetHints":{"allow":["GET"]}}],"collection":[{"href":"https:\/\/www.fuldaernachrichten.de\/index.php?rest_route=\/wp\/v2\/posts"}],"about":[{"href":"https:\/\/www.fuldaernachrichten.de\/index.php?rest_route=\/wp\/v2\/types\/post"}],"author":[{"embeddable":true,"href":"https:\/\/www.fuldaernachrichten.de\/index.php?rest_route=\/wp\/v2\/users\/1"}],"replies":[{"embeddable":true,"href":"https:\/\/www.fuldaernachrichten.de\/index.php?rest_route=%2Fwp%2Fv2%2Fcomments&post=91078"}],"version-history":[{"count":0,"href":"https:\/\/www.fuldaernachrichten.de\/index.php?rest_route=\/wp\/v2\/posts\/91078\/revisions"}],"wp:attachment":[{"href":"https:\/\/www.fuldaernachrichten.de\/index.php?rest_route=%2Fwp%2Fv2%2Fmedia&parent=91078"}],"wp:term":[{"taxonomy":"category","embeddable":true,"href":"https:\/\/www.fuldaernachrichten.de\/index.php?rest_route=%2Fwp%2Fv2%2Fcategories&post=91078"},{"taxonomy":"post_tag","embeddable":true,"href":"https:\/\/www.fuldaernachrichten.de\/index.php?rest_route=%2Fwp%2Fv2%2Ftags&post=91078"}],"curies":[{"name":"wp","href":"https:\/\/api.w.org\/{rel}","templated":true}]}}