{"id":91035,"date":"2011-09-28T00:10:25","date_gmt":"2011-09-28T00:10:25","guid":{"rendered":"http:\/\/www.fuldaer-nachrichten.de\/?p=91035"},"modified":"2011-09-27T17:46:12","modified_gmt":"2011-09-27T17:46:12","slug":"tagesfahrt-der-vhs-nach-eisenach-2","status":"publish","type":"post","link":"https:\/\/www.fuldaernachrichten.de\/?p=91035","title":{"rendered":"Tagesfahrt der VHS nach Eisenach"},"content":{"rendered":"<p><strong><a href=\"http:\/\/www.fuldaer-nachrichten.de\/wp-content\/uploads\/2011\/09\/110926_Eisenach.jpg\"><img fetchpriority=\"high\" decoding=\"async\" class=\"alignleft size-thumbnail wp-image-91036\" title=\"110926_Eisenach\" src=\"http:\/\/www.fuldaer-nachrichten.de\/wp-content\/uploads\/2011\/09\/110926_Eisenach-265x198.jpg\" alt=\"\" width=\"265\" height=\"198\" srcset=\"https:\/\/www.fuldaernachrichten.de\/wp-content\/uploads\/2011\/09\/110926_Eisenach-265x198.jpg 265w, https:\/\/www.fuldaernachrichten.de\/wp-content\/uploads\/2011\/09\/110926_Eisenach.jpg 592w\" sizes=\"(max-width: 265px) 100vw, 265px\" \/><\/a>Fulda.<\/strong> Am Donnerstag, 6. Oktober, bietet die Volkshochschule der Stadt Fulda im Rahmen der Reihe \u201eKreuz und quer durchs Heimatland\u201c eine Fahrt nach Eisenach, der Geburtsstadt von Johann Sebastian Bach an. Wir fahren mit dem Zug nach Eisenach und besichtigen die Wartburg, die seit 1999 zu den UNESCO-Welterbest\u00e4tten der Menschheit z\u00e4hlt. An diesem historischen Ort \u00fcbersetzte Martin Luther das Neue Testament. Neben Wartburg, Bach- und Lutherhaus bietet Eisenach auch eine gem\u00fctliche Altstadt, in der wir anschlie\u00dfend noch etwas bummeln k\u00f6nnen. <!--more--><\/p>\n<p>Genie\u00dfen Sie die liebenswerte Atmosph\u00e4re Eisenachs in den engen Gassen und auf sch\u00f6nen Pl\u00e4tzen. Die Teilnehmer treffen sich um 8.00 Uhr am Informationszentrum am Bahnhof und werden gegen 19.00 Uhr wieder in Fulda eintreffen. Im Preis von 20 Euro sind die Fahrt und der Eintritt in die Wartburg enthalten. Zur Planung ist eine vorherige Anmeldung in der Gesch\u00e4ftsstelle der Volkshochschule in der Goethestra\u00dfe oder unter Telefon 0661-102-14 77, erforderlich.<\/p>\n","protected":false},"excerpt":{"rendered":"<div class=\"tmnf_excerpt\"><p>Fulda. Am Donnerstag, 6. Oktober, bietet die Volkshochschule der Stadt Fulda im Rahmen der Reihe \u201eKreuz und quer durchs Heimatland\u201c eine Fahrt nach Eisenach, der Geburtsstadt von Johann Sebastian Bach an. Wir fahren mit dem Zug nach Eisenach und besichtigen die Wartburg, die seit 1999 zu den UNESCO-Welterbest\u00e4tten der Menschheit z\u00e4hlt. An diesem historischen Ort &hellip;<\/p>\n<\/div>","protected":false},"author":1,"featured_media":0,"comment_status":"closed","ping_status":"closed","sticky":false,"template":"","format":"standard","meta":{"footnotes":""},"categories":[1],"tags":[],"class_list":["post-91035","post","type-post","status-publish","format-standard","hentry","category-startseite"],"_links":{"self":[{"href":"https:\/\/www.fuldaernachrichten.de\/index.php?rest_route=\/wp\/v2\/posts\/91035","targetHints":{"allow":["GET"]}}],"collection":[{"href":"https:\/\/www.fuldaernachrichten.de\/index.php?rest_route=\/wp\/v2\/posts"}],"about":[{"href":"https:\/\/www.fuldaernachrichten.de\/index.php?rest_route=\/wp\/v2\/types\/post"}],"author":[{"embeddable":true,"href":"https:\/\/www.fuldaernachrichten.de\/index.php?rest_route=\/wp\/v2\/users\/1"}],"replies":[{"embeddable":true,"href":"https:\/\/www.fuldaernachrichten.de\/index.php?rest_route=%2Fwp%2Fv2%2Fcomments&post=91035"}],"version-history":[{"count":0,"href":"https:\/\/www.fuldaernachrichten.de\/index.php?rest_route=\/wp\/v2\/posts\/91035\/revisions"}],"wp:attachment":[{"href":"https:\/\/www.fuldaernachrichten.de\/index.php?rest_route=%2Fwp%2Fv2%2Fmedia&parent=91035"}],"wp:term":[{"taxonomy":"category","embeddable":true,"href":"https:\/\/www.fuldaernachrichten.de\/index.php?rest_route=%2Fwp%2Fv2%2Fcategories&post=91035"},{"taxonomy":"post_tag","embeddable":true,"href":"https:\/\/www.fuldaernachrichten.de\/index.php?rest_route=%2Fwp%2Fv2%2Ftags&post=91035"}],"curies":[{"name":"wp","href":"https:\/\/api.w.org\/{rel}","templated":true}]}}