{"id":91027,"date":"2011-09-26T00:08:30","date_gmt":"2011-09-26T00:08:30","guid":{"rendered":"http:\/\/www.fuldaer-nachrichten.de\/?p=91027"},"modified":"2011-09-26T07:43:38","modified_gmt":"2011-09-26T07:43:38","slug":"106-mal-die-leistungsspange-verliehen","status":"publish","type":"post","link":"https:\/\/www.fuldaernachrichten.de\/?p=91027","title":{"rendered":"106 Mal die Leistungsspange verliehen"},"content":{"rendered":"<p><strong><a href=\"http:\/\/www.fuldaer-nachrichten.de\/wp-content\/uploads\/2011\/09\/110926_Leistungsspange_004.jpg\"><img decoding=\"async\" class=\"alignleft size-thumbnail wp-image-91028\" title=\"110926_Leistungsspange_004\" src=\"http:\/\/www.fuldaer-nachrichten.de\/wp-content\/uploads\/2011\/09\/110926_Leistungsspange_004-265x176.jpg\" alt=\"\" width=\"265\" height=\"176\" srcset=\"https:\/\/www.fuldaernachrichten.de\/wp-content\/uploads\/2011\/09\/110926_Leistungsspange_004-265x176.jpg 265w, https:\/\/www.fuldaernachrichten.de\/wp-content\/uploads\/2011\/09\/110926_Leistungsspange_004.jpg 592w\" sizes=\"(max-width: 265px) 100vw, 265px\" \/><\/a>Vogelsbergkreis.<\/strong> 106 Mal konnte am Sonntag das h\u00f6chste Leistungsabzeichen der Deutschen Jugendfeuerwehr in Maulbach verliehen werden. 78 Jungen und 28 M\u00e4dchen stellten sich erfolgreich den f\u00fcnf Aufgaben der Abnahmepr\u00fcfung. Die f\u00fcnf Aufgaben gliederten sich in eine Schnelligkeits\u00fcbung, einen Staffellauf, einen L\u00f6schangriff, Kugelsto\u00dfen und feuerwehrtechnische Fragen. Bei der Schnelligkeits\u00fcbung mussten die Jugendlichen innerhalb von 75 Sekunden eine \u00fcber 150 Meter lange Schlauchleitung auslegen. Eine Strecke von mindestens 55 Metern mussten die Jugendfeuerwehren mit einigen Kilogramm schweren Kugeln bei dem Kugelsto\u00dfen in der Gruppe meistern. Bei dem L\u00f6schangriff galt es nach Feuerwehrdienstvorschrift zu handeln, w\u00e4hrend genau 1500 Meter bei dem Staffellauf bew\u00e4ltigt werden mussten. Die feuerwehrtechnischen Fragen forderten nicht nur das Fachwissen \u00fcber L\u00f6schmittel, L\u00f6schverfahren und Ger\u00e4te, sondern auch \u00fcber Jugendpolitik und Unfallverh\u00fctung.<!--more--><\/p>\n<p><a href=\"http:\/\/www.fuldaer-nachrichten.de\/wp-content\/uploads\/2011\/09\/110926_Leistungsspange_001.jpg\"><img decoding=\"async\" class=\"alignnone size-thumbnail wp-image-91029\" title=\"110926_Leistungsspange_001\" src=\"http:\/\/www.fuldaer-nachrichten.de\/wp-content\/uploads\/2011\/09\/110926_Leistungsspange_001-265x176.jpg\" alt=\"\" width=\"265\" height=\"176\" srcset=\"https:\/\/www.fuldaernachrichten.de\/wp-content\/uploads\/2011\/09\/110926_Leistungsspange_001-265x176.jpg 265w, https:\/\/www.fuldaernachrichten.de\/wp-content\/uploads\/2011\/09\/110926_Leistungsspange_001.jpg 592w\" sizes=\"(max-width: 265px) 100vw, 265px\" \/><\/a> <a href=\"http:\/\/www.fuldaer-nachrichten.de\/wp-content\/uploads\/2011\/09\/110926_Leistungsspange_005.jpg\"><img decoding=\"async\" class=\"alignnone size-thumbnail wp-image-91030\" title=\"110926_Leistungsspange_005\" src=\"http:\/\/www.fuldaer-nachrichten.de\/wp-content\/uploads\/2011\/09\/110926_Leistungsspange_005-265x176.jpg\" alt=\"\" width=\"265\" height=\"176\" srcset=\"https:\/\/www.fuldaernachrichten.de\/wp-content\/uploads\/2011\/09\/110926_Leistungsspange_005-265x176.jpg 265w, https:\/\/www.fuldaernachrichten.de\/wp-content\/uploads\/2011\/09\/110926_Leistungsspange_005.jpg 592w\" sizes=\"(max-width: 265px) 100vw, 265px\" \/><\/a><\/p>\n<p>Rund f\u00fcnf Stunden wurden die f\u00fcnfzehn Jugendfeuerwehren in den f\u00fcnf Aufgaben von Wertungsrichtern gepr\u00fcft. Die beiden Abnahmeberechtigten der Leistungsspange Udo Lind aus Korbach und Thorsten Vekens aus Nieder-Bessingen best\u00e4tigten allen M\u00e4dchen und Jungen die k\u00f6rperlichen und geistigen Anforderungen f\u00fcr das Leistungsabzeichen. Die Verleihung der 106 Leistungsspangen wurde durch den ersten Homberger Stadtrat Michael Rotter, den Homberger Stadtbrandinspektor Kreisbrandmeister Peter Pfeil, Kreisjugendfeuerwehrwart Stefan Preu\u00df, Leistungsspangenfachbereichsleiter Gerald Morneweg und die Abnahmeberechtigten Udo Lind und Thorsten Vekens vorgenommen.<\/p>\n<p><a href=\"http:\/\/www.fuldaer-nachrichten.de\/wp-content\/uploads\/2011\/09\/110926_Leistungsspange_002.jpg\"><img loading=\"lazy\" decoding=\"async\" class=\"alignnone size-thumbnail wp-image-91031\" title=\"110926_Leistungsspange_002\" src=\"http:\/\/www.fuldaer-nachrichten.de\/wp-content\/uploads\/2011\/09\/110926_Leistungsspange_002-265x176.jpg\" alt=\"\" width=\"265\" height=\"176\" srcset=\"https:\/\/www.fuldaernachrichten.de\/wp-content\/uploads\/2011\/09\/110926_Leistungsspange_002-265x176.jpg 265w, https:\/\/www.fuldaernachrichten.de\/wp-content\/uploads\/2011\/09\/110926_Leistungsspange_002.jpg 592w\" sizes=\"(max-width: 265px) 100vw, 265px\" \/><\/a> <a href=\"http:\/\/www.fuldaer-nachrichten.de\/wp-content\/uploads\/2011\/09\/110926_Leistungsspange_003.jpg\"><img loading=\"lazy\" decoding=\"async\" class=\"alignnone size-thumbnail wp-image-91032\" title=\"110926_Leistungsspange_003\" src=\"http:\/\/www.fuldaer-nachrichten.de\/wp-content\/uploads\/2011\/09\/110926_Leistungsspange_003-265x176.jpg\" alt=\"\" width=\"265\" height=\"176\" srcset=\"https:\/\/www.fuldaernachrichten.de\/wp-content\/uploads\/2011\/09\/110926_Leistungsspange_003-265x176.jpg 265w, https:\/\/www.fuldaernachrichten.de\/wp-content\/uploads\/2011\/09\/110926_Leistungsspange_003.jpg 592w\" sizes=\"(max-width: 265px) 100vw, 265px\" \/><\/a><\/p>\n<p><a href=\"http:\/\/www.fuldaer-nachrichten.de\/wp-content\/uploads\/2011\/09\/110926_Leistungsspange_007.jpg\"><img loading=\"lazy\" decoding=\"async\" class=\"alignnone size-thumbnail wp-image-91033\" title=\"110926_Leistungsspange_007\" src=\"http:\/\/www.fuldaer-nachrichten.de\/wp-content\/uploads\/2011\/09\/110926_Leistungsspange_007-265x176.jpg\" alt=\"\" width=\"265\" height=\"176\" srcset=\"https:\/\/www.fuldaernachrichten.de\/wp-content\/uploads\/2011\/09\/110926_Leistungsspange_007-265x176.jpg 265w, https:\/\/www.fuldaernachrichten.de\/wp-content\/uploads\/2011\/09\/110926_Leistungsspange_007.jpg 592w\" sizes=\"(max-width: 265px) 100vw, 265px\" \/><\/a> <a href=\"http:\/\/www.fuldaer-nachrichten.de\/wp-content\/uploads\/2011\/09\/110926_Leistungsspange_008.jpg\"><img loading=\"lazy\" decoding=\"async\" class=\"alignnone size-thumbnail wp-image-91034\" title=\"110926_Leistungsspange_008\" src=\"http:\/\/www.fuldaer-nachrichten.de\/wp-content\/uploads\/2011\/09\/110926_Leistungsspange_008-265x176.jpg\" alt=\"\" width=\"265\" height=\"176\" srcset=\"https:\/\/www.fuldaernachrichten.de\/wp-content\/uploads\/2011\/09\/110926_Leistungsspange_008-265x176.jpg 265w, https:\/\/www.fuldaernachrichten.de\/wp-content\/uploads\/2011\/09\/110926_Leistungsspange_008.jpg 592w\" sizes=\"(max-width: 265px) 100vw, 265px\" \/><\/a><\/p>\n<p>&nbsp;<\/p>\n","protected":false},"excerpt":{"rendered":"<div class=\"tmnf_excerpt\"><p>Vogelsbergkreis. 106 Mal konnte am Sonntag das h\u00f6chste Leistungsabzeichen der Deutschen Jugendfeuerwehr in Maulbach verliehen werden. 78 Jungen und 28 M\u00e4dchen stellten sich erfolgreich den f\u00fcnf Aufgaben der Abnahmepr\u00fcfung. Die f\u00fcnf Aufgaben gliederten sich in eine Schnelligkeits\u00fcbung, einen Staffellauf, einen L\u00f6schangriff, Kugelsto\u00dfen und feuerwehrtechnische Fragen. Bei der Schnelligkeits\u00fcbung mussten die Jugendlichen innerhalb von 75 Sekunden &hellip;<\/p>\n<\/div>","protected":false},"author":1,"featured_media":0,"comment_status":"closed","ping_status":"closed","sticky":false,"template":"","format":"standard","meta":{"footnotes":""},"categories":[1,71],"tags":[],"class_list":["post-91027","post","type-post","status-publish","format-standard","hentry","category-startseite","category-feuerwehr"],"_links":{"self":[{"href":"https:\/\/www.fuldaernachrichten.de\/index.php?rest_route=\/wp\/v2\/posts\/91027","targetHints":{"allow":["GET"]}}],"collection":[{"href":"https:\/\/www.fuldaernachrichten.de\/index.php?rest_route=\/wp\/v2\/posts"}],"about":[{"href":"https:\/\/www.fuldaernachrichten.de\/index.php?rest_route=\/wp\/v2\/types\/post"}],"author":[{"embeddable":true,"href":"https:\/\/www.fuldaernachrichten.de\/index.php?rest_route=\/wp\/v2\/users\/1"}],"replies":[{"embeddable":true,"href":"https:\/\/www.fuldaernachrichten.de\/index.php?rest_route=%2Fwp%2Fv2%2Fcomments&post=91027"}],"version-history":[{"count":0,"href":"https:\/\/www.fuldaernachrichten.de\/index.php?rest_route=\/wp\/v2\/posts\/91027\/revisions"}],"wp:attachment":[{"href":"https:\/\/www.fuldaernachrichten.de\/index.php?rest_route=%2Fwp%2Fv2%2Fmedia&parent=91027"}],"wp:term":[{"taxonomy":"category","embeddable":true,"href":"https:\/\/www.fuldaernachrichten.de\/index.php?rest_route=%2Fwp%2Fv2%2Fcategories&post=91027"},{"taxonomy":"post_tag","embeddable":true,"href":"https:\/\/www.fuldaernachrichten.de\/index.php?rest_route=%2Fwp%2Fv2%2Ftags&post=91027"}],"curies":[{"name":"wp","href":"https:\/\/api.w.org\/{rel}","templated":true}]}}