{"id":9096,"date":"2008-05-04T00:21:48","date_gmt":"2008-05-03T22:21:48","guid":{"rendered":"http:\/\/www.schoene-nachrichten.de\/?p=9096"},"modified":"2009-05-03T16:08:32","modified_gmt":"2009-05-03T14:08:32","slug":"heilige-des-tages-heute-heiliger-florian","status":"publish","type":"post","link":"https:\/\/www.fuldaernachrichten.de\/?p=9096","title":{"rendered":"&#8220;Heilige des Tages&#8221; &#8211; heute: Heiliger Florian"},"content":{"rendered":"<p><img decoding=\"async\" src=\"http:\/\/www.schoene-nachrichten.de\/wp-content\/uploads\/2007\/07\/070704_bistum1.jpg\" alt=\"070704_bistum1.jpg\" hspace=\"5\" align=\"left\" \/><strong>Serie. <\/strong>Am 04. Mai ist der Namenstag des Heiligen Florian. Der Name kommt aus dem Lateinischen und bedeutet: \u201eDer Bl\u00fchende\u201c. Florian wurde in der N\u00e4he von Wien geboren und lebte als r\u00f6mischer Beamter in St. P\u00f6lten. Als unter Kaiser Diokletian erneut die Christenverfolgung ausbrach, erging der Befehl, die Christen aufzusp\u00fcren und gefangen zu nehmen.<\/p>\n<p><strong>Flash-Video ansehen:<\/strong><\/p>\n<p><!--more-->[flv:080504_Bistum.flv wp-content\/uploads\/2008\/03\/080314_Bistum.jpg 400 300]<\/p>\n<p>Da die Christen in wahrem Glauben standhaft blieben, wurden sie eingekerkert und warteten auf den sicheren Tod. Florian, der Christ, h\u00f6rte von dieser Situation und lie\u00df sich von Soldaten zum Statthalter f\u00fchren, um f\u00fcr die Freilassung der Gefangenen zu bitten. Aquilinus jedoch lie\u00df auch ihn festnehmen, da er nicht gewillt war, dem Christentum abzuschw\u00f6ren.<\/p>\n<p>Florian lie\u00df ihn wissen, dass er bereit sei, jede Qual f\u00fcr Christus zu leiden. Er wurde gefoltert und starb den Martertod um das Jahr 304 in dem heutigen Lorch an der Enns in \u00d6sterreich. Der Heilige Florian soll in seiner Jugend ein brennendes Haus durch sein Gebet gerettet haben. \u00dcber der Grabst\u00e4tte des Heiligen Florian wurde eine Kapelle gebaut, die sich zu dem Stift der Augustiner-Chorherren St. Florian bei Linz entwickelte. Der Heilige Florian ist der Patron von Ober\u00f6sterreich, Bologna, Krakau und St. Florian bei Linz sowie der Feuerwehr und vieler Berufsgruppen. Er ist der erste \u00f6sterreichische M\u00e4rtyrer und Heilige und einer der 14 Nothelfer.<\/p>\n","protected":false},"excerpt":{"rendered":"<div class=\"tmnf_excerpt\"><p>Serie. Am 04. Mai ist der Namenstag des Heiligen Florian. Der Name kommt aus dem Lateinischen und bedeutet: \u201eDer Bl\u00fchende\u201c. Florian wurde in der N\u00e4he von Wien geboren und lebte als r\u00f6mischer Beamter in St. P\u00f6lten. Als unter Kaiser Diokletian erneut die Christenverfolgung ausbrach, erging der Befehl, die Christen aufzusp\u00fcren und gefangen zu nehmen. Flash-Video &hellip;<\/p>\n<\/div>","protected":false},"author":1,"featured_media":0,"comment_status":"closed","ping_status":"closed","sticky":false,"template":"","format":"standard","meta":{"footnotes":""},"categories":[1,79,50],"tags":[],"class_list":["post-9096","post","type-post","status-publish","format-standard","hentry","category-startseite","category-kino","category-kirche"],"_links":{"self":[{"href":"https:\/\/www.fuldaernachrichten.de\/index.php?rest_route=\/wp\/v2\/posts\/9096","targetHints":{"allow":["GET"]}}],"collection":[{"href":"https:\/\/www.fuldaernachrichten.de\/index.php?rest_route=\/wp\/v2\/posts"}],"about":[{"href":"https:\/\/www.fuldaernachrichten.de\/index.php?rest_route=\/wp\/v2\/types\/post"}],"author":[{"embeddable":true,"href":"https:\/\/www.fuldaernachrichten.de\/index.php?rest_route=\/wp\/v2\/users\/1"}],"replies":[{"embeddable":true,"href":"https:\/\/www.fuldaernachrichten.de\/index.php?rest_route=%2Fwp%2Fv2%2Fcomments&post=9096"}],"version-history":[{"count":2,"href":"https:\/\/www.fuldaernachrichten.de\/index.php?rest_route=\/wp\/v2\/posts\/9096\/revisions"}],"predecessor-version":[{"id":27706,"href":"https:\/\/www.fuldaernachrichten.de\/index.php?rest_route=\/wp\/v2\/posts\/9096\/revisions\/27706"}],"wp:attachment":[{"href":"https:\/\/www.fuldaernachrichten.de\/index.php?rest_route=%2Fwp%2Fv2%2Fmedia&parent=9096"}],"wp:term":[{"taxonomy":"category","embeddable":true,"href":"https:\/\/www.fuldaernachrichten.de\/index.php?rest_route=%2Fwp%2Fv2%2Fcategories&post=9096"},{"taxonomy":"post_tag","embeddable":true,"href":"https:\/\/www.fuldaernachrichten.de\/index.php?rest_route=%2Fwp%2Fv2%2Ftags&post=9096"}],"curies":[{"name":"wp","href":"https:\/\/api.w.org\/{rel}","templated":true}]}}