{"id":9094,"date":"2008-05-02T16:53:44","date_gmt":"2008-05-02T14:53:44","guid":{"rendered":"http:\/\/www.schoene-nachrichten.de\/?p=9094"},"modified":"2009-05-03T16:11:42","modified_gmt":"2009-05-03T14:11:42","slug":"heilige-des-tages-heute-heiliger-athanasius","status":"publish","type":"post","link":"https:\/\/www.fuldaernachrichten.de\/?p=9094","title":{"rendered":"&#8220;Heilige des Tages&#8221; &#8211; heute: Heiliger Athanasius"},"content":{"rendered":"<p><img decoding=\"async\" src=\"http:\/\/www.schoene-nachrichten.de\/wp-content\/uploads\/2007\/07\/070704_bistum1.jpg\" alt=\"070704_bistum1.jpg\" hspace=\"5\" align=\"left\" \/><strong>Serie. <\/strong>Am 02. Mai ist der Gedenktag des Hl. Athanasius.Der Name kommt aus dem Griechischen und bedeutet: \u201eDer Unsterbliche\u201c.Er wurde um das Jahr 295 in Alexandria in \u00c4gypten geboren. Schon in jungen Jahren wurde er im Hause des Bischofs Alexander erzogen und diente ihm als Diakon.<\/p>\n<p><strong>Flash-Video ansehen:<\/strong><\/p>\n<p><!--more-->[flv:080502_Bistum.flv wp-content\/uploads\/2008\/03\/080314_Bistum.jpg 400 300]<\/p>\n<p>Nach dessen Tod wurde er auf Wunsch des Klerus und des Volkes sein Nachfolger.Das Glaubensbekenntnis von Nic\u00e4a wurde zum Bekenntnis seines Lebens. Unerm\u00fcdlich verteidigte er die Gottheit Christi gegen die Irrlehre des Arius.Sein ganzes Leben stand im Kampf um die rechte Lehre.<\/p>\n<p>Athanasius hatte nicht nur Freunde. Durch seine Verleumder wurde er unter Kaiser Konstantin nach Trier verbannt.Nach dem Tode Konstantins kehrte er in seine Heimat zur\u00fcck, wurde jedoch wieder verbannt und ging nach Rom, wo er Unterst\u00fctzung von Papst Julius I bekam.Athanasius hatte unter 5 Kaisern einen schweren Kampf um den wahren Glauben zu f\u00fchren.<\/p>\n<p>5 Mal wurde er verbannt, 17 Jahre musste er im Exil leben. Als Fl\u00fcchtling durchzog er das Abendland von Trier bis Rom.Der Bischof Athanasius ist einer der ber\u00fchmtesten Kirchenlehrer gewesen und erhielt den Beinamen \u201eder Gro\u00dfe\u201c.Durch seinen Kampf, Mut und seine Standhaftigkeit war die Kraft des Arianismus gebrochen und die Kirche neu geeint.Reliquien von ihm befinden sich in der Kirche St. Croa in Venedig.<\/p>\n","protected":false},"excerpt":{"rendered":"<div class=\"tmnf_excerpt\"><p>Serie. Am 02. Mai ist der Gedenktag des Hl. Athanasius.Der Name kommt aus dem Griechischen und bedeutet: \u201eDer Unsterbliche\u201c.Er wurde um das Jahr 295 in Alexandria in \u00c4gypten geboren. Schon in jungen Jahren wurde er im Hause des Bischofs Alexander erzogen und diente ihm als Diakon. Flash-Video ansehen:<\/p>\n<\/div>","protected":false},"author":1,"featured_media":0,"comment_status":"closed","ping_status":"closed","sticky":false,"template":"","format":"standard","meta":{"footnotes":""},"categories":[1,79,50],"tags":[],"class_list":["post-9094","post","type-post","status-publish","format-standard","hentry","category-startseite","category-kino","category-kirche"],"_links":{"self":[{"href":"https:\/\/www.fuldaernachrichten.de\/index.php?rest_route=\/wp\/v2\/posts\/9094","targetHints":{"allow":["GET"]}}],"collection":[{"href":"https:\/\/www.fuldaernachrichten.de\/index.php?rest_route=\/wp\/v2\/posts"}],"about":[{"href":"https:\/\/www.fuldaernachrichten.de\/index.php?rest_route=\/wp\/v2\/types\/post"}],"author":[{"embeddable":true,"href":"https:\/\/www.fuldaernachrichten.de\/index.php?rest_route=\/wp\/v2\/users\/1"}],"replies":[{"embeddable":true,"href":"https:\/\/www.fuldaernachrichten.de\/index.php?rest_route=%2Fwp%2Fv2%2Fcomments&post=9094"}],"version-history":[{"count":2,"href":"https:\/\/www.fuldaernachrichten.de\/index.php?rest_route=\/wp\/v2\/posts\/9094\/revisions"}],"predecessor-version":[{"id":27710,"href":"https:\/\/www.fuldaernachrichten.de\/index.php?rest_route=\/wp\/v2\/posts\/9094\/revisions\/27710"}],"wp:attachment":[{"href":"https:\/\/www.fuldaernachrichten.de\/index.php?rest_route=%2Fwp%2Fv2%2Fmedia&parent=9094"}],"wp:term":[{"taxonomy":"category","embeddable":true,"href":"https:\/\/www.fuldaernachrichten.de\/index.php?rest_route=%2Fwp%2Fv2%2Fcategories&post=9094"},{"taxonomy":"post_tag","embeddable":true,"href":"https:\/\/www.fuldaernachrichten.de\/index.php?rest_route=%2Fwp%2Fv2%2Ftags&post=9094"}],"curies":[{"name":"wp","href":"https:\/\/api.w.org\/{rel}","templated":true}]}}