{"id":90799,"date":"2011-09-26T00:05:23","date_gmt":"2011-09-26T00:05:23","guid":{"rendered":"http:\/\/www.fuldaer-nachrichten.de\/?p=90799"},"modified":"2011-09-26T08:08:37","modified_gmt":"2011-09-26T08:08:37","slug":"fachstellen-kindertagespflege-feiern-gelungenes-sommerfest-die-kreisseiten-wunschkennzeichen-wunschkennzeichen-interaktive-karte-landkreis-fulda-landkarte-mitfahrzentrale","status":"publish","type":"post","link":"https:\/\/www.fuldaernachrichten.de\/?p=90799","title":{"rendered":"Fachstellen Kindertagespflege feiern gelungenes Sommerfest &#8211; Mitmachkonzert begeistert Gro\u00df und Klein"},"content":{"rendered":"<p><img decoding=\"async\" class=\"alignnone size-full wp-image-91042\" title=\"110920_Sommerfest4\" src=\"http:\/\/www.fuldaer-nachrichten.de\/wp-content\/uploads\/2011\/09\/110920_Sommerfest4.jpg\" alt=\"\" width=\"560\" srcset=\"https:\/\/www.fuldaernachrichten.de\/wp-content\/uploads\/2011\/09\/110920_Sommerfest4.jpg 592w, https:\/\/www.fuldaernachrichten.de\/wp-content\/uploads\/2011\/09\/110920_Sommerfest4-265x176.jpg 265w\" sizes=\"(max-width: 592px) 100vw, 592px\" \/><\/p>\n<p>Fulda. Sein Markenzeichen ist eine schwarze Melone, seine Lieder begeistern Gro\u00df und Klein: Kinderliedermacher Robert Metcalf gab sich bei sonnigem Sp\u00e4tsommerwetter im Fuldaer Schlosspark ein Stelldichein. Der Auftritt des 63-j\u00e4hrigen geb\u00fcrtigen Engl\u00e4nders, der seit fast 40 Jahren in Berlin lebt, war der H\u00f6hepunkt des diesj\u00e4hrigen gemeinsamen Sommerfests der Fachstellen Kindertagespflege des Landkreises und der Stadt Fulda.<\/p>\n<p><strong>Fotos (125):<\/strong> Marzena Traber<\/p>\n<p><a title=\"Foto: Marzena Traber\" href=\"http:\/\/www.fuldaer-nachrichten.de\/wp-content\/uploads\/2011\/09\/110919_Kindertagespflege_088.jpg\" rel=\"lightbox[roadtrip]\" target=\"_blank\"><img decoding=\"async\" src=\"http:\/\/www.fuldaer-nachrichten.de\/wp-content\/uploads\/2011\/09\/110919_Kindertagespflege_088.thumbnail.jpg\" alt=\"110919_Kindertagespflege_088.jpg\" width=\"265\" \/><\/a> <a title=\"Foto: Marzena Traber\" href=\"http:\/\/www.fuldaer-nachrichten.de\/wp-content\/uploads\/2011\/09\/110919_Kindertagespflege_110.jpg\" rel=\"lightbox[roadtrip]\" target=\"_blank\"><img decoding=\"async\" src=\"http:\/\/www.fuldaer-nachrichten.de\/wp-content\/uploads\/2011\/09\/110919_Kindertagespflege_110.thumbnail.jpg\" alt=\"110919_Kindertagespflege_110.jpg\" width=\"265\" \/><\/a><\/p>\n<p>Gleich zu Beginn konnte der Liedermacher sein neugieriges Publikum aus der Reserve locken. So wurde das Ohrenspitzen ge\u00fcbt; Augen, Nasen, M\u00fcnder und der ganze K\u00f6rper auf das Konzert eingestimmt. Es sollte n\u00e4mlich keine \u201eOne-Man-Show\u201c sondern ein Mitmachkonzert f\u00fcr die ganze Familie werden. Und Metcalf zauberte ein buntes Programm aus dem Hut, bei dem sein Publikum schnipsen, klatschen, stampfen, aufstehen, h\u00fcpfen und mitsingen durfte.<\/p>\n<p><a title=\"Foto: Marzena Traber\" href=\"http:\/\/www.fuldaer-nachrichten.de\/wp-content\/uploads\/2011\/09\/110919_Kindertagespflege_068.jpg\" rel=\"lightbox[roadtrip]\" target=\"_blank\"><img decoding=\"async\" src=\"http:\/\/www.fuldaer-nachrichten.de\/wp-content\/uploads\/2011\/09\/110919_Kindertagespflege_068.thumbnail.jpg\" alt=\"110919_Kindertagespflege_068.jpg\" width=\"265\" \/><\/a> <a title=\"Foto: Marzena Traber\" href=\"http:\/\/www.fuldaer-nachrichten.de\/wp-content\/uploads\/2011\/09\/110919_Kindertagespflege_077.jpg\" rel=\"lightbox[roadtrip]\" target=\"_blank\"><img decoding=\"async\" src=\"http:\/\/www.fuldaer-nachrichten.de\/wp-content\/uploads\/2011\/09\/110919_Kindertagespflege_077.thumbnail.jpg\" alt=\"110919_Kindertagespflege_077.jpg\" width=\"265\" \/><\/a><\/p>\n<p>Kinder und Eltern waren gleicherma\u00dfen Feuer und Flamme und hatten viel Spa\u00df daran, aktiv an den Bewegungsliedern mitwirken zu d\u00fcrfen. Rund 50 Minuten lang begeisterte Metcalf das Publikum mit\u00c2\u00a0 seinen pfiffigen Texten, eing\u00e4ngigen Melodien und Wortspielereien und erntete zum Ende des Auftritts gro\u00dfen Applaus.<\/p>\n<p>Vor und nach dem Konzert hatten die Kinder die Gelegenheit, die attraktiven Spieleangebote des Zirkus Ikarus zu nutzen. Die Eltern konnten sich bei den Mitarbeiterinnen und Mitarbeitern der Fachstellen Kindertagespflege von Landkreis und Stadt Fulda \u00fcber das Betreuungsangebot und die M\u00f6glichkeiten der Kindertagespflege informieren. Der Tageselternverein Fulda trug ebenfalls ma\u00dfgeblich zum Gelingen des Festes bei, sorgte f\u00fcr das leibliche Wohl und informierte \u00fcber die Angebote des Vereins.<\/p>\n<p><a title=\"Foto: Marzena Traber\" href=\"http:\/\/www.fuldaer-nachrichten.de\/wp-content\/uploads\/2011\/09\/110919_Kindertagespflege_069.jpg\" rel=\"lightbox[roadtrip]\" target=\"_blank\"><img decoding=\"async\" src=\"http:\/\/www.fuldaer-nachrichten.de\/wp-content\/uploads\/2011\/09\/110919_Kindertagespflege_069.thumbnail.jpg\" alt=\"110919_Kindertagespflege_069.jpg\" width=\"265\" \/><\/a> <a title=\"Foto: Marzena Traber\" href=\"http:\/\/www.fuldaer-nachrichten.de\/wp-content\/uploads\/2011\/09\/110919_Kindertagespflege_070.jpg\" rel=\"lightbox[roadtrip]\" target=\"_blank\"><img decoding=\"async\" src=\"http:\/\/www.fuldaer-nachrichten.de\/wp-content\/uploads\/2011\/09\/110919_Kindertagespflege_070.thumbnail.jpg\" alt=\"110919_Kindertagespflege_070.jpg\" width=\"265\" \/><\/a><\/p>\n<p>Begeistert von Metcalfs Auftritt und zufrieden mit der Besucherresonanz zeigten sich auch die Mitarbeiterinnen der Fachstellen Kerstin Hohmann und Christiane Becker-Ott. \u201eWir denken, es war eine gelungene Aktion, die allen viel Spa\u00df gemacht hat\u201c, res\u00fcmierte Hohmann. Im n\u00e4chsten Jahr soll es wieder ein Sommerfest geben. \u201eDaf\u00fcr werden wir uns etwas Neues \u00fcberlegen\u201c, verriet Kerstin Hohmann. Kinder und Eltern d\u00fcrfen also gespannt sein.<\/p>\n<p><a title=\"Foto: Marzena Traber\" href=\"http:\/\/www.fuldaer-nachrichten.de\/wp-content\/uploads\/2011\/09\/110919_Kindertagespflege_003.jpg\" rel=\"lightbox[roadtrip]\" target=\"_blank\"><img decoding=\"async\" src=\"http:\/\/www.fuldaer-nachrichten.de\/wp-content\/uploads\/2011\/09\/110919_Kindertagespflege_003.thumbnail.jpg\" alt=\"110919_Kindertagespflege_003.jpg\" width=\"265\" \/><\/a> <a title=\"Foto: Marzena Traber\" href=\"http:\/\/www.fuldaer-nachrichten.de\/wp-content\/uploads\/2011\/09\/110919_Kindertagespflege_004.jpg\" rel=\"lightbox[roadtrip]\" target=\"_blank\"><img decoding=\"async\" src=\"http:\/\/www.fuldaer-nachrichten.de\/wp-content\/uploads\/2011\/09\/110919_Kindertagespflege_004.thumbnail.jpg\" alt=\"110919_Kindertagespflege_004.jpg\" width=\"265\" \/><\/a><\/p>\n<p>Wer sich f\u00fcr eine T\u00e4tigkeit als Kindertagespflegeperson oder f\u00fcr das Betreuungsangebot der Kindertagespflege interessiert, meldet sich bitte bei Christiane Becker-Ott, Fachstelle Kindertagespflege Stadt Fulda, Telefon 0661\/6102-1960, oder bei Kerstin Hohmann, Fachstelle Kindertagespflege Landkreis Fulda, Telefon 0661\/6006-328.<\/p>\n<p><a title=\"Foto: Marzena Traber\" href=\"http:\/\/www.fuldaer-nachrichten.de\/wp-content\/uploads\/2011\/09\/110919_Kindertagespflege_005.jpg\" rel=\"lightbox[roadtrip]\" target=\"_blank\"><img decoding=\"async\" src=\"http:\/\/www.fuldaer-nachrichten.de\/wp-content\/uploads\/2011\/09\/110919_Kindertagespflege_005.thumbnail.jpg\" alt=\"110919_Kindertagespflege_005.jpg\" width=\"265\" \/><\/a> <a title=\"Foto: Marzena Traber\" href=\"http:\/\/www.fuldaer-nachrichten.de\/wp-content\/uploads\/2011\/09\/110919_Kindertagespflege_006.jpg\" rel=\"lightbox[roadtrip]\" target=\"_blank\"><img decoding=\"async\" src=\"http:\/\/www.fuldaer-nachrichten.de\/wp-content\/uploads\/2011\/09\/110919_Kindertagespflege_006.thumbnail.jpg\" alt=\"110919_Kindertagespflege_006.jpg\" width=\"265\" \/><\/a><\/p>\n<p><a title=\"Foto: Marzena Traber\" href=\"http:\/\/www.fuldaer-nachrichten.de\/wp-content\/uploads\/2011\/09\/110919_Kindertagespflege_071.jpg\" rel=\"lightbox[roadtrip]\" target=\"_blank\"><img decoding=\"async\" src=\"http:\/\/www.fuldaer-nachrichten.de\/wp-content\/uploads\/2011\/09\/110919_Kindertagespflege_071.thumbnail.jpg\" alt=\"110919_Kindertagespflege_071.jpg\" width=\"265\" \/><\/a> <a title=\"Foto: Marzena Traber\" href=\"http:\/\/www.fuldaer-nachrichten.de\/wp-content\/uploads\/2011\/09\/110919_Kindertagespflege_072.jpg\" rel=\"lightbox[roadtrip]\" target=\"_blank\"><img decoding=\"async\" src=\"http:\/\/www.fuldaer-nachrichten.de\/wp-content\/uploads\/2011\/09\/110919_Kindertagespflege_072.thumbnail.jpg\" alt=\"110919_Kindertagespflege_072.jpg\" width=\"265\" \/><\/a><\/p>\n<p><a title=\"Foto: Marzena Traber\" href=\"http:\/\/www.fuldaer-nachrichten.de\/wp-content\/uploads\/2011\/09\/110919_Kindertagespflege_074.jpg\" rel=\"lightbox[roadtrip]\" target=\"_blank\"><img decoding=\"async\" src=\"http:\/\/www.fuldaer-nachrichten.de\/wp-content\/uploads\/2011\/09\/110919_Kindertagespflege_074.thumbnail.jpg\" alt=\"110919_Kindertagespflege_074.jpg\" width=\"265\" \/><\/a> <a title=\"Foto: Marzena Traber\" href=\"http:\/\/www.fuldaer-nachrichten.de\/wp-content\/uploads\/2011\/09\/110919_Kindertagespflege_073.jpg\" rel=\"lightbox[roadtrip]\" target=\"_blank\"><img decoding=\"async\" src=\"http:\/\/www.fuldaer-nachrichten.de\/wp-content\/uploads\/2011\/09\/110919_Kindertagespflege_073.thumbnail.jpg\" alt=\"110919_Kindertagespflege_073.jpg\" width=\"265\" \/><\/a><\/p>\n<p><a title=\"Foto: Marzena Traber\" href=\"http:\/\/www.fuldaer-nachrichten.de\/wp-content\/uploads\/2011\/09\/110919_Kindertagespflege_008.jpg\" rel=\"lightbox[roadtrip]\" target=\"_blank\"><img decoding=\"async\" src=\"http:\/\/www.fuldaer-nachrichten.de\/wp-content\/uploads\/2011\/09\/110919_Kindertagespflege_008.thumbnail.jpg\" alt=\"110919_Kindertagespflege_008.jpg\" width=\"265\" \/><\/a> <a title=\"Foto: Marzena Traber\" href=\"http:\/\/www.fuldaer-nachrichten.de\/wp-content\/uploads\/2011\/09\/110919_Kindertagespflege_007.jpg\" rel=\"lightbox[roadtrip]\" target=\"_blank\"><img decoding=\"async\" src=\"http:\/\/www.fuldaer-nachrichten.de\/wp-content\/uploads\/2011\/09\/110919_Kindertagespflege_007.thumbnail.jpg\" alt=\"110919_Kindertagespflege_007.jpg\" width=\"265\" \/><\/a><\/p>\n<p><a title=\"Foto: Marzena Traber\" href=\"http:\/\/www.fuldaer-nachrichten.de\/wp-content\/uploads\/2011\/09\/110919_Kindertagespflege_009.jpg\" rel=\"lightbox[roadtrip]\" target=\"_blank\"><img decoding=\"async\" src=\"http:\/\/www.fuldaer-nachrichten.de\/wp-content\/uploads\/2011\/09\/110919_Kindertagespflege_009.thumbnail.jpg\" alt=\"110919_Kindertagespflege_009.jpg\" width=\"265\" \/><\/a> <a title=\"Foto: Marzena Traber\" href=\"http:\/\/www.fuldaer-nachrichten.de\/wp-content\/uploads\/2011\/09\/110919_Kindertagespflege_010.jpg\" rel=\"lightbox[roadtrip]\" target=\"_blank\"><img decoding=\"async\" src=\"http:\/\/www.fuldaer-nachrichten.de\/wp-content\/uploads\/2011\/09\/110919_Kindertagespflege_010.thumbnail.jpg\" alt=\"110919_Kindertagespflege_010.jpg\" width=\"265\" \/><\/a><\/p>\n<p><a title=\"Foto: Marzena Traber\" href=\"http:\/\/www.fuldaer-nachrichten.de\/wp-content\/uploads\/2011\/09\/110919_Kindertagespflege_075.jpg\" rel=\"lightbox[roadtrip]\" target=\"_blank\"><img decoding=\"async\" src=\"http:\/\/www.fuldaer-nachrichten.de\/wp-content\/uploads\/2011\/09\/110919_Kindertagespflege_075.thumbnail.jpg\" alt=\"110919_Kindertagespflege_075.jpg\" width=\"265\" \/><\/a> <a title=\"Foto: Marzena Traber\" href=\"http:\/\/www.fuldaer-nachrichten.de\/wp-content\/uploads\/2011\/09\/110919_Kindertagespflege_076.jpg\" rel=\"lightbox[roadtrip]\" target=\"_blank\"><img decoding=\"async\" src=\"http:\/\/www.fuldaer-nachrichten.de\/wp-content\/uploads\/2011\/09\/110919_Kindertagespflege_076.thumbnail.jpg\" alt=\"110919_Kindertagespflege_076.jpg\" width=\"265\" \/><\/a><\/p>\n<p><a title=\"Foto: Marzena Traber\" href=\"http:\/\/www.fuldaer-nachrichten.de\/wp-content\/uploads\/2011\/09\/110919_Kindertagespflege_067.jpg\" rel=\"lightbox[roadtrip]\" target=\"_blank\"><img decoding=\"async\" src=\"http:\/\/www.fuldaer-nachrichten.de\/wp-content\/uploads\/2011\/09\/110919_Kindertagespflege_067.thumbnail.jpg\" alt=\"110919_Kindertagespflege_067.jpg\" width=\"265\" \/><\/a> <a title=\"Foto: Marzena Traber\" href=\"http:\/\/www.fuldaer-nachrichten.de\/wp-content\/uploads\/2011\/09\/110919_Kindertagespflege_078.jpg\" rel=\"lightbox[roadtrip]\" target=\"_blank\"><img decoding=\"async\" src=\"http:\/\/www.fuldaer-nachrichten.de\/wp-content\/uploads\/2011\/09\/110919_Kindertagespflege_078.thumbnail.jpg\" alt=\"110919_Kindertagespflege_078.jpg\" width=\"265\" \/><\/a><\/p>\n<p><a title=\"Foto: Marzena Traber\" href=\"http:\/\/www.fuldaer-nachrichten.de\/wp-content\/uploads\/2011\/09\/110919_Kindertagespflege_082.jpg\" rel=\"lightbox[roadtrip]\" target=\"_blank\"><img decoding=\"async\" src=\"http:\/\/www.fuldaer-nachrichten.de\/wp-content\/uploads\/2011\/09\/110919_Kindertagespflege_082.thumbnail.jpg\" alt=\"110919_Kindertagespflege_082.jpg\" width=\"265\" \/><\/a> <a title=\"Foto: Marzena Traber\" href=\"http:\/\/www.fuldaer-nachrichten.de\/wp-content\/uploads\/2011\/09\/110919_Kindertagespflege_090.jpg\" rel=\"lightbox[roadtrip]\" target=\"_blank\"><img decoding=\"async\" src=\"http:\/\/www.fuldaer-nachrichten.de\/wp-content\/uploads\/2011\/09\/110919_Kindertagespflege_090.thumbnail.jpg\" alt=\"110919_Kindertagespflege_090.jpg\" width=\"265\" \/><\/a><\/p>\n<p><a title=\"Foto: Marzena Traber\" href=\"http:\/\/www.fuldaer-nachrichten.de\/wp-content\/uploads\/2011\/09\/110919_Kindertagespflege_011.jpg\" rel=\"lightbox[roadtrip]\" target=\"_blank\"><img decoding=\"async\" src=\"http:\/\/www.fuldaer-nachrichten.de\/wp-content\/uploads\/2011\/09\/110919_Kindertagespflege_011.thumbnail.jpg\" alt=\"110919_Kindertagespflege_011.jpg\" width=\"265\" \/><\/a> <a title=\"Foto: Marzena Traber\" href=\"http:\/\/www.fuldaer-nachrichten.de\/wp-content\/uploads\/2011\/09\/110919_Kindertagespflege_012.jpg\" rel=\"lightbox[roadtrip]\" target=\"_blank\"><img decoding=\"async\" src=\"http:\/\/www.fuldaer-nachrichten.de\/wp-content\/uploads\/2011\/09\/110919_Kindertagespflege_012.thumbnail.jpg\" alt=\"110919_Kindertagespflege_012.jpg\" width=\"265\" \/><\/a><\/p>\n<p><a title=\"Foto: Marzena Traber\" href=\"http:\/\/www.fuldaer-nachrichten.de\/wp-content\/uploads\/2011\/09\/110919_Kindertagespflege_013.jpg\" rel=\"lightbox[roadtrip]\" target=\"_blank\"><img decoding=\"async\" src=\"http:\/\/www.fuldaer-nachrichten.de\/wp-content\/uploads\/2011\/09\/110919_Kindertagespflege_013.thumbnail.jpg\" alt=\"110919_Kindertagespflege_013.jpg\" width=\"265\" \/><\/a> <a title=\"Foto: Marzena Traber\" href=\"http:\/\/www.fuldaer-nachrichten.de\/wp-content\/uploads\/2011\/09\/110919_Kindertagespflege_014.jpg\" rel=\"lightbox[roadtrip]\" target=\"_blank\"><img decoding=\"async\" src=\"http:\/\/www.fuldaer-nachrichten.de\/wp-content\/uploads\/2011\/09\/110919_Kindertagespflege_014.thumbnail.jpg\" alt=\"110919_Kindertagespflege_014.jpg\" width=\"265\" \/><\/a><\/p>\n<p><a title=\"Foto: Marzena Traber\" href=\"http:\/\/www.fuldaer-nachrichten.de\/wp-content\/uploads\/2011\/09\/110919_Kindertagespflege_080.jpg\" rel=\"lightbox[roadtrip]\" target=\"_blank\"><img decoding=\"async\" src=\"http:\/\/www.fuldaer-nachrichten.de\/wp-content\/uploads\/2011\/09\/110919_Kindertagespflege_080.thumbnail.jpg\" alt=\"110919_Kindertagespflege_080.jpg\" width=\"265\" \/><\/a> <a title=\"Foto: Marzena Traber\" href=\"http:\/\/www.fuldaer-nachrichten.de\/wp-content\/uploads\/2011\/09\/110919_Kindertagespflege_079.jpg\" rel=\"lightbox[roadtrip]\" target=\"_blank\"><img decoding=\"async\" src=\"http:\/\/www.fuldaer-nachrichten.de\/wp-content\/uploads\/2011\/09\/110919_Kindertagespflege_079.thumbnail.jpg\" alt=\"110919_Kindertagespflege_079.jpg\" width=\"265\" \/><\/a><\/p>\n<p><a title=\"Foto: Marzena Traber\" href=\"http:\/\/www.fuldaer-nachrichten.de\/wp-content\/uploads\/2011\/09\/110919_Kindertagespflege_084.jpg\" rel=\"lightbox[roadtrip]\" target=\"_blank\"><img decoding=\"async\" src=\"http:\/\/www.fuldaer-nachrichten.de\/wp-content\/uploads\/2011\/09\/110919_Kindertagespflege_084.thumbnail.jpg\" alt=\"110919_Kindertagespflege_084.jpg\" width=\"265\" \/><\/a>\u00c2\u00a0<a title=\"Foto: Marzena Traber\" href=\"http:\/\/www.fuldaer-nachrichten.de\/wp-content\/uploads\/2011\/09\/110919_Kindertagespflege_081.jpg\" rel=\"lightbox[roadtrip]\" target=\"_blank\"><img decoding=\"async\" src=\"http:\/\/www.fuldaer-nachrichten.de\/wp-content\/uploads\/2011\/09\/110919_Kindertagespflege_081.thumbnail.jpg\" alt=\"110919_Kindertagespflege_081.jpg\" width=\"265\" \/><\/a><\/p>\n<p><a title=\"Foto: Marzena Traber\" href=\"http:\/\/www.fuldaer-nachrichten.de\/wp-content\/uploads\/2011\/09\/110919_Kindertagespflege_015.jpg\" rel=\"lightbox[roadtrip]\" target=\"_blank\"><img decoding=\"async\" src=\"http:\/\/www.fuldaer-nachrichten.de\/wp-content\/uploads\/2011\/09\/110919_Kindertagespflege_015.thumbnail.jpg\" alt=\"110919_Kindertagespflege_015.jpg\" width=\"265\" \/><\/a> <a title=\"Foto: Marzena Traber\" href=\"http:\/\/www.fuldaer-nachrichten.de\/wp-content\/uploads\/2011\/09\/110919_Kindertagespflege_016.jpg\" rel=\"lightbox[roadtrip]\" target=\"_blank\"><img decoding=\"async\" src=\"http:\/\/www.fuldaer-nachrichten.de\/wp-content\/uploads\/2011\/09\/110919_Kindertagespflege_016.thumbnail.jpg\" alt=\"110919_Kindertagespflege_016.jpg\" width=\"265\" \/><\/a><\/p>\n<p><a title=\"Foto: Marzena Traber\" href=\"http:\/\/www.fuldaer-nachrichten.de\/wp-content\/uploads\/2011\/09\/110919_Kindertagespflege_083.jpg\" rel=\"lightbox[roadtrip]\" target=\"_blank\"><img decoding=\"async\" src=\"http:\/\/www.fuldaer-nachrichten.de\/wp-content\/uploads\/2011\/09\/110919_Kindertagespflege_083.thumbnail.jpg\" alt=\"110919_Kindertagespflege_083.jpg\" width=\"265\" \/><\/a> <a title=\"Foto: Marzena Traber\" href=\"http:\/\/www.fuldaer-nachrichten.de\/wp-content\/uploads\/2011\/09\/110919_Kindertagespflege_089.jpg\" rel=\"lightbox[roadtrip]\" target=\"_blank\"><img decoding=\"async\" src=\"http:\/\/www.fuldaer-nachrichten.de\/wp-content\/uploads\/2011\/09\/110919_Kindertagespflege_089.thumbnail.jpg\" alt=\"110919_Kindertagespflege_089.jpg\" width=\"265\" \/><\/a><\/p>\n<p><a title=\"Foto: Marzena Traber\" href=\"http:\/\/www.fuldaer-nachrichten.de\/wp-content\/uploads\/2011\/09\/110919_Kindertagespflege_085.jpg\" rel=\"lightbox[roadtrip]\" target=\"_blank\"><img decoding=\"async\" src=\"http:\/\/www.fuldaer-nachrichten.de\/wp-content\/uploads\/2011\/09\/110919_Kindertagespflege_085.thumbnail.jpg\" alt=\"110919_Kindertagespflege_085.jpg\" width=\"265\" \/><\/a>\u00c2\u00a0<a title=\"Foto: Marzena Traber\" href=\"http:\/\/www.fuldaer-nachrichten.de\/wp-content\/uploads\/2011\/09\/110919_Kindertagespflege_106.jpg\" rel=\"lightbox[roadtrip]\" target=\"_blank\"><img decoding=\"async\" src=\"http:\/\/www.fuldaer-nachrichten.de\/wp-content\/uploads\/2011\/09\/110919_Kindertagespflege_106.thumbnail.jpg\" alt=\"110919_Kindertagespflege_106.jpg\" width=\"265\" \/><\/a><\/p>\n<p><a title=\"Foto: Marzena Traber\" href=\"http:\/\/www.fuldaer-nachrichten.de\/wp-content\/uploads\/2011\/09\/110919_Kindertagespflege_017.jpg\" rel=\"lightbox[roadtrip]\" target=\"_blank\"><img decoding=\"async\" src=\"http:\/\/www.fuldaer-nachrichten.de\/wp-content\/uploads\/2011\/09\/110919_Kindertagespflege_017.thumbnail.jpg\" alt=\"110919_Kindertagespflege_017.jpg\" width=\"265\" \/><\/a> <a title=\"Foto: Marzena Traber\" href=\"http:\/\/www.fuldaer-nachrichten.de\/wp-content\/uploads\/2011\/09\/110919_Kindertagespflege_018.jpg\" rel=\"lightbox[roadtrip]\" target=\"_blank\"><img decoding=\"async\" src=\"http:\/\/www.fuldaer-nachrichten.de\/wp-content\/uploads\/2011\/09\/110919_Kindertagespflege_018.thumbnail.jpg\" alt=\"110919_Kindertagespflege_018.jpg\" width=\"265\" \/><\/a><\/p>\n<p><a title=\"Foto: Marzena Traber\" href=\"http:\/\/www.fuldaer-nachrichten.de\/wp-content\/uploads\/2011\/09\/110919_Kindertagespflege_019.jpg\" rel=\"lightbox[roadtrip]\" target=\"_blank\"><img fetchpriority=\"high\" decoding=\"async\" src=\"http:\/\/www.fuldaer-nachrichten.de\/wp-content\/uploads\/2011\/09\/110919_Kindertagespflege_019.thumbnail.jpg\" alt=\"110919_Kindertagespflege_019.jpg\" width=\"265\" height=\"408\" \/><\/a> <a title=\"Foto: Marzena Traber\" href=\"http:\/\/www.fuldaer-nachrichten.de\/wp-content\/uploads\/2011\/09\/110919_Kindertagespflege_020.jpg\" rel=\"lightbox[roadtrip]\" target=\"_blank\"><img decoding=\"async\" src=\"http:\/\/www.fuldaer-nachrichten.de\/wp-content\/uploads\/2011\/09\/110919_Kindertagespflege_020.thumbnail.jpg\" alt=\"110919_Kindertagespflege_020.jpg\" width=\"265\" height=\"408\" \/><\/a><\/p>\n<p><a title=\"Foto: Marzena Traber\" href=\"http:\/\/www.fuldaer-nachrichten.de\/wp-content\/uploads\/2011\/09\/110919_Kindertagespflege_096.jpg\" rel=\"lightbox[roadtrip]\" target=\"_blank\"><img decoding=\"async\" src=\"http:\/\/www.fuldaer-nachrichten.de\/wp-content\/uploads\/2011\/09\/110919_Kindertagespflege_096.thumbnail.jpg\" alt=\"110919_Kindertagespflege_096.jpg\" width=\"265\" \/><\/a> <a title=\"Foto: Marzena Traber\" href=\"http:\/\/www.fuldaer-nachrichten.de\/wp-content\/uploads\/2011\/09\/110919_Kindertagespflege_098.jpg\" rel=\"lightbox[roadtrip]\" target=\"_blank\"><img decoding=\"async\" src=\"http:\/\/www.fuldaer-nachrichten.de\/wp-content\/uploads\/2011\/09\/110919_Kindertagespflege_098.thumbnail.jpg\" alt=\"110919_Kindertagespflege_098.jpg\" width=\"265\" \/><\/a><\/p>\n<p><a title=\"Foto: Marzena Traber\" href=\"http:\/\/www.fuldaer-nachrichten.de\/wp-content\/uploads\/2011\/09\/110919_Kindertagespflege_097.jpg\" rel=\"lightbox[roadtrip]\" target=\"_blank\"><img decoding=\"async\" src=\"http:\/\/www.fuldaer-nachrichten.de\/wp-content\/uploads\/2011\/09\/110919_Kindertagespflege_097.thumbnail.jpg\" alt=\"110919_Kindertagespflege_097.jpg\" width=\"265\" \/><\/a> <a title=\"Foto: Marzena Traber\" href=\"http:\/\/www.fuldaer-nachrichten.de\/wp-content\/uploads\/2011\/09\/110919_Kindertagespflege_095.jpg\" rel=\"lightbox[roadtrip]\" target=\"_blank\"><img decoding=\"async\" src=\"http:\/\/www.fuldaer-nachrichten.de\/wp-content\/uploads\/2011\/09\/110919_Kindertagespflege_095.thumbnail.jpg\" alt=\"110919_Kindertagespflege_095.jpg\" width=\"265\" \/><\/a><\/p>\n<p><a title=\"Foto: Marzena Traber\" href=\"http:\/\/www.fuldaer-nachrichten.de\/wp-content\/uploads\/2011\/09\/110919_Kindertagespflege_022.jpg\" rel=\"lightbox[roadtrip]\" target=\"_blank\"><img decoding=\"async\" src=\"http:\/\/www.fuldaer-nachrichten.de\/wp-content\/uploads\/2011\/09\/110919_Kindertagespflege_022.thumbnail.jpg\" alt=\"110919_Kindertagespflege_022.jpg\" width=\"265\" \/><\/a> <a title=\"Foto: Marzena Traber\" href=\"http:\/\/www.fuldaer-nachrichten.de\/wp-content\/uploads\/2011\/09\/110919_Kindertagespflege_021.jpg\" rel=\"lightbox[roadtrip]\" target=\"_blank\"><img decoding=\"async\" src=\"http:\/\/www.fuldaer-nachrichten.de\/wp-content\/uploads\/2011\/09\/110919_Kindertagespflege_021.thumbnail.jpg\" alt=\"110919_Kindertagespflege_021.jpg\" width=\"265\" \/><\/a><\/p>\n<p><a title=\"Foto: Marzena Traber\" href=\"http:\/\/www.fuldaer-nachrichten.de\/wp-content\/uploads\/2011\/09\/110919_Kindertagespflege_024.jpg\" rel=\"lightbox[roadtrip]\" target=\"_blank\"><img decoding=\"async\" src=\"http:\/\/www.fuldaer-nachrichten.de\/wp-content\/uploads\/2011\/09\/110919_Kindertagespflege_024.thumbnail.jpg\" alt=\"110919_Kindertagespflege_024.jpg\" width=\"265\" \/><\/a> <a title=\"Foto: Marzena Traber\" href=\"http:\/\/www.fuldaer-nachrichten.de\/wp-content\/uploads\/2011\/09\/110919_Kindertagespflege_025.jpg\" rel=\"lightbox[roadtrip]\" target=\"_blank\"><img decoding=\"async\" src=\"http:\/\/www.fuldaer-nachrichten.de\/wp-content\/uploads\/2011\/09\/110919_Kindertagespflege_025.thumbnail.jpg\" alt=\"110919_Kindertagespflege_025.jpg\" width=\"265\" \/><\/a><\/p>\n<p><a title=\"Foto: Marzena Traber\" href=\"http:\/\/www.fuldaer-nachrichten.de\/wp-content\/uploads\/2011\/09\/110919_Kindertagespflege_091.jpg\" rel=\"lightbox[roadtrip]\" target=\"_blank\"><img decoding=\"async\" src=\"http:\/\/www.fuldaer-nachrichten.de\/wp-content\/uploads\/2011\/09\/110919_Kindertagespflege_091.thumbnail.jpg\" alt=\"110919_Kindertagespflege_091.jpg\" width=\"265\" \/><\/a> <a title=\"Foto: Marzena Traber\" href=\"http:\/\/www.fuldaer-nachrichten.de\/wp-content\/uploads\/2011\/09\/110919_Kindertagespflege_094.jpg\" rel=\"lightbox[roadtrip]\" target=\"_blank\"><img decoding=\"async\" src=\"http:\/\/www.fuldaer-nachrichten.de\/wp-content\/uploads\/2011\/09\/110919_Kindertagespflege_094.thumbnail.jpg\" alt=\"110919_Kindertagespflege_094.jpg\" width=\"265\" \/><\/a><\/p>\n<p><a title=\"Foto: Marzena Traber\" href=\"http:\/\/www.fuldaer-nachrichten.de\/wp-content\/uploads\/2011\/09\/110919_Kindertagespflege_099.jpg\" rel=\"lightbox[roadtrip]\" target=\"_blank\"><img decoding=\"async\" src=\"http:\/\/www.fuldaer-nachrichten.de\/wp-content\/uploads\/2011\/09\/110919_Kindertagespflege_099.thumbnail.jpg\" alt=\"110919_Kindertagespflege_099.jpg\" width=\"265\" \/><\/a> <a title=\"Foto: Marzena Traber\" href=\"http:\/\/www.fuldaer-nachrichten.de\/wp-content\/uploads\/2011\/09\/110919_Kindertagespflege_100.jpg\" rel=\"lightbox[roadtrip]\" target=\"_blank\"><img decoding=\"async\" src=\"http:\/\/www.fuldaer-nachrichten.de\/wp-content\/uploads\/2011\/09\/110919_Kindertagespflege_100.thumbnail.jpg\" alt=\"110919_Kindertagespflege_100.jpg\" width=\"265\" \/><\/a><\/p>\n<p><a title=\"Foto: Marzena Traber\" href=\"http:\/\/www.fuldaer-nachrichten.de\/wp-content\/uploads\/2011\/09\/110919_Kindertagespflege_026.jpg\" rel=\"lightbox[roadtrip]\" target=\"_blank\"><img decoding=\"async\" src=\"http:\/\/www.fuldaer-nachrichten.de\/wp-content\/uploads\/2011\/09\/110919_Kindertagespflege_026.thumbnail.jpg\" alt=\"110919_Kindertagespflege_026.jpg\" width=\"265\" \/><\/a> <a title=\"Foto: Marzena Traber\" href=\"http:\/\/www.fuldaer-nachrichten.de\/wp-content\/uploads\/2011\/09\/110919_Kindertagespflege_023.jpg\" rel=\"lightbox[roadtrip]\" target=\"_blank\"><img decoding=\"async\" src=\"http:\/\/www.fuldaer-nachrichten.de\/wp-content\/uploads\/2011\/09\/110919_Kindertagespflege_023.thumbnail.jpg\" alt=\"110919_Kindertagespflege_023.jpg\" width=\"265\" \/><\/a><\/p>\n<p><a title=\"Foto: Marzena Traber\" href=\"http:\/\/www.fuldaer-nachrichten.de\/wp-content\/uploads\/2011\/09\/110919_Kindertagespflege_027.jpg\" rel=\"lightbox[roadtrip]\" target=\"_blank\"><img decoding=\"async\" src=\"http:\/\/www.fuldaer-nachrichten.de\/wp-content\/uploads\/2011\/09\/110919_Kindertagespflege_027.thumbnail.jpg\" alt=\"110919_Kindertagespflege_027.jpg\" width=\"265\" \/><\/a> <a title=\"Foto: Marzena Traber\" href=\"http:\/\/www.fuldaer-nachrichten.de\/wp-content\/uploads\/2011\/09\/110919_Kindertagespflege_028.jpg\" rel=\"lightbox[roadtrip]\" target=\"_blank\"><img decoding=\"async\" src=\"http:\/\/www.fuldaer-nachrichten.de\/wp-content\/uploads\/2011\/09\/110919_Kindertagespflege_028.thumbnail.jpg\" alt=\"110919_Kindertagespflege_028.jpg\" width=\"265\" \/><\/a><\/p>\n<p><a title=\"Foto: Marzena Traber\" href=\"http:\/\/www.fuldaer-nachrichten.de\/wp-content\/uploads\/2011\/09\/110919_Kindertagespflege_101.jpg\" rel=\"lightbox[roadtrip]\" target=\"_blank\"><img decoding=\"async\" src=\"http:\/\/www.fuldaer-nachrichten.de\/wp-content\/uploads\/2011\/09\/110919_Kindertagespflege_101.thumbnail.jpg\" alt=\"110919_Kindertagespflege_101.jpg\" width=\"265\" \/><\/a> <a title=\"Foto: Marzena Traber\" href=\"http:\/\/www.fuldaer-nachrichten.de\/wp-content\/uploads\/2011\/09\/110919_Kindertagespflege_102.jpg\" rel=\"lightbox[roadtrip]\" target=\"_blank\"><img decoding=\"async\" src=\"http:\/\/www.fuldaer-nachrichten.de\/wp-content\/uploads\/2011\/09\/110919_Kindertagespflege_102.thumbnail.jpg\" alt=\"110919_Kindertagespflege_102.jpg\" width=\"265\" \/><\/a><\/p>\n<p><a title=\"Foto: Marzena Traber\" href=\"http:\/\/www.fuldaer-nachrichten.de\/wp-content\/uploads\/2011\/09\/110919_Kindertagespflege_103.jpg\" rel=\"lightbox[roadtrip]\" target=\"_blank\"><img decoding=\"async\" src=\"http:\/\/www.fuldaer-nachrichten.de\/wp-content\/uploads\/2011\/09\/110919_Kindertagespflege_103.thumbnail.jpg\" alt=\"110919_Kindertagespflege_103.jpg\" width=\"265\" \/><\/a> <a title=\"Foto: Marzena Traber\" href=\"http:\/\/www.fuldaer-nachrichten.de\/wp-content\/uploads\/2011\/09\/110919_Kindertagespflege_104.jpg\" rel=\"lightbox[roadtrip]\" target=\"_blank\"><img decoding=\"async\" src=\"http:\/\/www.fuldaer-nachrichten.de\/wp-content\/uploads\/2011\/09\/110919_Kindertagespflege_104.thumbnail.jpg\" alt=\"110919_Kindertagespflege_104.jpg\" width=\"265\" \/><\/a><\/p>\n<p><a title=\"Foto: Marzena Traber\" href=\"http:\/\/www.fuldaer-nachrichten.de\/wp-content\/uploads\/2011\/09\/110919_Kindertagespflege_039.jpg\" rel=\"lightbox[roadtrip]\" target=\"_blank\"><img decoding=\"async\" src=\"http:\/\/www.fuldaer-nachrichten.de\/wp-content\/uploads\/2011\/09\/110919_Kindertagespflege_039.thumbnail.jpg\" alt=\"110919_Kindertagespflege_039.jpg\" width=\"265\" \/><\/a> <a title=\"Foto: Marzena Traber\" href=\"http:\/\/www.fuldaer-nachrichten.de\/wp-content\/uploads\/2011\/09\/110919_Kindertagespflege_031.jpg\" rel=\"lightbox[roadtrip]\" target=\"_blank\"><img decoding=\"async\" src=\"http:\/\/www.fuldaer-nachrichten.de\/wp-content\/uploads\/2011\/09\/110919_Kindertagespflege_031.thumbnail.jpg\" alt=\"110919_Kindertagespflege_031.jpg\" width=\"265\" \/><\/a><\/p>\n<p><a title=\"Foto: Marzena Traber\" href=\"http:\/\/www.fuldaer-nachrichten.de\/wp-content\/uploads\/2011\/09\/110919_Kindertagespflege_105.jpg\" rel=\"lightbox[roadtrip]\" target=\"_blank\"><img decoding=\"async\" src=\"http:\/\/www.fuldaer-nachrichten.de\/wp-content\/uploads\/2011\/09\/110919_Kindertagespflege_105.thumbnail.jpg\" alt=\"110919_Kindertagespflege_105.jpg\" width=\"265\" \/><\/a>\u00c2\u00a0<a title=\"Foto: Marzena Traber\" href=\"http:\/\/www.fuldaer-nachrichten.de\/wp-content\/uploads\/2011\/09\/110919_Kindertagespflege_122.jpg\" rel=\"lightbox[roadtrip]\" target=\"_blank\"><img decoding=\"async\" src=\"http:\/\/www.fuldaer-nachrichten.de\/wp-content\/uploads\/2011\/09\/110919_Kindertagespflege_122.thumbnail.jpg\" alt=\"110919_Kindertagespflege_122.jpg\" width=\"265\" \/><\/a><\/p>\n<p><a title=\"Foto: Marzena Traber\" href=\"http:\/\/www.fuldaer-nachrichten.de\/wp-content\/uploads\/2011\/09\/110919_Kindertagespflege_107.jpg\" rel=\"lightbox[roadtrip]\" target=\"_blank\"><img decoding=\"async\" src=\"http:\/\/www.fuldaer-nachrichten.de\/wp-content\/uploads\/2011\/09\/110919_Kindertagespflege_107.thumbnail.jpg\" alt=\"110919_Kindertagespflege_107.jpg\" width=\"265\" \/><\/a> <a title=\"Foto: Marzena Traber\" href=\"http:\/\/www.fuldaer-nachrichten.de\/wp-content\/uploads\/2011\/09\/110919_Kindertagespflege_108.jpg\" rel=\"lightbox[roadtrip]\" target=\"_blank\"><img decoding=\"async\" src=\"http:\/\/www.fuldaer-nachrichten.de\/wp-content\/uploads\/2011\/09\/110919_Kindertagespflege_108.thumbnail.jpg\" alt=\"110919_Kindertagespflege_108.jpg\" width=\"265\" \/><\/a><\/p>\n<p><a title=\"Foto: Marzena Traber\" href=\"http:\/\/www.fuldaer-nachrichten.de\/wp-content\/uploads\/2011\/09\/110919_Kindertagespflege_033.jpg\" rel=\"lightbox[roadtrip]\" target=\"_blank\"><img decoding=\"async\" src=\"http:\/\/www.fuldaer-nachrichten.de\/wp-content\/uploads\/2011\/09\/110919_Kindertagespflege_033.thumbnail.jpg\" alt=\"110919_Kindertagespflege_033.jpg\" width=\"265\" \/><\/a> <a title=\"Foto: Marzena Traber\" href=\"http:\/\/www.fuldaer-nachrichten.de\/wp-content\/uploads\/2011\/09\/110919_Kindertagespflege_034.jpg\" rel=\"lightbox[roadtrip]\" target=\"_blank\"><img decoding=\"async\" src=\"http:\/\/www.fuldaer-nachrichten.de\/wp-content\/uploads\/2011\/09\/110919_Kindertagespflege_034.thumbnail.jpg\" alt=\"110919_Kindertagespflege_034.jpg\" width=\"265\" \/><\/a><\/p>\n<p><a title=\"Foto: Marzena Traber\" href=\"http:\/\/www.fuldaer-nachrichten.de\/wp-content\/uploads\/2011\/09\/110919_Kindertagespflege_035.jpg\" rel=\"lightbox[roadtrip]\" target=\"_blank\"><img decoding=\"async\" src=\"http:\/\/www.fuldaer-nachrichten.de\/wp-content\/uploads\/2011\/09\/110919_Kindertagespflege_035.thumbnail.jpg\" alt=\"110919_Kindertagespflege_035.jpg\" width=\"265\" \/><\/a> <a title=\"Foto: Marzena Traber\" href=\"http:\/\/www.fuldaer-nachrichten.de\/wp-content\/uploads\/2011\/09\/110919_Kindertagespflege_036.jpg\" rel=\"lightbox[roadtrip]\" target=\"_blank\"><img decoding=\"async\" src=\"http:\/\/www.fuldaer-nachrichten.de\/wp-content\/uploads\/2011\/09\/110919_Kindertagespflege_036.thumbnail.jpg\" alt=\"110919_Kindertagespflege_036.jpg\" width=\"265\" \/><\/a><\/p>\n<p><a title=\"Foto: Marzena Traber\" href=\"http:\/\/www.fuldaer-nachrichten.de\/wp-content\/uploads\/2011\/09\/110919_Kindertagespflege_111.jpg\" rel=\"lightbox[roadtrip]\" target=\"_blank\"><img decoding=\"async\" src=\"http:\/\/www.fuldaer-nachrichten.de\/wp-content\/uploads\/2011\/09\/110919_Kindertagespflege_111.thumbnail.jpg\" alt=\"110919_Kindertagespflege_111.jpg\" width=\"265\" \/><\/a> <a title=\"Foto: Marzena Traber\" href=\"http:\/\/www.fuldaer-nachrichten.de\/wp-content\/uploads\/2011\/09\/110919_Kindertagespflege_112.jpg\" rel=\"lightbox[roadtrip]\" target=\"_blank\"><img decoding=\"async\" src=\"http:\/\/www.fuldaer-nachrichten.de\/wp-content\/uploads\/2011\/09\/110919_Kindertagespflege_112.thumbnail.jpg\" alt=\"110919_Kindertagespflege_112.jpg\" width=\"265\" \/><\/a><\/p>\n<p><a title=\"Foto: Marzena Traber\" href=\"http:\/\/www.fuldaer-nachrichten.de\/wp-content\/uploads\/2011\/09\/110919_Kindertagespflege_037.jpg\" rel=\"lightbox[roadtrip]\" target=\"_blank\"><img decoding=\"async\" src=\"http:\/\/www.fuldaer-nachrichten.de\/wp-content\/uploads\/2011\/09\/110919_Kindertagespflege_037.thumbnail.jpg\" alt=\"110919_Kindertagespflege_037.jpg\" width=\"265\" \/><\/a> <a title=\"Foto: Marzena Traber\" href=\"http:\/\/www.fuldaer-nachrichten.de\/wp-content\/uploads\/2011\/09\/110919_Kindertagespflege_038.jpg\" rel=\"lightbox[roadtrip]\" target=\"_blank\"><img decoding=\"async\" src=\"http:\/\/www.fuldaer-nachrichten.de\/wp-content\/uploads\/2011\/09\/110919_Kindertagespflege_038.thumbnail.jpg\" alt=\"110919_Kindertagespflege_038.jpg\" width=\"265\" \/><\/a><\/p>\n<p><a title=\"Foto: Marzena Traber\" href=\"http:\/\/www.fuldaer-nachrichten.de\/wp-content\/uploads\/2011\/09\/110919_Kindertagespflege_040.jpg\" rel=\"lightbox[roadtrip]\" target=\"_blank\"><img decoding=\"async\" src=\"http:\/\/www.fuldaer-nachrichten.de\/wp-content\/uploads\/2011\/09\/110919_Kindertagespflege_040.thumbnail.jpg\" alt=\"110919_Kindertagespflege_040.jpg\" width=\"265\" \/><\/a> <a title=\"Foto: Marzena Traber\" href=\"http:\/\/www.fuldaer-nachrichten.de\/wp-content\/uploads\/2011\/09\/110919_Kindertagespflege_032.jpg\" rel=\"lightbox[roadtrip]\" target=\"_blank\"><img decoding=\"async\" src=\"http:\/\/www.fuldaer-nachrichten.de\/wp-content\/uploads\/2011\/09\/110919_Kindertagespflege_032.thumbnail.jpg\" alt=\"110919_Kindertagespflege_032.jpg\" width=\"265\" \/><\/a><\/p>\n<p><a title=\"Foto: Marzena Traber\" href=\"http:\/\/www.fuldaer-nachrichten.de\/wp-content\/uploads\/2011\/09\/110919_Kindertagespflege_114.jpg\" rel=\"lightbox[roadtrip]\" target=\"_blank\"><img decoding=\"async\" src=\"http:\/\/www.fuldaer-nachrichten.de\/wp-content\/uploads\/2011\/09\/110919_Kindertagespflege_114.thumbnail.jpg\" alt=\"110919_Kindertagespflege_114.jpg\" width=\"265\" \/><\/a> <a title=\"Foto: Marzena Traber\" href=\"http:\/\/www.fuldaer-nachrichten.de\/wp-content\/uploads\/2011\/09\/110919_Kindertagespflege_113.jpg\" rel=\"lightbox[roadtrip]\" target=\"_blank\"><img decoding=\"async\" src=\"http:\/\/www.fuldaer-nachrichten.de\/wp-content\/uploads\/2011\/09\/110919_Kindertagespflege_113.thumbnail.jpg\" alt=\"110919_Kindertagespflege_113.jpg\" width=\"265\" \/><\/a><\/p>\n<p><a title=\"Foto: Marzena Traber\" href=\"http:\/\/www.fuldaer-nachrichten.de\/wp-content\/uploads\/2011\/09\/110919_Kindertagespflege_115.jpg\" rel=\"lightbox[roadtrip]\" target=\"_blank\"><img decoding=\"async\" src=\"http:\/\/www.fuldaer-nachrichten.de\/wp-content\/uploads\/2011\/09\/110919_Kindertagespflege_115.thumbnail.jpg\" alt=\"110919_Kindertagespflege_115.jpg\" width=\"265\" \/><\/a> <a title=\"Foto: Marzena Traber\" href=\"http:\/\/www.fuldaer-nachrichten.de\/wp-content\/uploads\/2011\/09\/110919_Kindertagespflege_116.jpg\" rel=\"lightbox[roadtrip]\" target=\"_blank\"><img decoding=\"async\" src=\"http:\/\/www.fuldaer-nachrichten.de\/wp-content\/uploads\/2011\/09\/110919_Kindertagespflege_116.thumbnail.jpg\" alt=\"110919_Kindertagespflege_116.jpg\" width=\"265\" \/><\/a><\/p>\n<p><a title=\"Foto: Marzena Traber\" href=\"http:\/\/www.fuldaer-nachrichten.de\/wp-content\/uploads\/2011\/09\/110919_Kindertagespflege_041.jpg\" rel=\"lightbox[roadtrip]\" target=\"_blank\"><img decoding=\"async\" src=\"http:\/\/www.fuldaer-nachrichten.de\/wp-content\/uploads\/2011\/09\/110919_Kindertagespflege_041.thumbnail.jpg\" alt=\"110919_Kindertagespflege_041.jpg\" width=\"265\" \/><\/a> <a title=\"Foto: Marzena Traber\" href=\"http:\/\/www.fuldaer-nachrichten.de\/wp-content\/uploads\/2011\/09\/110919_Kindertagespflege_042.jpg\" rel=\"lightbox[roadtrip]\" target=\"_blank\"><img decoding=\"async\" src=\"http:\/\/www.fuldaer-nachrichten.de\/wp-content\/uploads\/2011\/09\/110919_Kindertagespflege_042.thumbnail.jpg\" alt=\"110919_Kindertagespflege_042.jpg\" width=\"265\" \/><\/a><\/p>\n<p><a title=\"Foto: Marzena Traber\" href=\"http:\/\/www.fuldaer-nachrichten.de\/wp-content\/uploads\/2011\/09\/110919_Kindertagespflege_044.jpg\" rel=\"lightbox[roadtrip]\" target=\"_blank\"><img decoding=\"async\" src=\"http:\/\/www.fuldaer-nachrichten.de\/wp-content\/uploads\/2011\/09\/110919_Kindertagespflege_044.thumbnail.jpg\" alt=\"110919_Kindertagespflege_044.jpg\" width=\"265\" \/><\/a> <a title=\"Foto: Marzena Traber\" href=\"http:\/\/www.fuldaer-nachrichten.de\/wp-content\/uploads\/2011\/09\/110919_Kindertagespflege_043.jpg\" rel=\"lightbox[roadtrip]\" target=\"_blank\"><img decoding=\"async\" src=\"http:\/\/www.fuldaer-nachrichten.de\/wp-content\/uploads\/2011\/09\/110919_Kindertagespflege_043.thumbnail.jpg\" alt=\"110919_Kindertagespflege_043.jpg\" width=\"265\" \/><\/a><\/p>\n<p><a title=\"Foto: Marzena Traber\" href=\"http:\/\/www.fuldaer-nachrichten.de\/wp-content\/uploads\/2011\/09\/110919_Kindertagespflege_117.jpg\" rel=\"lightbox[roadtrip]\" target=\"_blank\"><img decoding=\"async\" src=\"http:\/\/www.fuldaer-nachrichten.de\/wp-content\/uploads\/2011\/09\/110919_Kindertagespflege_117.thumbnail.jpg\" alt=\"110919_Kindertagespflege_117.jpg\" width=\"265\" \/><\/a> <a title=\"Foto: Marzena Traber\" href=\"http:\/\/www.fuldaer-nachrichten.de\/wp-content\/uploads\/2011\/09\/110919_Kindertagespflege_118.jpg\" rel=\"lightbox[roadtrip]\" target=\"_blank\"><img decoding=\"async\" src=\"http:\/\/www.fuldaer-nachrichten.de\/wp-content\/uploads\/2011\/09\/110919_Kindertagespflege_118.thumbnail.jpg\" alt=\"110919_Kindertagespflege_118.jpg\" width=\"265\" \/><\/a><\/p>\n<p><a title=\"Foto: Marzena Traber\" href=\"http:\/\/www.fuldaer-nachrichten.de\/wp-content\/uploads\/2011\/09\/110919_Kindertagespflege_119.jpg\" rel=\"lightbox[roadtrip]\" target=\"_blank\"><img decoding=\"async\" src=\"http:\/\/www.fuldaer-nachrichten.de\/wp-content\/uploads\/2011\/09\/110919_Kindertagespflege_119.thumbnail.jpg\" alt=\"110919_Kindertagespflege_119.jpg\" width=\"265\" \/><\/a> <a title=\"Foto: Marzena Traber\" href=\"http:\/\/www.fuldaer-nachrichten.de\/wp-content\/uploads\/2011\/09\/110919_Kindertagespflege_120.jpg\" rel=\"lightbox[roadtrip]\" target=\"_blank\"><img decoding=\"async\" src=\"http:\/\/www.fuldaer-nachrichten.de\/wp-content\/uploads\/2011\/09\/110919_Kindertagespflege_120.thumbnail.jpg\" alt=\"110919_Kindertagespflege_120.jpg\" width=\"265\" \/><\/a><\/p>\n<p><a title=\"Foto: Marzena Traber\" href=\"http:\/\/www.fuldaer-nachrichten.de\/wp-content\/uploads\/2011\/09\/110919_Kindertagespflege_046.jpg\" rel=\"lightbox[roadtrip]\" target=\"_blank\"><img decoding=\"async\" src=\"http:\/\/www.fuldaer-nachrichten.de\/wp-content\/uploads\/2011\/09\/110919_Kindertagespflege_046.thumbnail.jpg\" alt=\"110919_Kindertagespflege_046.jpg\" width=\"265\" \/><\/a> <a title=\"Foto: Marzena Traber\" href=\"http:\/\/www.fuldaer-nachrichten.de\/wp-content\/uploads\/2011\/09\/110919_Kindertagespflege_045.jpg\" rel=\"lightbox[roadtrip]\" target=\"_blank\"><img decoding=\"async\" src=\"http:\/\/www.fuldaer-nachrichten.de\/wp-content\/uploads\/2011\/09\/110919_Kindertagespflege_045.thumbnail.jpg\" alt=\"110919_Kindertagespflege_045.jpg\" width=\"265\" \/><\/a><\/p>\n<p><a title=\"Foto: Marzena Traber\" href=\"http:\/\/www.fuldaer-nachrichten.de\/wp-content\/uploads\/2011\/09\/110919_Kindertagespflege_093.jpg\" rel=\"lightbox[roadtrip]\" target=\"_blank\"><img decoding=\"async\" src=\"http:\/\/www.fuldaer-nachrichten.de\/wp-content\/uploads\/2011\/09\/110919_Kindertagespflege_093.thumbnail.jpg\" alt=\"110919_Kindertagespflege_093.jpg\" width=\"265\" \/><\/a> <a title=\"Foto: Marzena Traber\" href=\"http:\/\/www.fuldaer-nachrichten.de\/wp-content\/uploads\/2011\/09\/110919_Kindertagespflege_092.jpg\" rel=\"lightbox[roadtrip]\" target=\"_blank\"><img decoding=\"async\" src=\"http:\/\/www.fuldaer-nachrichten.de\/wp-content\/uploads\/2011\/09\/110919_Kindertagespflege_092.thumbnail.jpg\" alt=\"110919_Kindertagespflege_092.jpg\" width=\"265\" \/><\/a><\/p>\n<p><a title=\"Foto: Marzena Traber\" href=\"http:\/\/www.fuldaer-nachrichten.de\/wp-content\/uploads\/2011\/09\/110919_Kindertagespflege_047.jpg\" rel=\"lightbox[roadtrip]\" target=\"_blank\"><img decoding=\"async\" src=\"http:\/\/www.fuldaer-nachrichten.de\/wp-content\/uploads\/2011\/09\/110919_Kindertagespflege_047.thumbnail.jpg\" alt=\"110919_Kindertagespflege_047.jpg\" width=\"265\" \/><\/a> <a title=\"Foto: Marzena Traber\" href=\"http:\/\/www.fuldaer-nachrichten.de\/wp-content\/uploads\/2011\/09\/110919_Kindertagespflege_048.jpg\" rel=\"lightbox[roadtrip]\" target=\"_blank\"><img decoding=\"async\" src=\"http:\/\/www.fuldaer-nachrichten.de\/wp-content\/uploads\/2011\/09\/110919_Kindertagespflege_048.thumbnail.jpg\" alt=\"110919_Kindertagespflege_048.jpg\" width=\"265\" \/><\/a><\/p>\n<p><a title=\"Foto: Marzena Traber\" href=\"http:\/\/www.fuldaer-nachrichten.de\/wp-content\/uploads\/2011\/09\/110919_Kindertagespflege_049.jpg\" rel=\"lightbox[roadtrip]\" target=\"_blank\"><img decoding=\"async\" src=\"http:\/\/www.fuldaer-nachrichten.de\/wp-content\/uploads\/2011\/09\/110919_Kindertagespflege_049.thumbnail.jpg\" alt=\"110919_Kindertagespflege_049.jpg\" width=\"265\" \/><\/a> <a title=\"Foto: Marzena Traber\" href=\"http:\/\/www.fuldaer-nachrichten.de\/wp-content\/uploads\/2011\/09\/110919_Kindertagespflege_065.jpg\" rel=\"lightbox[roadtrip]\" target=\"_blank\"><img decoding=\"async\" src=\"http:\/\/www.fuldaer-nachrichten.de\/wp-content\/uploads\/2011\/09\/110919_Kindertagespflege_065.thumbnail.jpg\" alt=\"110919_Kindertagespflege_065.jpg\" width=\"265\" \/><\/a><\/p>\n<p><a title=\"Foto: Marzena Traber\" href=\"http:\/\/www.fuldaer-nachrichten.de\/wp-content\/uploads\/2011\/09\/110919_Kindertagespflege_051.jpg\" rel=\"lightbox[roadtrip]\" target=\"_blank\"><img decoding=\"async\" src=\"http:\/\/www.fuldaer-nachrichten.de\/wp-content\/uploads\/2011\/09\/110919_Kindertagespflege_051.thumbnail.jpg\" alt=\"110919_Kindertagespflege_051.jpg\" width=\"265\" \/><\/a> <a title=\"Foto: Marzena Traber\" href=\"http:\/\/www.fuldaer-nachrichten.de\/wp-content\/uploads\/2011\/09\/110919_Kindertagespflege_052.jpg\" rel=\"lightbox[roadtrip]\" target=\"_blank\"><img decoding=\"async\" src=\"http:\/\/www.fuldaer-nachrichten.de\/wp-content\/uploads\/2011\/09\/110919_Kindertagespflege_052.thumbnail.jpg\" alt=\"110919_Kindertagespflege_052.jpg\" width=\"265\" \/><\/a><\/p>\n<p><a title=\"Foto: Marzena Traber\" href=\"http:\/\/www.fuldaer-nachrichten.de\/wp-content\/uploads\/2011\/09\/110919_Kindertagespflege_053.jpg\" rel=\"lightbox[roadtrip]\" target=\"_blank\"><img decoding=\"async\" src=\"http:\/\/www.fuldaer-nachrichten.de\/wp-content\/uploads\/2011\/09\/110919_Kindertagespflege_053.thumbnail.jpg\" alt=\"110919_Kindertagespflege_053.jpg\" width=\"265\" \/><\/a> <a title=\"Foto: Marzena Traber\" href=\"http:\/\/www.fuldaer-nachrichten.de\/wp-content\/uploads\/2011\/09\/110919_Kindertagespflege_054.jpg\" rel=\"lightbox[roadtrip]\" target=\"_blank\"><img decoding=\"async\" src=\"http:\/\/www.fuldaer-nachrichten.de\/wp-content\/uploads\/2011\/09\/110919_Kindertagespflege_054.thumbnail.jpg\" alt=\"110919_Kindertagespflege_054.jpg\" width=\"265\" \/><\/a><\/p>\n<p><a title=\"Foto: Marzena Traber\" href=\"http:\/\/www.fuldaer-nachrichten.de\/wp-content\/uploads\/2011\/09\/110919_Kindertagespflege_055.jpg\" rel=\"lightbox[roadtrip]\" target=\"_blank\"><img decoding=\"async\" src=\"http:\/\/www.fuldaer-nachrichten.de\/wp-content\/uploads\/2011\/09\/110919_Kindertagespflege_055.thumbnail.jpg\" alt=\"110919_Kindertagespflege_055.jpg\" width=\"265\" \/><\/a> <a title=\"Foto: Marzena Traber\" href=\"http:\/\/www.fuldaer-nachrichten.de\/wp-content\/uploads\/2011\/09\/110919_Kindertagespflege_056.jpg\" rel=\"lightbox[roadtrip]\" target=\"_blank\"><img decoding=\"async\" src=\"http:\/\/www.fuldaer-nachrichten.de\/wp-content\/uploads\/2011\/09\/110919_Kindertagespflege_056.thumbnail.jpg\" alt=\"110919_Kindertagespflege_056.jpg\" width=\"265\" \/><\/a><\/p>\n<p><a title=\"Foto: Marzena Traber\" href=\"http:\/\/www.fuldaer-nachrichten.de\/wp-content\/uploads\/2011\/09\/110919_Kindertagespflege_121.jpg\" rel=\"lightbox[roadtrip]\" target=\"_blank\"><img decoding=\"async\" src=\"http:\/\/www.fuldaer-nachrichten.de\/wp-content\/uploads\/2011\/09\/110919_Kindertagespflege_121.thumbnail.jpg\" alt=\"110919_Kindertagespflege_121.jpg\" width=\"265\" \/><\/a> <a title=\"Foto: Marzena Traber\" href=\"http:\/\/www.fuldaer-nachrichten.de\/wp-content\/uploads\/2011\/09\/110919_Kindertagespflege_086.jpg\" rel=\"lightbox[roadtrip]\" target=\"_blank\"><img decoding=\"async\" src=\"http:\/\/www.fuldaer-nachrichten.de\/wp-content\/uploads\/2011\/09\/110919_Kindertagespflege_086.thumbnail.jpg\" alt=\"110919_Kindertagespflege_086.jpg\" width=\"265\" \/><\/a><\/p>\n<p><a title=\"Foto: Marzena Traber\" href=\"http:\/\/www.fuldaer-nachrichten.de\/wp-content\/uploads\/2011\/09\/110919_Kindertagespflege_123.jpg\" rel=\"lightbox[roadtrip]\" target=\"_blank\"><img decoding=\"async\" src=\"http:\/\/www.fuldaer-nachrichten.de\/wp-content\/uploads\/2011\/09\/110919_Kindertagespflege_123.thumbnail.jpg\" alt=\"110919_Kindertagespflege_123.jpg\" width=\"265\" \/><\/a> <a title=\"Foto: Marzena Traber\" href=\"http:\/\/www.fuldaer-nachrichten.de\/wp-content\/uploads\/2011\/09\/110919_Kindertagespflege_124.jpg\" rel=\"lightbox[roadtrip]\" target=\"_blank\"><img decoding=\"async\" src=\"http:\/\/www.fuldaer-nachrichten.de\/wp-content\/uploads\/2011\/09\/110919_Kindertagespflege_124.thumbnail.jpg\" alt=\"110919_Kindertagespflege_124.jpg\" width=\"265\" \/><\/a><\/p>\n<p><a title=\"Foto: Marzena Traber\" href=\"http:\/\/www.fuldaer-nachrichten.de\/wp-content\/uploads\/2011\/09\/110919_Kindertagespflege_058.jpg\" rel=\"lightbox[roadtrip]\" target=\"_blank\"><img decoding=\"async\" src=\"http:\/\/www.fuldaer-nachrichten.de\/wp-content\/uploads\/2011\/09\/110919_Kindertagespflege_058.thumbnail.jpg\" alt=\"110919_Kindertagespflege_058.jpg\" width=\"265\" \/><\/a> <a title=\"Foto: Marzena Traber\" href=\"http:\/\/www.fuldaer-nachrichten.de\/wp-content\/uploads\/2011\/09\/110919_Kindertagespflege_057.jpg\" rel=\"lightbox[roadtrip]\" target=\"_blank\"><img decoding=\"async\" src=\"http:\/\/www.fuldaer-nachrichten.de\/wp-content\/uploads\/2011\/09\/110919_Kindertagespflege_057.thumbnail.jpg\" alt=\"110919_Kindertagespflege_057.jpg\" width=\"265\" \/><\/a><\/p>\n<p><a title=\"Foto: Marzena Traber\" href=\"http:\/\/www.fuldaer-nachrichten.de\/wp-content\/uploads\/2011\/09\/110919_Kindertagespflege_059.jpg\" rel=\"lightbox[roadtrip]\" target=\"_blank\"><img decoding=\"async\" src=\"http:\/\/www.fuldaer-nachrichten.de\/wp-content\/uploads\/2011\/09\/110919_Kindertagespflege_059.thumbnail.jpg\" alt=\"110919_Kindertagespflege_059.jpg\" width=\"265\" \/><\/a> <a title=\"Foto: Marzena Traber\" href=\"http:\/\/www.fuldaer-nachrichten.de\/wp-content\/uploads\/2011\/09\/110919_Kindertagespflege_060.jpg\" rel=\"lightbox[roadtrip]\" target=\"_blank\"><img decoding=\"async\" src=\"http:\/\/www.fuldaer-nachrichten.de\/wp-content\/uploads\/2011\/09\/110919_Kindertagespflege_060.thumbnail.jpg\" alt=\"110919_Kindertagespflege_060.jpg\" width=\"265\" \/><\/a><\/p>\n<p><a title=\"Foto: Marzena Traber\" href=\"http:\/\/www.fuldaer-nachrichten.de\/wp-content\/uploads\/2011\/09\/110919_Kindertagespflege_061.jpg\" rel=\"lightbox[roadtrip]\" target=\"_blank\"><img decoding=\"async\" src=\"http:\/\/www.fuldaer-nachrichten.de\/wp-content\/uploads\/2011\/09\/110919_Kindertagespflege_061.thumbnail.jpg\" alt=\"110919_Kindertagespflege_061.jpg\" width=\"265\" \/><\/a> <a title=\"Foto: Marzena Traber\" href=\"http:\/\/www.fuldaer-nachrichten.de\/wp-content\/uploads\/2011\/09\/110919_Kindertagespflege_062.jpg\" rel=\"lightbox[roadtrip]\" target=\"_blank\"><img decoding=\"async\" src=\"http:\/\/www.fuldaer-nachrichten.de\/wp-content\/uploads\/2011\/09\/110919_Kindertagespflege_062.thumbnail.jpg\" alt=\"110919_Kindertagespflege_062.jpg\" width=\"265\" \/><\/a><\/p>\n<p><a title=\"Foto: Marzena Traber\" href=\"http:\/\/www.fuldaer-nachrichten.de\/wp-content\/uploads\/2011\/09\/110919_Kindertagespflege_063.jpg\" rel=\"lightbox[roadtrip]\" target=\"_blank\"><img decoding=\"async\" src=\"http:\/\/www.fuldaer-nachrichten.de\/wp-content\/uploads\/2011\/09\/110919_Kindertagespflege_063.thumbnail.jpg\" alt=\"110919_Kindertagespflege_063.jpg\" width=\"265\" \/><\/a> <a title=\"Foto: Marzena Traber\" href=\"http:\/\/www.fuldaer-nachrichten.de\/wp-content\/uploads\/2011\/09\/110919_Kindertagespflege_064.jpg\" rel=\"lightbox[roadtrip]\" target=\"_blank\"><img decoding=\"async\" src=\"http:\/\/www.fuldaer-nachrichten.de\/wp-content\/uploads\/2011\/09\/110919_Kindertagespflege_064.thumbnail.jpg\" alt=\"110919_Kindertagespflege_064.jpg\" width=\"265\" \/><\/a><\/p>\n<p><a title=\"Foto: Marzena Traber\" href=\"http:\/\/www.fuldaer-nachrichten.de\/wp-content\/uploads\/2011\/09\/110919_Kindertagespflege_066.jpg\" rel=\"lightbox[roadtrip]\" target=\"_blank\"><img decoding=\"async\" src=\"http:\/\/www.fuldaer-nachrichten.de\/wp-content\/uploads\/2011\/09\/110919_Kindertagespflege_066.thumbnail.jpg\" alt=\"110919_Kindertagespflege_066.jpg\" width=\"265\" \/><\/a> <a title=\"Foto: Marzena Traber\" href=\"http:\/\/www.fuldaer-nachrichten.de\/wp-content\/uploads\/2011\/09\/110919_Kindertagespflege_050.jpg\" rel=\"lightbox[roadtrip]\" target=\"_blank\"><img decoding=\"async\" src=\"http:\/\/www.fuldaer-nachrichten.de\/wp-content\/uploads\/2011\/09\/110919_Kindertagespflege_050.thumbnail.jpg\" alt=\"110919_Kindertagespflege_050.jpg\" width=\"265\" \/><\/a><\/p>\n<p><a title=\"Foto: Marzena Traber\" href=\"http:\/\/www.fuldaer-nachrichten.de\/wp-content\/uploads\/2011\/09\/110919_Kindertagespflege_127.jpg\" rel=\"lightbox[roadtrip]\" target=\"_blank\"><img decoding=\"async\" src=\"http:\/\/www.fuldaer-nachrichten.de\/wp-content\/uploads\/2011\/09\/110919_Kindertagespflege_127.thumbnail.jpg\" alt=\"110919_Kindertagespflege_127.jpg\" width=\"265\" \/><\/a> <a title=\"Foto: Marzena Traber\" href=\"http:\/\/www.fuldaer-nachrichten.de\/wp-content\/uploads\/2011\/09\/110919_Kindertagespflege_125.jpg\" rel=\"lightbox[roadtrip]\" target=\"_blank\"><img decoding=\"async\" src=\"http:\/\/www.fuldaer-nachrichten.de\/wp-content\/uploads\/2011\/09\/110919_Kindertagespflege_125.thumbnail.jpg\" alt=\"110919_Kindertagespflege_125.jpg\" width=\"265\" \/><\/a><\/p>\n<p><a title=\"Foto: Marzena Traber\" href=\"http:\/\/www.fuldaer-nachrichten.de\/wp-content\/uploads\/2011\/09\/110919_Kindertagespflege_001.jpg\" rel=\"lightbox[roadtrip]\" target=\"_blank\"><img decoding=\"async\" src=\"http:\/\/www.fuldaer-nachrichten.de\/wp-content\/uploads\/2011\/09\/110919_Kindertagespflege_001.thumbnail.jpg\" alt=\"110919_Kindertagespflege_001.jpg\" width=\"265\" height=\"405\" \/><\/a> <a title=\"Foto: Marzena Traber\" href=\"http:\/\/www.fuldaer-nachrichten.de\/wp-content\/uploads\/2011\/09\/110919_Kindertagespflege_002.jpg\" rel=\"lightbox[roadtrip]\" target=\"_blank\"><img loading=\"lazy\" decoding=\"async\" src=\"http:\/\/www.fuldaer-nachrichten.de\/wp-content\/uploads\/2011\/09\/110919_Kindertagespflege_002.thumbnail.jpg\" alt=\"110919_Kindertagespflege_002.jpg\" width=\"265\" height=\"405\" \/><\/a><\/p>\n<p><a title=\"Foto: Marzena Traber\" href=\"http:\/\/www.fuldaer-nachrichten.de\/wp-content\/uploads\/2011\/09\/110919_Kindertagespflege_087.jpg\" rel=\"lightbox[roadtrip]\" target=\"_blank\"><img decoding=\"async\" src=\"http:\/\/www.fuldaer-nachrichten.de\/wp-content\/uploads\/2011\/09\/110919_Kindertagespflege_087.thumbnail.jpg\" alt=\"110919_Kindertagespflege_087.jpg\" width=\"265\" \/><\/a> <a title=\"Foto: Marzena Traber\" href=\"http:\/\/www.fuldaer-nachrichten.de\/wp-content\/uploads\/2011\/09\/110919_Kindertagespflege_126.jpg\" rel=\"lightbox[roadtrip]\" target=\"_blank\"><img decoding=\"async\" src=\"http:\/\/www.fuldaer-nachrichten.de\/wp-content\/uploads\/2011\/09\/110919_Kindertagespflege_126.thumbnail.jpg\" alt=\"110919_Kindertagespflege_126.jpg\" width=\"265\" \/><\/a><\/p>\n","protected":false},"excerpt":{"rendered":"<div class=\"tmnf_excerpt\"><p>Fulda. Sein Markenzeichen ist eine schwarze Melone, seine Lieder begeistern Gro\u00df und Klein: Kinderliedermacher Robert Metcalf gab sich bei sonnigem Sp\u00e4tsommerwetter im Fuldaer Schlosspark ein Stelldichein. Der Auftritt des 63-j\u00e4hrigen geb\u00fcrtigen Engl\u00e4nders, der seit fast 40 Jahren in Berlin lebt, war der H\u00f6hepunkt des diesj\u00e4hrigen gemeinsamen Sommerfests der Fachstellen Kindertagespflege des Landkreises und der Stadt &hellip;<\/p>\n<\/div>","protected":false},"author":1,"featured_media":0,"comment_status":"closed","ping_status":"closed","sticky":false,"template":"","format":"standard","meta":{"footnotes":""},"categories":[1,54,72,78],"tags":[],"class_list":["post-90799","post","type-post","status-publish","format-standard","hentry","category-startseite","category-bildergalerien","category-jugend","category-topthema"],"_links":{"self":[{"href":"https:\/\/www.fuldaernachrichten.de\/index.php?rest_route=\/wp\/v2\/posts\/90799","targetHints":{"allow":["GET"]}}],"collection":[{"href":"https:\/\/www.fuldaernachrichten.de\/index.php?rest_route=\/wp\/v2\/posts"}],"about":[{"href":"https:\/\/www.fuldaernachrichten.de\/index.php?rest_route=\/wp\/v2\/types\/post"}],"author":[{"embeddable":true,"href":"https:\/\/www.fuldaernachrichten.de\/index.php?rest_route=\/wp\/v2\/users\/1"}],"replies":[{"embeddable":true,"href":"https:\/\/www.fuldaernachrichten.de\/index.php?rest_route=%2Fwp%2Fv2%2Fcomments&post=90799"}],"version-history":[{"count":1,"href":"https:\/\/www.fuldaernachrichten.de\/index.php?rest_route=\/wp\/v2\/posts\/90799\/revisions"}],"predecessor-version":[{"id":91043,"href":"https:\/\/www.fuldaernachrichten.de\/index.php?rest_route=\/wp\/v2\/posts\/90799\/revisions\/91043"}],"wp:attachment":[{"href":"https:\/\/www.fuldaernachrichten.de\/index.php?rest_route=%2Fwp%2Fv2%2Fmedia&parent=90799"}],"wp:term":[{"taxonomy":"category","embeddable":true,"href":"https:\/\/www.fuldaernachrichten.de\/index.php?rest_route=%2Fwp%2Fv2%2Fcategories&post=90799"},{"taxonomy":"post_tag","embeddable":true,"href":"https:\/\/www.fuldaernachrichten.de\/index.php?rest_route=%2Fwp%2Fv2%2Ftags&post=90799"}],"curies":[{"name":"wp","href":"https:\/\/api.w.org\/{rel}","templated":true}]}}