{"id":9039,"date":"2008-04-29T00:38:51","date_gmt":"2008-04-28T22:38:51","guid":{"rendered":"http:\/\/www.schoene-nachrichten.de\/?p=9039"},"modified":"2008-04-28T19:40:54","modified_gmt":"2008-04-28T17:40:54","slug":"infoveranstaltung-zur-gruendung-einer-buergersolarvereinigung","status":"publish","type":"post","link":"https:\/\/www.fuldaernachrichten.de\/?p=9039","title":{"rendered":"Infoveranstaltung zur Gr\u00fcndung einer B\u00fcrgersolarvereinigung"},"content":{"rendered":"<p><strong>Termin.<\/strong> Die SPD Flieden l\u00e4dt alle interessierten B\u00fcrgerinnen und B\u00fcrger zu einer Informationsveranstaltung zur Gr\u00fcndung einer B\u00fcrgersolarvereinigung ein. Die Veranstaltung findet am Freitag, dem 09. Mai 2008, um 20.00 Uhr in der\u00c2\u00a0 Gastwirtschaft zum \u201eGr\u00fcnen Baum\u201c, Mittelstra\u00dfe 9, in Flieden-R\u00fcckers statt.<!--more--><\/p>\n<p>Neben allgemeinen Information zur Gr\u00fcndung einer Gesellschaft b\u00fcrgerlichen Rechts (GbR) soll ein erstes Projekt vorgestellt werden, welches zur Installation einer Photovoltaik-Anlage im Ortsteil R\u00fcckers bereitsteht. Alle Interessierte, die der Regenerativen Energieerzeugung aufgeschlossen gegen\u00fcber stehen, sind zur Teilnahme an der Informations- und Gr\u00fcndungsveranstaltung recht herzlich eingeladen.<\/p>\n","protected":false},"excerpt":{"rendered":"<div class=\"tmnf_excerpt\"><p>Termin. Die SPD Flieden l\u00e4dt alle interessierten B\u00fcrgerinnen und B\u00fcrger zu einer Informationsveranstaltung zur Gr\u00fcndung einer B\u00fcrgersolarvereinigung ein. Die Veranstaltung findet am Freitag, dem 09. Mai 2008, um 20.00 Uhr in der\u00c2\u00a0 Gastwirtschaft zum \u201eGr\u00fcnen Baum\u201c, Mittelstra\u00dfe 9, in Flieden-R\u00fcckers statt.<\/p>\n<\/div>","protected":false},"author":1,"featured_media":0,"comment_status":"closed","ping_status":"closed","sticky":false,"template":"","format":"standard","meta":{"footnotes":""},"categories":[1,52],"tags":[],"class_list":["post-9039","post","type-post","status-publish","format-standard","hentry","category-startseite","category-umwelt"],"_links":{"self":[{"href":"https:\/\/www.fuldaernachrichten.de\/index.php?rest_route=\/wp\/v2\/posts\/9039","targetHints":{"allow":["GET"]}}],"collection":[{"href":"https:\/\/www.fuldaernachrichten.de\/index.php?rest_route=\/wp\/v2\/posts"}],"about":[{"href":"https:\/\/www.fuldaernachrichten.de\/index.php?rest_route=\/wp\/v2\/types\/post"}],"author":[{"embeddable":true,"href":"https:\/\/www.fuldaernachrichten.de\/index.php?rest_route=\/wp\/v2\/users\/1"}],"replies":[{"embeddable":true,"href":"https:\/\/www.fuldaernachrichten.de\/index.php?rest_route=%2Fwp%2Fv2%2Fcomments&post=9039"}],"version-history":[{"count":0,"href":"https:\/\/www.fuldaernachrichten.de\/index.php?rest_route=\/wp\/v2\/posts\/9039\/revisions"}],"wp:attachment":[{"href":"https:\/\/www.fuldaernachrichten.de\/index.php?rest_route=%2Fwp%2Fv2%2Fmedia&parent=9039"}],"wp:term":[{"taxonomy":"category","embeddable":true,"href":"https:\/\/www.fuldaernachrichten.de\/index.php?rest_route=%2Fwp%2Fv2%2Fcategories&post=9039"},{"taxonomy":"post_tag","embeddable":true,"href":"https:\/\/www.fuldaernachrichten.de\/index.php?rest_route=%2Fwp%2Fv2%2Ftags&post=9039"}],"curies":[{"name":"wp","href":"https:\/\/api.w.org\/{rel}","templated":true}]}}