{"id":9026,"date":"2008-04-27T16:46:32","date_gmt":"2008-04-27T14:46:32","guid":{"rendered":"http:\/\/www.schoene-nachrichten.de\/?p=9026"},"modified":"2009-05-03T16:12:34","modified_gmt":"2009-05-03T14:12:34","slug":"heilige-des-tages-heute-heiliger-petrus-canisius","status":"publish","type":"post","link":"https:\/\/www.fuldaernachrichten.de\/?p=9026","title":{"rendered":"&#8220;Heilige des Tages&#8221; &#8211; heute: Heiliger Petrus Canisius"},"content":{"rendered":"<p><img decoding=\"async\" src=\"http:\/\/www.schoene-nachrichten.de\/wp-content\/uploads\/2007\/07\/070704_bistum1.jpg\" alt=\"070704_bistum1.jpg\" hspace=\"5\" align=\"left\" \/><strong>Serie. <\/strong>Am 27. April ist der Gedenktag des Heiligen Petrus Canisius. Der Name Canisius kommt aus dem Lateinischen Canis = der Hund. Peter Canis wurde als Peter de Hondt 1521 in Nijmwegen geboren, was damals noch zu Deutschland geh\u00f6rte.<\/p>\n<p><strong>Flash-Video ansehen:<\/strong><\/p>\n<p><!--more-->[flv:080427_Bistum.flv wp-content\/uploads\/2008\/03\/080314_Bistum.jpg 400 300]<\/p>\n<p>Eigentlich hatten seine Eltern schon eine Braut f\u00fcr ihn ausgesucht, aber Peter entschied sich f\u00fcr das Studium der Theologie und Philosophie. Die Begegnung mit dem ber\u00fchmten Jesuitenprediger Faber brachte die Wende in seinem Leben und er trat als erster Deutscher unter dem Namen Peter Canisius in den Jesuitenorden ein.<\/p>\n<p>Nach seiner Priesterweihe im Jahre 1546 entwickelte er sich zum Vork\u00e4mpfer f\u00fcr die vom Protestantismus bedrohte katholische Kirche. Durch sein Wirken blieb K\u00f6ln die Metropole des Katholizismus. Auf seinen Missionsfahrten kam er \u00fcber Bologna nach Rom, wo ihn der Heilige Ignatius zu seinem vertrauten Mitarbeiter beruft.<\/p>\n<p>Ignatius schickte Petrus Canisius als F\u00fchrer der Gegenreformation zur\u00fcck nach Deutschland. K\u00f6nig Ferdinand holte ihn nach Wien, wo er als Hofprediger diente. Das Amt des Bischofs von Wien lehnte er ab.<br \/>\nPetrus wurde nicht \u00fcberall mit offenen Armen empfangen, aber seine ergreifenden Predigten brachten viele seiner Widersacher zur\u00fcck zur Kirche.<\/p>\n<p>1556 wurde Petrus Canisius zum ersten Provinzial der Oberdeutschen Ordensprovinz der Gesellschaft Jesu ernannt, der er 3 Jahre vorstand.<\/p>\n<p>Seine innigsten Bestrebungen galten der Neuordnung des deutschen Schulwesens. Die Ordensh\u00e4user der Jesuiten widmeten sich der Jugenderziehung. Zur Erneuerung des deutschen Klerus rief er das Collegium Germanicum ins Leben, in das bis auf den heutigen Tag viele junge deutsche Studenten zur Ausbildung geschickt werden.<\/p>\n<p>1580 wurde er nach Fribourg in der Schweiz versetzt, wo er den Calvinismus bek\u00e4mpfte. Mit 76 Jahren verstarb er in der Schweiz. Petrus Canisius erh\u00e4lt 1897 den Titel \u201eZweiter Apostel Deutschlands\u201c nach Bonifatius und Apostel der Schweiz. Er wird 1925 heilig gesprochen.<\/p>\n<p>Seine Gebeine ruhen in der Kirche des ehemaligen Jesuitenkollegs St. Michael in Fribourg in der Schweiz. Wegen seines Wirkens f\u00fcr die katholische Jugend ist er seit 1921 Patron der katholischen Schulorganisation Deutschlands. Dargestellt wird der Heilige Petrus Canisius mit Sch\u00e4del, Kruzifix und Katechismus.<\/p>\n","protected":false},"excerpt":{"rendered":"<div class=\"tmnf_excerpt\"><p>Serie. Am 27. April ist der Gedenktag des Heiligen Petrus Canisius. Der Name Canisius kommt aus dem Lateinischen Canis = der Hund. Peter Canis wurde als Peter de Hondt 1521 in Nijmwegen geboren, was damals noch zu Deutschland geh\u00f6rte. Flash-Video ansehen:<\/p>\n<\/div>","protected":false},"author":1,"featured_media":0,"comment_status":"closed","ping_status":"closed","sticky":false,"template":"","format":"standard","meta":{"footnotes":""},"categories":[1,79,50],"tags":[],"class_list":["post-9026","post","type-post","status-publish","format-standard","hentry","category-startseite","category-kino","category-kirche"],"_links":{"self":[{"href":"https:\/\/www.fuldaernachrichten.de\/index.php?rest_route=\/wp\/v2\/posts\/9026","targetHints":{"allow":["GET"]}}],"collection":[{"href":"https:\/\/www.fuldaernachrichten.de\/index.php?rest_route=\/wp\/v2\/posts"}],"about":[{"href":"https:\/\/www.fuldaernachrichten.de\/index.php?rest_route=\/wp\/v2\/types\/post"}],"author":[{"embeddable":true,"href":"https:\/\/www.fuldaernachrichten.de\/index.php?rest_route=\/wp\/v2\/users\/1"}],"replies":[{"embeddable":true,"href":"https:\/\/www.fuldaernachrichten.de\/index.php?rest_route=%2Fwp%2Fv2%2Fcomments&post=9026"}],"version-history":[{"count":3,"href":"https:\/\/www.fuldaernachrichten.de\/index.php?rest_route=\/wp\/v2\/posts\/9026\/revisions"}],"predecessor-version":[{"id":27712,"href":"https:\/\/www.fuldaernachrichten.de\/index.php?rest_route=\/wp\/v2\/posts\/9026\/revisions\/27712"}],"wp:attachment":[{"href":"https:\/\/www.fuldaernachrichten.de\/index.php?rest_route=%2Fwp%2Fv2%2Fmedia&parent=9026"}],"wp:term":[{"taxonomy":"category","embeddable":true,"href":"https:\/\/www.fuldaernachrichten.de\/index.php?rest_route=%2Fwp%2Fv2%2Fcategories&post=9026"},{"taxonomy":"post_tag","embeddable":true,"href":"https:\/\/www.fuldaernachrichten.de\/index.php?rest_route=%2Fwp%2Fv2%2Ftags&post=9026"}],"curies":[{"name":"wp","href":"https:\/\/api.w.org\/{rel}","templated":true}]}}