{"id":90075,"date":"2011-09-02T00:16:36","date_gmt":"2011-09-02T00:16:36","guid":{"rendered":"http:\/\/www.fuldaer-nachrichten.de\/?p=90075"},"modified":"2011-09-01T19:24:09","modified_gmt":"2011-09-01T19:24:09","slug":"grabung-am-tratzhof-abgeschlossen-3000-jahre-alte-urne-gefunden","status":"publish","type":"post","link":"https:\/\/www.fuldaernachrichten.de\/?p=90075","title":{"rendered":"Grabung am Tr\u00e4tzhof abgeschlossen: 3000 Jahre alte Urne gefunden"},"content":{"rendered":"<p><strong><a href=\"http:\/\/www.fuldaer-nachrichten.de\/wp-content\/uploads\/2011\/09\/110901_Grabung.jpg\"><img decoding=\"async\" class=\"alignleft size-thumbnail wp-image-90076\" title=\"110901_Grabung\" src=\"http:\/\/www.fuldaer-nachrichten.de\/wp-content\/uploads\/2011\/09\/110901_Grabung-265x175.jpg\" alt=\"\" width=\"265\" height=\"175\" srcset=\"https:\/\/www.fuldaernachrichten.de\/wp-content\/uploads\/2011\/09\/110901_Grabung-265x175.jpg 265w, https:\/\/www.fuldaernachrichten.de\/wp-content\/uploads\/2011\/09\/110901_Grabung.jpg 592w\" sizes=\"(max-width: 265px) 100vw, 265px\" \/><\/a>Fulda.<\/strong> Noch ein allerletztes Mal kommen die Grabungshelferinnen und \u2013helfer auf dem Tr\u00e4tzh\u00f6fer Ausgrabungsfeld bei tropischen 33 Grad kr\u00e4ftig ins Schwitzen. Doch die M\u00fche lohnt sich. Vorsichtig befreien Elke Jaspersen und Milena Wingenfeld \u2013 mit einem Schirm von der glei\u00dfenden Sonne gesch\u00fctzt &#8211; eine komplett erhaltene sp\u00e4tbronzezeitliche Urne in Form eines glatten Doppelkonus vom Staub der Vergangenheit. Mehr als 3000 Jahre hat der Fund aus der so genannten \u201eUrnenfelderzeit\u201c in der Erde geruht. Anderthalb Tage haben die beiden \u00f6rtlichen Grabungsleiterinnen und die anderen Helfer \u2013 Studenten und Mitglieder des arch\u00e4ologischen Arbeitskreises &#8211; gebraucht, um den j\u00fcngsten Urnenfund dem Vergessen zu entrei\u00dfen, damit ein Restaurator ihn f\u00fcr die Zukunft konservieren kann. Vermutlich enth\u00e4lt die Urne \u201eLeichenbrand\u201c. Was genau, m\u00fcssen aber weitere Untersuchungen zeigen.<!--more--><\/p>\n<p><strong>Begeistert<\/strong><\/p>\n<p>Stadt- und Kreisarch\u00e4ologe Dr. Frank Verse ist vom Fund wie auch von der Grabung am Tr\u00e4tzhof selbst begeistert. Fr\u00f6hlich lachend spricht der aus dem Sauerland stammende \u201eGrabungschef\u201c von einem \u201eWunder\u201c. Geomagnetische Messungen hatten zwar Anomalien im Boden angezeigt. \u201eMit einem solchen Ergebnis bei einer so relativ geringen Sondierungsfl\u00e4che h\u00e4tten wir jedoch nicht gerechnet.\u201c Insgesamt drei \u201eungest\u00f6rte\u201c Begr\u00e4bnisse \u2013 zwei Feuer- sowie eine Ganzk\u00f6rperbestattung \u2013 sowie Leichenbrand aus kalzinierten Knochenreste einer weiteren Grabst\u00e4tte haben die Ausgr\u00e4ber freilegen k\u00f6nnen. Was f\u00fcr Verse besonders z\u00e4hlt: Die bei der zweiten Grabung aufgedeckten Bestattungen aus der Eisen- und Sp\u00e4tbronzezeit stellen die Verbindung zum Grabh\u00fcgel aus der mittleren Bronzezeit her, der im vorletzten Jahr ge\u00f6ffnet und erforscht worden war.<\/p>\n<p><a href=\"http:\/\/www.fuldaer-nachrichten.de\/wp-content\/uploads\/2011\/09\/110901_Grabung2.jpg\"><img decoding=\"async\" class=\"alignleft size-thumbnail wp-image-90077\" title=\"110901_Grabung2\" src=\"http:\/\/www.fuldaer-nachrichten.de\/wp-content\/uploads\/2011\/09\/110901_Grabung2-265x175.jpg\" alt=\"\" width=\"265\" height=\"175\" srcset=\"https:\/\/www.fuldaernachrichten.de\/wp-content\/uploads\/2011\/09\/110901_Grabung2-265x175.jpg 265w, https:\/\/www.fuldaernachrichten.de\/wp-content\/uploads\/2011\/09\/110901_Grabung2.jpg 592w\" sizes=\"(max-width: 265px) 100vw, 265px\" \/><\/a>F\u00fcr den Arch\u00e4ologen zeigt die Befundlage auf der Ackerfl\u00e4che zweifelsfrei auch, dass es sich beim Areal am Tr\u00e4tzhof \u201eum einen g\u00fcnstigen Platz gehandelt haben muss, der \u00fcber lange Zeit in der Fr\u00fchgeschichte besiedelt gewesen war.\u201c Bislang allerdings haben die \u201eAusgr\u00e4ber\u201c nur die Bestattungen aus den unterschiedlichen Epochen freilegen k\u00f6nnen. Die genaue Lage der Siedlung ist hingegen noch nicht lokalisiert. \u201eVielleicht werden wir den Ort im Laufe der Zeit herausbekommen,\u201c hofft Verse. Fuldas Stadt- und Kreisarch\u00e4ologe vermutet ihn m\u00f6glicherweise auf einer dem Grabfeld gegen\u00fcber liegenden Anh\u00f6he. Die Grabungen aus j\u00fcngster Zeit sind aus Sicht der Denkmalpflege von besonderem Wert. Denn von den im ersten Drittel des 20. Jahrhunderts nachgewiesenen zehn Grabh\u00fcgeln, die sich mit einer H\u00f6he von bis zu einem halben Meter in der Landschaft abzeichneten, sind heute infolge der intensiven landwirtschaftlichen Nutzung nur noch vier bis f\u00fcnf erkennbar.<\/p>\n<p><strong>Hoffen belohnt<\/strong><\/p>\n<p>Seit Grabungsbeginn hat die Erde noch mehr Verborgenes Preis gegeben und damit das Hoffen von Fuldas Kulturdezernent Gerhard M\u00f6ller\u00c2\u00a0 \u201eauf weitere interessante Funde\u201c belohnt. So hat Frank Verse mit seinem Team ein 35 bis 40 Zentimeter langes eisernes \u201eHiebmesser\u201c mit zwei T\u00f6pfen geborgen, die auf einem etwa zwei Meter langen Steinlager entdeckt worden waren. Das n\u00fctzliche Hausger\u00e4t k\u00f6nnte m\u00f6glicherweise dem Verstorbenen zum Zerteilen von Nahrung als Wegzehrung ins Jenseits mitgegeben worden sein. Bei nicht definierbaren mehrteiligen Metallobjekten d\u00fcrfte es sich nach Verses Einsch\u00e4tzung um \u201ePrachtgaben\u201c f\u00fcr den Toten gehandelt haben. \u201eGenaues l\u00e4sst sich leider momentan nicht sagen\u201c, meint der Arch\u00e4ologe und hofft auf die Ergebnisse der nachfolgenden Restaurierung.<\/p>\n<p><strong>Kulturhistorische Bedeutung<\/strong><\/p>\n<p>F\u00fcr Fuldas Kulturdezernent ist der Abschluss der Arbeiten ein willkommener Anlass, dem Grabungsteam ein \u201edickes Dankesch\u00f6n\u201c daf\u00fcr zu sagen, dass es sich begeistern lie\u00df, den Tr\u00e4tzhof in seiner historischen Bedeutung zu erkunden. Neues in Form interessanter Funde sei auf dieser Erkundungstour entdeckt worden mit besonderer kulturhistorischer Bedeutung f\u00fcr die Stadt, insbesondere aber auch das Vonderau Museum. M\u00f6llers besonderer Dank gilt\u00c2\u00a0 sowohl Fuldas Stadt- und Kreisarch\u00e4ologen, der das Projekt organisiert habe, den beiden Grabungsleiterinnen Jaspersen und Wingenfeld als auch P\u00e4chter Gr\u00f6sch, der durch das Bereitstellen des Areals die arch\u00e4ologische Grabung nach Kr\u00e4ften unterst\u00fctzt hat.<\/p>\n","protected":false},"excerpt":{"rendered":"<div class=\"tmnf_excerpt\"><p>Fulda. Noch ein allerletztes Mal kommen die Grabungshelferinnen und \u2013helfer auf dem Tr\u00e4tzh\u00f6fer Ausgrabungsfeld bei tropischen 33 Grad kr\u00e4ftig ins Schwitzen. Doch die M\u00fche lohnt sich. Vorsichtig befreien Elke Jaspersen und Milena Wingenfeld \u2013 mit einem Schirm von der glei\u00dfenden Sonne gesch\u00fctzt &#8211; eine komplett erhaltene sp\u00e4tbronzezeitliche Urne in Form eines glatten Doppelkonus vom Staub &hellip;<\/p>\n<\/div>","protected":false},"author":1,"featured_media":0,"comment_status":"closed","ping_status":"closed","sticky":false,"template":"","format":"standard","meta":{"footnotes":""},"categories":[1],"tags":[],"class_list":["post-90075","post","type-post","status-publish","format-standard","hentry","category-startseite"],"_links":{"self":[{"href":"https:\/\/www.fuldaernachrichten.de\/index.php?rest_route=\/wp\/v2\/posts\/90075","targetHints":{"allow":["GET"]}}],"collection":[{"href":"https:\/\/www.fuldaernachrichten.de\/index.php?rest_route=\/wp\/v2\/posts"}],"about":[{"href":"https:\/\/www.fuldaernachrichten.de\/index.php?rest_route=\/wp\/v2\/types\/post"}],"author":[{"embeddable":true,"href":"https:\/\/www.fuldaernachrichten.de\/index.php?rest_route=\/wp\/v2\/users\/1"}],"replies":[{"embeddable":true,"href":"https:\/\/www.fuldaernachrichten.de\/index.php?rest_route=%2Fwp%2Fv2%2Fcomments&post=90075"}],"version-history":[{"count":0,"href":"https:\/\/www.fuldaernachrichten.de\/index.php?rest_route=\/wp\/v2\/posts\/90075\/revisions"}],"wp:attachment":[{"href":"https:\/\/www.fuldaernachrichten.de\/index.php?rest_route=%2Fwp%2Fv2%2Fmedia&parent=90075"}],"wp:term":[{"taxonomy":"category","embeddable":true,"href":"https:\/\/www.fuldaernachrichten.de\/index.php?rest_route=%2Fwp%2Fv2%2Fcategories&post=90075"},{"taxonomy":"post_tag","embeddable":true,"href":"https:\/\/www.fuldaernachrichten.de\/index.php?rest_route=%2Fwp%2Fv2%2Ftags&post=90075"}],"curies":[{"name":"wp","href":"https:\/\/api.w.org\/{rel}","templated":true}]}}