{"id":90002,"date":"2011-09-01T00:10:59","date_gmt":"2011-09-01T00:10:59","guid":{"rendered":"http:\/\/www.fuldaer-nachrichten.de\/?p=90002"},"modified":"2011-09-01T06:50:58","modified_gmt":"2011-09-01T06:50:58","slug":"morgen-malkurs-fur-kinder-und-erwachsene","status":"publish","type":"post","link":"https:\/\/www.fuldaernachrichten.de\/?p=90002","title":{"rendered":"MORGEN: Malkurs f\u00fcr Kinder und Erwachsene"},"content":{"rendered":"<p><strong>Hosenfeld-Hainzell.<\/strong> Unter der Anleitung von Kunstmalerin Bernadette B\u00f6hm (Stockhausen) k\u00f6nnen Sie Ihre Kreativit\u00e4t flie\u00dfen lassen &#8211; Sie gehen am Kursabend mit einem fertigen Bild nach Hause.<\/p>\n<p><strong>Malkurs f\u00fcr Kinder und Erwachsene &#8211; Aquarellmalerei<br \/>\n<\/strong><\/p>\n<p>Freitag, 2. September 2011, 17.30 Uhr<br \/>\nOrt: The Bridge &#8211; music, dance and more in Hosenfeld-Hainzell<br \/>\nInfo u. Anmeldung: 06650-8861 und musikschule.ebert@web.de<\/p>\n","protected":false},"excerpt":{"rendered":"<div class=\"tmnf_excerpt\"><p>Hosenfeld-Hainzell. Unter der Anleitung von Kunstmalerin Bernadette B\u00f6hm (Stockhausen) k\u00f6nnen Sie Ihre Kreativit\u00e4t flie\u00dfen lassen &#8211; Sie gehen am Kursabend mit einem fertigen Bild nach Hause. Malkurs f\u00fcr Kinder und Erwachsene &#8211; Aquarellmalerei Freitag, 2. September 2011, 17.30 Uhr Ort: The Bridge &#8211; music, dance and more in Hosenfeld-Hainzell Info u. Anmeldung: 06650-8861 und musikschule.ebert@web.de<\/p>\n<\/div>","protected":false},"author":1,"featured_media":0,"comment_status":"closed","ping_status":"closed","sticky":false,"template":"","format":"standard","meta":{"footnotes":""},"categories":[1],"tags":[],"class_list":["post-90002","post","type-post","status-publish","format-standard","hentry","category-startseite"],"_links":{"self":[{"href":"https:\/\/www.fuldaernachrichten.de\/index.php?rest_route=\/wp\/v2\/posts\/90002","targetHints":{"allow":["GET"]}}],"collection":[{"href":"https:\/\/www.fuldaernachrichten.de\/index.php?rest_route=\/wp\/v2\/posts"}],"about":[{"href":"https:\/\/www.fuldaernachrichten.de\/index.php?rest_route=\/wp\/v2\/types\/post"}],"author":[{"embeddable":true,"href":"https:\/\/www.fuldaernachrichten.de\/index.php?rest_route=\/wp\/v2\/users\/1"}],"replies":[{"embeddable":true,"href":"https:\/\/www.fuldaernachrichten.de\/index.php?rest_route=%2Fwp%2Fv2%2Fcomments&post=90002"}],"version-history":[{"count":0,"href":"https:\/\/www.fuldaernachrichten.de\/index.php?rest_route=\/wp\/v2\/posts\/90002\/revisions"}],"wp:attachment":[{"href":"https:\/\/www.fuldaernachrichten.de\/index.php?rest_route=%2Fwp%2Fv2%2Fmedia&parent=90002"}],"wp:term":[{"taxonomy":"category","embeddable":true,"href":"https:\/\/www.fuldaernachrichten.de\/index.php?rest_route=%2Fwp%2Fv2%2Fcategories&post=90002"},{"taxonomy":"post_tag","embeddable":true,"href":"https:\/\/www.fuldaernachrichten.de\/index.php?rest_route=%2Fwp%2Fv2%2Ftags&post=90002"}],"curies":[{"name":"wp","href":"https:\/\/api.w.org\/{rel}","templated":true}]}}