{"id":89811,"date":"2011-08-26T00:10:44","date_gmt":"2011-08-26T00:10:44","guid":{"rendered":"http:\/\/www.fuldaer-nachrichten.de\/?p=89811"},"modified":"2011-08-25T16:47:18","modified_gmt":"2011-08-25T16:47:18","slug":"jugendgruppe-des-thw-ubt-techniken-der-menschenrettung","status":"publish","type":"post","link":"https:\/\/www.fuldaernachrichten.de\/?p=89811","title":{"rendered":"Jugendgruppe des THW \u00fcbt Techniken der Menschenrettung"},"content":{"rendered":"<p><strong><a href=\"http:\/\/www.fuldaer-nachrichten.de\/wp-content\/uploads\/2011\/08\/110825_THW_003.jpg\"><img fetchpriority=\"high\" decoding=\"async\" class=\"alignleft size-thumbnail wp-image-89816\" title=\"110825_THW_003\" src=\"http:\/\/www.fuldaer-nachrichten.de\/wp-content\/uploads\/2011\/08\/110825_THW_003-265x198.jpg\" alt=\"\" width=\"265\" height=\"198\" srcset=\"https:\/\/www.fuldaernachrichten.de\/wp-content\/uploads\/2011\/08\/110825_THW_003-265x198.jpg 265w, https:\/\/www.fuldaernachrichten.de\/wp-content\/uploads\/2011\/08\/110825_THW_003.jpg 592w\" sizes=\"(max-width: 265px) 100vw, 265px\" \/><\/a>Neuhof. <\/strong>Es wurden zwei Gruppen gebildet, die jeweils von einem Jugendlichen, der als Gruppenf\u00fchrer fungierte, geleitet wurde. Unter Aufsicht der Betreuer f\u00fchrten die Nachwuchskr\u00e4fte ihre Aufgaben eigenst\u00e4ndig durch. Die angenommene Lage war, dass das Treppenhaus des \u00dcbungsobjekts zerst\u00f6rt ist und eine Rettung nur \u00fcber einen Balkon oder durch Fenster m\u00f6glich ist. So wurde von einer Gruppe ein Leiterhebel an einem Balkon errichtet. Ein Leiterhebel in Verbindung mit einem Schleifkorb dient zum waagerechten Ablassen oder Hochziehen von Verletzten sowie zum \u00dcberwinden von H\u00f6henunterschieden. Die andere Gruppe baute zeitgleich eine \u201eschiefe Ebene\u201c an einem Fenster im 1. Stockwerk auf. Die \u201eschiefe Ebene\u201c besteht aus mehreren Leiterteilen, die als Schiene f\u00fcr den Schleifkorb dienen. Mit dem Einsatz-Ger\u00fcst-System (EGS) des THW wurde eine Konstruktion zum Unterbauen der Leiterteile aufgestellt.<!--more--><\/p>\n<p><a href=\"http:\/\/www.fuldaer-nachrichten.de\/wp-content\/uploads\/2011\/08\/110825_THW_002.jpg\"><img decoding=\"async\" class=\"alignnone size-thumbnail wp-image-89817\" title=\"110825_THW_002\" src=\"http:\/\/www.fuldaer-nachrichten.de\/wp-content\/uploads\/2011\/08\/110825_THW_002-265x198.jpg\" alt=\"\" width=\"265\" height=\"198\" srcset=\"https:\/\/www.fuldaernachrichten.de\/wp-content\/uploads\/2011\/08\/110825_THW_002-265x198.jpg 265w, https:\/\/www.fuldaernachrichten.de\/wp-content\/uploads\/2011\/08\/110825_THW_002.jpg 592w\" sizes=\"(max-width: 265px) 100vw, 265px\" \/><\/a> <a href=\"http:\/\/www.fuldaer-nachrichten.de\/wp-content\/uploads\/2011\/08\/110825_THW_001.jpg\"><img decoding=\"async\" class=\"alignnone size-thumbnail wp-image-89818\" title=\"110825_THW_001\" src=\"http:\/\/www.fuldaer-nachrichten.de\/wp-content\/uploads\/2011\/08\/110825_THW_001-265x198.jpg\" alt=\"\" width=\"265\" height=\"198\" srcset=\"https:\/\/www.fuldaernachrichten.de\/wp-content\/uploads\/2011\/08\/110825_THW_001-265x198.jpg 265w, https:\/\/www.fuldaernachrichten.de\/wp-content\/uploads\/2011\/08\/110825_THW_001.jpg 592w\" sizes=\"(max-width: 265px) 100vw, 265px\" \/><\/a><\/p>\n<p>Nach Beendigung der Arbeiten wurde das Material auf den Fahrzeugen verlastet. Die Betreuer und die jungen Katastrophensch\u00fctzer selbst waren mit ihrer Arbeit sehr zufrieden. Zur Zeit engagieren sich rund 30 M\u00e4dchen und Jungen im Alter zwischen 10 und 16 Jahren in der Jugendgruppe des THW aus Neuhof. Kinder ab 10 Jahren k\u00f6nnen in der Jugendgruppe des THW mitwirken. Im Alter von 18 Jahren werden sie in die Einsatzabteilung \u00fcbernommen und k\u00f6nnen aktiven Dienst im Bev\u00f6lkerungsschutz leisten.<\/p>\n<p><a href=\"http:\/\/www.fuldaer-nachrichten.de\/wp-content\/uploads\/2011\/08\/110825_THW_004.jpg\"><img loading=\"lazy\" decoding=\"async\" class=\"alignnone size-thumbnail wp-image-89819\" title=\"110825_THW_004\" src=\"http:\/\/www.fuldaer-nachrichten.de\/wp-content\/uploads\/2011\/08\/110825_THW_004-265x198.jpg\" alt=\"\" width=\"265\" height=\"198\" srcset=\"https:\/\/www.fuldaernachrichten.de\/wp-content\/uploads\/2011\/08\/110825_THW_004-265x198.jpg 265w, https:\/\/www.fuldaernachrichten.de\/wp-content\/uploads\/2011\/08\/110825_THW_004.jpg 592w\" sizes=\"(max-width: 265px) 100vw, 265px\" \/><\/a> <a href=\"http:\/\/www.fuldaer-nachrichten.de\/wp-content\/uploads\/2011\/08\/110825_THW_005.jpg\"><img loading=\"lazy\" decoding=\"async\" class=\"alignnone size-thumbnail wp-image-89820\" title=\"110825_THW_005\" src=\"http:\/\/www.fuldaer-nachrichten.de\/wp-content\/uploads\/2011\/08\/110825_THW_005-265x198.jpg\" alt=\"\" width=\"265\" height=\"198\" srcset=\"https:\/\/www.fuldaernachrichten.de\/wp-content\/uploads\/2011\/08\/110825_THW_005-265x198.jpg 265w, https:\/\/www.fuldaernachrichten.de\/wp-content\/uploads\/2011\/08\/110825_THW_005.jpg 592w\" sizes=\"(max-width: 265px) 100vw, 265px\" \/><\/a><\/p>\n<p>Interessierte Kinder und Jugendliche k\u00f6nnen sich mit Miguel Nemelka, Jugendbetreuer des THW Neuhof, unter der Nummer 0160 948 50 207, in Verbindung setzen. Auch f\u00fcr Erwachsene, die anderen Menschen auch weltweit helfen wollen, ist das THW genau das Richtige. Jeden Donnerstag von 19:30 Uhr bis 22:00 Uhr treffen sich die Mitglieder der Einsatzabteilung, um sich in Ausbildungen und \u00dcbungen auf ihre Eins\u00e4tze vorzubereiten. Das THW in der Gieseler Str. 36 in Neuhof freut sich \u00fcber alle Interessenten!<\/p>\n","protected":false},"excerpt":{"rendered":"<div class=\"tmnf_excerpt\"><p>Neuhof. Es wurden zwei Gruppen gebildet, die jeweils von einem Jugendlichen, der als Gruppenf\u00fchrer fungierte, geleitet wurde. Unter Aufsicht der Betreuer f\u00fchrten die Nachwuchskr\u00e4fte ihre Aufgaben eigenst\u00e4ndig durch. Die angenommene Lage war, dass das Treppenhaus des \u00dcbungsobjekts zerst\u00f6rt ist und eine Rettung nur \u00fcber einen Balkon oder durch Fenster m\u00f6glich ist. So wurde von einer &hellip;<\/p>\n<\/div>","protected":false},"author":1,"featured_media":0,"comment_status":"closed","ping_status":"closed","sticky":false,"template":"","format":"standard","meta":{"footnotes":""},"categories":[1,71],"tags":[],"class_list":["post-89811","post","type-post","status-publish","format-standard","hentry","category-startseite","category-feuerwehr"],"_links":{"self":[{"href":"https:\/\/www.fuldaernachrichten.de\/index.php?rest_route=\/wp\/v2\/posts\/89811","targetHints":{"allow":["GET"]}}],"collection":[{"href":"https:\/\/www.fuldaernachrichten.de\/index.php?rest_route=\/wp\/v2\/posts"}],"about":[{"href":"https:\/\/www.fuldaernachrichten.de\/index.php?rest_route=\/wp\/v2\/types\/post"}],"author":[{"embeddable":true,"href":"https:\/\/www.fuldaernachrichten.de\/index.php?rest_route=\/wp\/v2\/users\/1"}],"replies":[{"embeddable":true,"href":"https:\/\/www.fuldaernachrichten.de\/index.php?rest_route=%2Fwp%2Fv2%2Fcomments&post=89811"}],"version-history":[{"count":0,"href":"https:\/\/www.fuldaernachrichten.de\/index.php?rest_route=\/wp\/v2\/posts\/89811\/revisions"}],"wp:attachment":[{"href":"https:\/\/www.fuldaernachrichten.de\/index.php?rest_route=%2Fwp%2Fv2%2Fmedia&parent=89811"}],"wp:term":[{"taxonomy":"category","embeddable":true,"href":"https:\/\/www.fuldaernachrichten.de\/index.php?rest_route=%2Fwp%2Fv2%2Fcategories&post=89811"},{"taxonomy":"post_tag","embeddable":true,"href":"https:\/\/www.fuldaernachrichten.de\/index.php?rest_route=%2Fwp%2Fv2%2Ftags&post=89811"}],"curies":[{"name":"wp","href":"https:\/\/api.w.org\/{rel}","templated":true}]}}