{"id":8957,"date":"2008-04-23T13:51:01","date_gmt":"2008-04-23T11:51:01","guid":{"rendered":"http:\/\/www.schoene-nachrichten.de\/?p=8957"},"modified":"2008-12-15T13:09:55","modified_gmt":"2008-12-15T12:09:55","slug":"heilige-des-tages-heute-2","status":"publish","type":"post","link":"https:\/\/www.fuldaernachrichten.de\/?p=8957","title":{"rendered":"&#8220;Heilige des Tages&#8221; &#8211; heute: Hl. Georg"},"content":{"rendered":"<p><img decoding=\"async\" src=\"http:\/\/www.schoene-nachrichten.de\/wp-content\/uploads\/2007\/07\/070704_bistum1.jpg\" alt=\"070704_bistum1.jpg\" hspace=\"5\" align=\"left\" \/><strong>Serie. <\/strong>Am 23. April ist der Namenstag des Heiligen Georg \u2013 der M\u00e4rtyrer.Der Name kommt aus dem Griechischen und bedeutet: \u201eDer Landmann\u201c.Georg soll um das Jahr 280 in Kappadokien geboren sein. Laut \u00dcberlieferung erlernte er schon in jungen Jahren das Waffenhandwerk. Er wurde zum Obersten bef\u00f6rdert und hatte als Tribun jederzeit Zutritt zum Kaiser.<\/p>\n<p><strong>Flash-Video ansehen:<\/strong><\/p>\n<p><!--more--><\/p>\n<p>[flv:080423_Bistum.flv wp-content\/uploads\/2008\/03\/080314_Bistum.jpg 400 300]<\/p>\n<p>Beim erneuten Einsetzen der Christenverfolgung unter Kaiser Diocletian machte Georg dem Kaiser gro\u00dfe Vorw\u00fcrfe. Erz\u00fcrnt dar\u00fcber gab dieser seinen Wachen den Befehl den jungen Offizier in Ketten zu legen.Er wurde gequ\u00e4lt und misshandelt und trotz all dieser Schm\u00e4hungen blieb er seinem Glauben an Christus treu. Der erboste Herrscher musste erkennen, dass Georg\u00e2\u20ac\u2122s Wunden immer wieder auf wundersame Weise des Nachts geheilt wurden und er immer heldenhafter wurde.<\/p>\n<p>Der Kaiser sprach das Marterurteil \u00fcber Georg. Er lie\u00df ihn durch die ganze Stadt schleifen und danach enthaupten.Der Heilige Georg ist einer der 14 Nothelfer. Seine gro\u00dfe Verehrung ist vor allem im Osten verbreitet.Die Kreuzfahrer brachten diesen Kult nach Westen und Georg wurde zum Symbol der Ritterlichkeit.<\/p>\n<p>Auf arabisch heisst Georg \u201eAl Khader\u201c. Im Ort Al Khader bei Bethlehem in Pal\u00e4stina ist er der Schutzheilige der pal\u00e4stinensischen Christen und das Drachent\u00f6ter-Motiv findet sich \u00fcber jedem Hauseingang in der Gegend.Dargestellt wird der Heilige Georg als Ritter mit Lanze, den Drachen durchbohrend.Er ist Patron des englischen K\u00f6nigreiches, von Georgien, Griechenland, Aragon und Katalonien, sowie der St\u00e4dte Genua und Barcelona.Die Pfadinder, Soldaten und viele Ritterorden haben den Heiligen Georg zum Paten.<\/p>\n","protected":false},"excerpt":{"rendered":"<div class=\"tmnf_excerpt\"><p>Serie. Am 23. April ist der Namenstag des Heiligen Georg \u2013 der M\u00e4rtyrer.Der Name kommt aus dem Griechischen und bedeutet: \u201eDer Landmann\u201c.Georg soll um das Jahr 280 in Kappadokien geboren sein. Laut \u00dcberlieferung erlernte er schon in jungen Jahren das Waffenhandwerk. Er wurde zum Obersten bef\u00f6rdert und hatte als Tribun jederzeit Zutritt zum Kaiser. Flash-Video &hellip;<\/p>\n<\/div>","protected":false},"author":1,"featured_media":0,"comment_status":"closed","ping_status":"closed","sticky":false,"template":"","format":"standard","meta":{"footnotes":""},"categories":[1,79,50],"tags":[],"class_list":["post-8957","post","type-post","status-publish","format-standard","hentry","category-startseite","category-kino","category-kirche"],"_links":{"self":[{"href":"https:\/\/www.fuldaernachrichten.de\/index.php?rest_route=\/wp\/v2\/posts\/8957","targetHints":{"allow":["GET"]}}],"collection":[{"href":"https:\/\/www.fuldaernachrichten.de\/index.php?rest_route=\/wp\/v2\/posts"}],"about":[{"href":"https:\/\/www.fuldaernachrichten.de\/index.php?rest_route=\/wp\/v2\/types\/post"}],"author":[{"embeddable":true,"href":"https:\/\/www.fuldaernachrichten.de\/index.php?rest_route=\/wp\/v2\/users\/1"}],"replies":[{"embeddable":true,"href":"https:\/\/www.fuldaernachrichten.de\/index.php?rest_route=%2Fwp%2Fv2%2Fcomments&post=8957"}],"version-history":[{"count":1,"href":"https:\/\/www.fuldaernachrichten.de\/index.php?rest_route=\/wp\/v2\/posts\/8957\/revisions"}],"predecessor-version":[{"id":17347,"href":"https:\/\/www.fuldaernachrichten.de\/index.php?rest_route=\/wp\/v2\/posts\/8957\/revisions\/17347"}],"wp:attachment":[{"href":"https:\/\/www.fuldaernachrichten.de\/index.php?rest_route=%2Fwp%2Fv2%2Fmedia&parent=8957"}],"wp:term":[{"taxonomy":"category","embeddable":true,"href":"https:\/\/www.fuldaernachrichten.de\/index.php?rest_route=%2Fwp%2Fv2%2Fcategories&post=8957"},{"taxonomy":"post_tag","embeddable":true,"href":"https:\/\/www.fuldaernachrichten.de\/index.php?rest_route=%2Fwp%2Fv2%2Ftags&post=8957"}],"curies":[{"name":"wp","href":"https:\/\/api.w.org\/{rel}","templated":true}]}}