{"id":8943,"date":"2008-04-23T00:11:27","date_gmt":"2008-04-22T22:11:27","guid":{"rendered":"http:\/\/www.schoene-nachrichten.de\/?p=8943"},"modified":"2008-04-23T00:11:27","modified_gmt":"2008-04-22T22:11:27","slug":"aktionstag-darmchirurgie-am-sonntag-in-der-helios-klinik","status":"publish","type":"post","link":"https:\/\/www.fuldaernachrichten.de\/?p=8943","title":{"rendered":"Aktionstag Darmchirurgie am Sonntag in der HELIOS Klinik"},"content":{"rendered":"<p><a rel=\"lightbox[roadtrip]\" href=\"http:\/\/www.schoene-nachrichten.de\/wp-content\/uploads\/2008\/04\/080422_darm3_gross.jpg\" target=\"_blank\"><img decoding=\"async\" class=\"alignleft size-thumbnail wp-image-8950\" title=\"080422_darm3_gross\" src=\"http:\/\/www.schoene-nachrichten.de\/wp-content\/uploads\/2008\/04\/080422_darm3_gross-128x85.jpg\" alt=\"\" hspace=\"5\" width=\"128\" height=\"85\" align=\"left\" \/><\/a><strong>H\u00fcnfeld.<\/strong> Die HELIOS St. Elisabeth Klinik H\u00fcnfeld baut ihre Kompetenz in Darmchirurgie weiter aus. Interessierte k\u00f6nnen sich hiervon beim Aktionstag Darmchirurgie am Sonntag, den 27. April 2008, pers\u00f6nlich \u00fcberzeugen. An diesem Tag wird Dr. med. Gabriele Petsch, Chef\u00e4rztin der Allgemein- und Bauchchirurgie, in Vortr\u00e4gen \u00fcber die chirurgische Therapie bei verschiedenen Darmerkrankungen aufkl\u00e4ren. Dar\u00fcber hinaus haben die Besucher Gelegenheit, in einem begehbaren Darmmodell die verschiedenen Stadien bei Darmerkrankungen \u201eabzuschreiten\u201c.<!--more--><\/p>\n<p>\u201eWir freuen uns sehr, dass wir f\u00fcr diesen Tag das begehrte Darmmodell buchen konnten\u201c, erkl\u00e4rt Melanie Moser, Gesch\u00e4ftsf\u00fchrerin der H\u00fcnfelder Klinik. \u201eDas Modell ist eine anschauliche Erg\u00e4nzung zu den angebotenen \u00e4rztlichen Vortr\u00e4gen \u2013 und es unterstreicht sehr plastisch unsere Kompetenz in der Diagnostik und Therapie von Darmerkrankungen!\u201c Chef\u00e4rztin Doktor Petsch und ihr Team werden die Besucher im Anschluss an den ersten und den letzten Vortrag pers\u00f6nlich durch das Darmmodell f\u00fchren. Unabh\u00e4ngig davon ist das Darmmodell f\u00fcr Besucher jederzeit zug\u00e4nglich.<\/p>\n<p>Zu Beginn des Aktionstages startet Doktor Petsch um 10.00 Uhr mit einem Vortrag zur chirurgischen Therapie bei Darmkrebs. Nach den sich anschlie\u00dfenden gef\u00fchrten Begehungen steht um 12.30 Uhr Doktor Petschs Vortrag zu den chronisch-entz\u00fcndlichen Darmerkrankungen Morbus Crohn und Colitis ulcerosa auf dem Programm. Den Vortragsreigen beschlie\u00dft die Chef\u00e4rztin um 13.30 Uhr mit dem Thema Divertikelkrankheit (Sigmadivertikulitis). Ab 14.30 Uhr finden wieder gef\u00fchrte Rundg\u00e4nge im Darmmodell statt. F\u00fcr das leibliche Wohl ist den ganzen Aktionstag \u00fcber bestens gesorgt.<\/p>\n","protected":false},"excerpt":{"rendered":"<div class=\"tmnf_excerpt\"><p>H\u00fcnfeld. Die HELIOS St. Elisabeth Klinik H\u00fcnfeld baut ihre Kompetenz in Darmchirurgie weiter aus. Interessierte k\u00f6nnen sich hiervon beim Aktionstag Darmchirurgie am Sonntag, den 27. April 2008, pers\u00f6nlich \u00fcberzeugen. An diesem Tag wird Dr. med. Gabriele Petsch, Chef\u00e4rztin der Allgemein- und Bauchchirurgie, in Vortr\u00e4gen \u00fcber die chirurgische Therapie bei verschiedenen Darmerkrankungen aufkl\u00e4ren. Dar\u00fcber hinaus haben &hellip;<\/p>\n<\/div>","protected":false},"author":1,"featured_media":0,"comment_status":"closed","ping_status":"closed","sticky":false,"template":"","format":"standard","meta":{"footnotes":""},"categories":[1,51],"tags":[],"class_list":["post-8943","post","type-post","status-publish","format-standard","hentry","category-startseite","category-medizin"],"_links":{"self":[{"href":"https:\/\/www.fuldaernachrichten.de\/index.php?rest_route=\/wp\/v2\/posts\/8943","targetHints":{"allow":["GET"]}}],"collection":[{"href":"https:\/\/www.fuldaernachrichten.de\/index.php?rest_route=\/wp\/v2\/posts"}],"about":[{"href":"https:\/\/www.fuldaernachrichten.de\/index.php?rest_route=\/wp\/v2\/types\/post"}],"author":[{"embeddable":true,"href":"https:\/\/www.fuldaernachrichten.de\/index.php?rest_route=\/wp\/v2\/users\/1"}],"replies":[{"embeddable":true,"href":"https:\/\/www.fuldaernachrichten.de\/index.php?rest_route=%2Fwp%2Fv2%2Fcomments&post=8943"}],"version-history":[{"count":0,"href":"https:\/\/www.fuldaernachrichten.de\/index.php?rest_route=\/wp\/v2\/posts\/8943\/revisions"}],"wp:attachment":[{"href":"https:\/\/www.fuldaernachrichten.de\/index.php?rest_route=%2Fwp%2Fv2%2Fmedia&parent=8943"}],"wp:term":[{"taxonomy":"category","embeddable":true,"href":"https:\/\/www.fuldaernachrichten.de\/index.php?rest_route=%2Fwp%2Fv2%2Fcategories&post=8943"},{"taxonomy":"post_tag","embeddable":true,"href":"https:\/\/www.fuldaernachrichten.de\/index.php?rest_route=%2Fwp%2Fv2%2Ftags&post=8943"}],"curies":[{"name":"wp","href":"https:\/\/api.w.org\/{rel}","templated":true}]}}