{"id":89423,"date":"2011-08-22T00:11:09","date_gmt":"2011-08-22T00:11:09","guid":{"rendered":"http:\/\/www.fuldaer-nachrichten.de\/?p=89423"},"modified":"2011-08-22T06:44:35","modified_gmt":"2011-08-22T06:44:35","slug":"realistische-schauubung-zum-gemeindefeuerwehrtag","status":"publish","type":"post","link":"https:\/\/www.fuldaernachrichten.de\/?p=89423","title":{"rendered":"Realistische Schau\u00fcbung zum Gemeindefeuerwehrtag"},"content":{"rendered":"<p><strong><a href=\"http:\/\/www.fuldaer-nachrichten.de\/wp-content\/uploads\/2011\/08\/110818_Schauuebung_001.jpg\"><img decoding=\"async\" class=\"alignleft size-thumbnail wp-image-89424\" title=\"110818_Schauuebung_001\" src=\"http:\/\/www.fuldaer-nachrichten.de\/wp-content\/uploads\/2011\/08\/110818_Schauuebung_001-265x175.jpg\" alt=\"\" width=\"265\" height=\"175\" srcset=\"https:\/\/www.fuldaernachrichten.de\/wp-content\/uploads\/2011\/08\/110818_Schauuebung_001-265x175.jpg 265w, https:\/\/www.fuldaernachrichten.de\/wp-content\/uploads\/2011\/08\/110818_Schauuebung_001.jpg 592w\" sizes=\"(max-width: 265px) 100vw, 265px\" \/><\/a>K\u00fcnzell. <\/strong>F\u00fcr die im Rahmen des Gemeindefeuerwehrtages organisierte Schau\u00fcbung der Freiwilligen Feuerwehr K\u00fcnzell-Bachrain sowie der kooperierenden Gemeindewehren und Hilfsorganisationen war die \u00d6ffentlichkeit herzlich eingeladen. Die Bev\u00f6lkerung sollte einmal ausf\u00fchrlich mit ansehen d\u00fcrfen, wie ein realer Rettungseinsatz mit all seinen Facetten abl\u00e4uft und wie alle an der Rettungskette beteiligten Organisationen und Personen im Ernstfall zusammenarbeiten. &#8220;Schwerer Verkehrsunfall, mehrere Personen eingeklemmt.&#8221; \u2013 so lautete die Alarmmeldung zur Schau\u00fcbung, die anl\u00e4sslich des Gemeindefeuerwehrtages am 14.08.2011 bei den Gemeindefeuerwehren, den Voraushelfern und dem Rettungsdienst einging. <!--more--><\/p>\n<p>Bei dem simulierten Verkehrsunfall ist ein PKW mit einem LKW kollidiert, wobei die Insassen des PKW verletzt und eingeklemmt wurden. Voraushelfer, sogenannte \u201eFirst Responder\u201c, k\u00fcmmern sich nach dem Eintreffen an der Unfallstelle um die Verletzten bis weitere Unterst\u00fctzung von Seiten der Feuerwehr und des Rettungsdienstes eintrifft. \u201eNach der ersten Sichtung der Unfallstelle muss der Einsatzleiter der Feuerwehr jetzt sehen, wie er das alles in den Griff bekommt und die vor Ort t\u00e4tigen Einsatzkr\u00e4fte koordiniert\u201c, sagt Markus Jahn, der das gespannte Publikum als Moderator durch die Schau\u00fcbung f\u00fchrt. Die zus\u00e4tzlich alarmierten Feuerwehren der Gemeinde K\u00fcnzell, die unmittelbar zur weiteren Unterst\u00fctzung angefordert werden, treffen kurzerhand ein und helfen bei der Absicherung, technischen Unterst\u00fctzung der Kollegen sowie der Befreiung und Versorgung der Unfallopfer.<\/p>\n<p><a href=\"http:\/\/www.fuldaer-nachrichten.de\/wp-content\/uploads\/2011\/08\/110818_Schauuebung_003.jpg\"><img decoding=\"async\" class=\"alignnone size-thumbnail wp-image-89425\" title=\"110818_Schauuebung_003\" src=\"http:\/\/www.fuldaer-nachrichten.de\/wp-content\/uploads\/2011\/08\/110818_Schauuebung_003-265x175.jpg\" alt=\"\" width=\"265\" height=\"175\" srcset=\"https:\/\/www.fuldaernachrichten.de\/wp-content\/uploads\/2011\/08\/110818_Schauuebung_003-265x175.jpg 265w, https:\/\/www.fuldaernachrichten.de\/wp-content\/uploads\/2011\/08\/110818_Schauuebung_003.jpg 592w\" sizes=\"(max-width: 265px) 100vw, 265px\" \/> <\/a><a href=\"http:\/\/www.fuldaer-nachrichten.de\/wp-content\/uploads\/2011\/08\/110818_Schauuebung_002.jpg\"><img decoding=\"async\" class=\"alignnone size-thumbnail wp-image-89426\" title=\"110818_Schauuebung_002\" src=\"http:\/\/www.fuldaer-nachrichten.de\/wp-content\/uploads\/2011\/08\/110818_Schauuebung_002-265x175.jpg\" alt=\"\" width=\"265\" height=\"175\" srcset=\"https:\/\/www.fuldaernachrichten.de\/wp-content\/uploads\/2011\/08\/110818_Schauuebung_002-265x175.jpg 265w, https:\/\/www.fuldaernachrichten.de\/wp-content\/uploads\/2011\/08\/110818_Schauuebung_002.jpg 592w\" sizes=\"(max-width: 265px) 100vw, 265px\" \/><\/a><\/p>\n<p><a href=\"http:\/\/www.fuldaer-nachrichten.de\/wp-content\/uploads\/2011\/08\/110818_Schauuebung_004.jpg\"><img loading=\"lazy\" decoding=\"async\" class=\"alignnone size-thumbnail wp-image-89427\" title=\"110818_Schauuebung_004\" src=\"http:\/\/www.fuldaer-nachrichten.de\/wp-content\/uploads\/2011\/08\/110818_Schauuebung_004-265x175.jpg\" alt=\"\" width=\"265\" height=\"175\" srcset=\"https:\/\/www.fuldaernachrichten.de\/wp-content\/uploads\/2011\/08\/110818_Schauuebung_004-265x175.jpg 265w, https:\/\/www.fuldaernachrichten.de\/wp-content\/uploads\/2011\/08\/110818_Schauuebung_004.jpg 592w\" sizes=\"(max-width: 265px) 100vw, 265px\" \/><\/a> <a href=\"http:\/\/www.fuldaer-nachrichten.de\/wp-content\/uploads\/2011\/08\/110818_Schauuebung_005.jpg\"><img loading=\"lazy\" decoding=\"async\" class=\"alignnone size-thumbnail wp-image-89428\" title=\"110818_Schauuebung_005\" src=\"http:\/\/www.fuldaer-nachrichten.de\/wp-content\/uploads\/2011\/08\/110818_Schauuebung_005-265x175.jpg\" alt=\"\" width=\"265\" height=\"175\" srcset=\"https:\/\/www.fuldaernachrichten.de\/wp-content\/uploads\/2011\/08\/110818_Schauuebung_005-265x175.jpg 265w, https:\/\/www.fuldaernachrichten.de\/wp-content\/uploads\/2011\/08\/110818_Schauuebung_005.jpg 592w\" sizes=\"(max-width: 265px) 100vw, 265px\" \/><\/a><\/p>\n<p>Zur m\u00f6glichst realistischen Darstellung der Verletzungsmuster bei den verunfallten Personen wurde das RUD-Team der Malteser Petersberg unter der Leitung von Monika Gonzalez Dehnhardt angefordert. \u201eJede m\u00f6glichst realistische als auch professionell dargestellte \u00dcbung hilft bei der Weiterentwicklung der Einsatzkr\u00e4fte und Organisationen und sollte seitens der F\u00fchrungskr\u00e4fte nicht untersch\u00e4tzt werden\u201c, so Alexander Zippel der als stellvertretender Leiter Notfalldarstellung und \u00dcbungsbeobachter vor Ort war. Denn neben Schock, Prellungen, Schnittverletzungen und leichten Platzwunden am Kopf, wurden auch komplexe Knochenbr\u00fcche und Verletzungen der Wirbels\u00e4ulen in k\u00fcnstlerischer Perfektion von den Darstellern demonstriert. \u201eInsgesamt eine gelungene \u00dcbung \u2013 sie hat ihr Ziel und den Zweck zu hundert Prozent erf\u00fcllt\u201c, so das abschlie\u00dfende Tagesfazit von Tobias Fraatz, \u00dcbungskoordinator und -beobachter der Freiwilligen Feuerwehr K\u00fcnzell-Bachrain.<\/p>\n","protected":false},"excerpt":{"rendered":"<div class=\"tmnf_excerpt\"><p>K\u00fcnzell. F\u00fcr die im Rahmen des Gemeindefeuerwehrtages organisierte Schau\u00fcbung der Freiwilligen Feuerwehr K\u00fcnzell-Bachrain sowie der kooperierenden Gemeindewehren und Hilfsorganisationen war die \u00d6ffentlichkeit herzlich eingeladen. Die Bev\u00f6lkerung sollte einmal ausf\u00fchrlich mit ansehen d\u00fcrfen, wie ein realer Rettungseinsatz mit all seinen Facetten abl\u00e4uft und wie alle an der Rettungskette beteiligten Organisationen und Personen im Ernstfall zusammenarbeiten. &#8220;Schwerer &hellip;<\/p>\n<\/div>","protected":false},"author":1,"featured_media":0,"comment_status":"closed","ping_status":"closed","sticky":false,"template":"","format":"standard","meta":{"footnotes":""},"categories":[1,71],"tags":[],"class_list":["post-89423","post","type-post","status-publish","format-standard","hentry","category-startseite","category-feuerwehr"],"_links":{"self":[{"href":"https:\/\/www.fuldaernachrichten.de\/index.php?rest_route=\/wp\/v2\/posts\/89423","targetHints":{"allow":["GET"]}}],"collection":[{"href":"https:\/\/www.fuldaernachrichten.de\/index.php?rest_route=\/wp\/v2\/posts"}],"about":[{"href":"https:\/\/www.fuldaernachrichten.de\/index.php?rest_route=\/wp\/v2\/types\/post"}],"author":[{"embeddable":true,"href":"https:\/\/www.fuldaernachrichten.de\/index.php?rest_route=\/wp\/v2\/users\/1"}],"replies":[{"embeddable":true,"href":"https:\/\/www.fuldaernachrichten.de\/index.php?rest_route=%2Fwp%2Fv2%2Fcomments&post=89423"}],"version-history":[{"count":0,"href":"https:\/\/www.fuldaernachrichten.de\/index.php?rest_route=\/wp\/v2\/posts\/89423\/revisions"}],"wp:attachment":[{"href":"https:\/\/www.fuldaernachrichten.de\/index.php?rest_route=%2Fwp%2Fv2%2Fmedia&parent=89423"}],"wp:term":[{"taxonomy":"category","embeddable":true,"href":"https:\/\/www.fuldaernachrichten.de\/index.php?rest_route=%2Fwp%2Fv2%2Fcategories&post=89423"},{"taxonomy":"post_tag","embeddable":true,"href":"https:\/\/www.fuldaernachrichten.de\/index.php?rest_route=%2Fwp%2Fv2%2Ftags&post=89423"}],"curies":[{"name":"wp","href":"https:\/\/api.w.org\/{rel}","templated":true}]}}