{"id":8942,"date":"2008-04-23T00:08:56","date_gmt":"2008-04-22T22:08:56","guid":{"rendered":"http:\/\/www.schoene-nachrichten.de\/?p=8942"},"modified":"2008-04-23T00:08:56","modified_gmt":"2008-04-22T22:08:56","slug":"uewag-beraet-bei-hausmessen-von-bien-zenker-und-rensch-haus","status":"publish","type":"post","link":"https:\/\/www.fuldaernachrichten.de\/?p=8942","title":{"rendered":"\u00dcWAG ber\u00e4t bei Hausmessen von Bien-Zenker und RENSCH-HAUS"},"content":{"rendered":"<p><strong>Fulda. <\/strong>Die \u00dcberlandwerk Fulda Aktiengesellschaft, Osthessens f\u00fchrender Energieversorger, beteiligt sich zum Tag des Deutschen Fertigbaus an den Hausmessen der Bien-Zenker AG in Schl\u00fcchtern und der RENSCH-HAUS GmbH in Uttrichshausen. Die Ausstellung bei Bien-Zenker ist am Sonntag, 27. April 2008, in der Zeit von 10:00 bis 17:00 Uhr ge\u00f6ffnet, die bei der RENSCH-HAUS GmbH am Samstag, 26. und am Sonntag, 27. April ebenfalls von 10:00 bis 17:00 Uhr. <!--more--><\/p>\n<p>Die \u00dcWAG bietet an dem Aktionstag Beratung zum Thema \u201eBauen und Energie\u201c. Dabei geben die Experten wertvolle Tipps zum Energiesparen und informieren zu aktuellen Themen: Von den ma\u00dfgeschneiderten Tarifangeboten der \u00dcWAG bis zum Energieausweis f\u00fcr Geb\u00e4ude und dem zukunftsf\u00e4higen Heizsystem \u2013 der W\u00e4rmepumpe.<\/p>\n<p>Eine W\u00e4rmepumpe kann die Energiebilanz eines Wohnhauses deutlich verbessern. Sie spart CO2 und rund 50 Prozent Heizkosten (Quelle: HEA) ein, und nutzt die in der Umwelt kostenlos gespeicherte W\u00e4rme. In H\u00e4usern mit kontrollierter Wohnrauml\u00fcftung k\u00f6nnen W\u00e4rmepumpen f\u00fcr die R\u00fcckgewinnung der W\u00e4rme aus der Raumluft genutzt werden: Die hierbei gewonnene Energie wird f\u00fcr Heizung- und Warmwasserbereitung eingesetzt. Die \u00dcWAG unterst\u00fctzt den Einsatz der W\u00e4rmepumpentechnik mit einem F\u00f6rderprogramm und einem attraktiven Sondertarif.<\/p>\n<p>Neben der \u00dcWAG pr\u00e4sentieren bei den Hausmessen zahlreiche weitere Aussteller ihre Angebote und Dienstleistungen rund um den energiesparenden und umweltfreundlichen Hausbau. Au\u00dferdem k\u00f6nnen die Besucher der \u00dcWAG-Messest\u00e4nde bei Bien-Zenker und RENSCH-HAUS an einem Gewinnspiel mit attraktiven Preisen teilnehmen. Die Hausmessen stehen allen Besuchern offen, der Eintritt ist frei.<\/p>\n","protected":false},"excerpt":{"rendered":"<div class=\"tmnf_excerpt\"><p>Fulda. Die \u00dcberlandwerk Fulda Aktiengesellschaft, Osthessens f\u00fchrender Energieversorger, beteiligt sich zum Tag des Deutschen Fertigbaus an den Hausmessen der Bien-Zenker AG in Schl\u00fcchtern und der RENSCH-HAUS GmbH in Uttrichshausen. Die Ausstellung bei Bien-Zenker ist am Sonntag, 27. April 2008, in der Zeit von 10:00 bis 17:00 Uhr ge\u00f6ffnet, die bei der RENSCH-HAUS GmbH am Samstag, &hellip;<\/p>\n<\/div>","protected":false},"author":1,"featured_media":0,"comment_status":"closed","ping_status":"closed","sticky":false,"template":"","format":"standard","meta":{"footnotes":""},"categories":[1],"tags":[],"class_list":["post-8942","post","type-post","status-publish","format-standard","hentry","category-startseite"],"_links":{"self":[{"href":"https:\/\/www.fuldaernachrichten.de\/index.php?rest_route=\/wp\/v2\/posts\/8942","targetHints":{"allow":["GET"]}}],"collection":[{"href":"https:\/\/www.fuldaernachrichten.de\/index.php?rest_route=\/wp\/v2\/posts"}],"about":[{"href":"https:\/\/www.fuldaernachrichten.de\/index.php?rest_route=\/wp\/v2\/types\/post"}],"author":[{"embeddable":true,"href":"https:\/\/www.fuldaernachrichten.de\/index.php?rest_route=\/wp\/v2\/users\/1"}],"replies":[{"embeddable":true,"href":"https:\/\/www.fuldaernachrichten.de\/index.php?rest_route=%2Fwp%2Fv2%2Fcomments&post=8942"}],"version-history":[{"count":0,"href":"https:\/\/www.fuldaernachrichten.de\/index.php?rest_route=\/wp\/v2\/posts\/8942\/revisions"}],"wp:attachment":[{"href":"https:\/\/www.fuldaernachrichten.de\/index.php?rest_route=%2Fwp%2Fv2%2Fmedia&parent=8942"}],"wp:term":[{"taxonomy":"category","embeddable":true,"href":"https:\/\/www.fuldaernachrichten.de\/index.php?rest_route=%2Fwp%2Fv2%2Fcategories&post=8942"},{"taxonomy":"post_tag","embeddable":true,"href":"https:\/\/www.fuldaernachrichten.de\/index.php?rest_route=%2Fwp%2Fv2%2Ftags&post=8942"}],"curies":[{"name":"wp","href":"https:\/\/api.w.org\/{rel}","templated":true}]}}