{"id":894,"date":"2007-01-19T11:30:37","date_gmt":"2007-01-19T10:30:37","guid":{"rendered":"http:\/\/www.schoene-nachrichten.de\/?p=894"},"modified":"2007-01-18T22:07:07","modified_gmt":"2007-01-18T21:07:07","slug":"von-aktivwochenende-bis-workshop-broschure-%e2%80%9ebildung-und-freizeit-2007%e2%80%9c-erscheint-morgen","status":"publish","type":"post","link":"https:\/\/www.fuldaernachrichten.de\/?p=894","title":{"rendered":"Von Aktivwochenende bis Workshop &#8211; Brosch\u00fcre \u201eBildung und Freizeit 2007\u201c erscheint morgen"},"content":{"rendered":"<p><strong>Sch\u00f6nes aus Fulda.<\/strong> Das Amt f\u00fcr Jugend und Familie der Stadt Fulda hat f\u00fcr das Jahr 2007 wieder ein umfangreiches Freizeit- und Bildungsprogramm mit spannenden Tagesaktionen, Kursen, Workshops, Projekten, Aktiv-Wochenenden und Bildungsurlauben f\u00fcr Kinder und Jugendliche zusammengestellt.\u00c2\u00a0Die Brosch\u00fcre \u201eBildung und Freizeit 2007\u201c wird morgen ver\u00f6ffentlicht und kann im B\u00fcrgerb\u00fcro der Stadt Fulda abgeholt werden. Erste Anmeldungen werden ebenfalls ab dem 20. Januar von 9.00 bis 12.00 Uhr entgegengenommen. Die Informationen sind auch im Internet unter: <a href=\"http:\/\/www.fulda.de\" target=\"_blank\">www.fulda.de<\/a> verf\u00fcgbar.<\/p>\n","protected":false},"excerpt":{"rendered":"<div class=\"tmnf_excerpt\"><p>Sch\u00f6nes aus Fulda. Das Amt f\u00fcr Jugend und Familie der Stadt Fulda hat f\u00fcr das Jahr 2007 wieder ein umfangreiches Freizeit- und Bildungsprogramm mit spannenden Tagesaktionen, Kursen, Workshops, Projekten, Aktiv-Wochenenden und Bildungsurlauben f\u00fcr Kinder und Jugendliche zusammengestellt.\u00c2\u00a0Die Brosch\u00fcre \u201eBildung und Freizeit 2007\u201c wird morgen ver\u00f6ffentlicht und kann im B\u00fcrgerb\u00fcro der Stadt Fulda abgeholt werden. Erste &hellip;<\/p>\n<\/div>","protected":false},"author":1,"featured_media":0,"comment_status":"closed","ping_status":"closed","sticky":false,"template":"","format":"standard","meta":{"footnotes":""},"categories":[1,53],"tags":[],"class_list":["post-894","post","type-post","status-publish","format-standard","hentry","category-startseite","category-bildung"],"_links":{"self":[{"href":"https:\/\/www.fuldaernachrichten.de\/index.php?rest_route=\/wp\/v2\/posts\/894","targetHints":{"allow":["GET"]}}],"collection":[{"href":"https:\/\/www.fuldaernachrichten.de\/index.php?rest_route=\/wp\/v2\/posts"}],"about":[{"href":"https:\/\/www.fuldaernachrichten.de\/index.php?rest_route=\/wp\/v2\/types\/post"}],"author":[{"embeddable":true,"href":"https:\/\/www.fuldaernachrichten.de\/index.php?rest_route=\/wp\/v2\/users\/1"}],"replies":[{"embeddable":true,"href":"https:\/\/www.fuldaernachrichten.de\/index.php?rest_route=%2Fwp%2Fv2%2Fcomments&post=894"}],"version-history":[{"count":0,"href":"https:\/\/www.fuldaernachrichten.de\/index.php?rest_route=\/wp\/v2\/posts\/894\/revisions"}],"wp:attachment":[{"href":"https:\/\/www.fuldaernachrichten.de\/index.php?rest_route=%2Fwp%2Fv2%2Fmedia&parent=894"}],"wp:term":[{"taxonomy":"category","embeddable":true,"href":"https:\/\/www.fuldaernachrichten.de\/index.php?rest_route=%2Fwp%2Fv2%2Fcategories&post=894"},{"taxonomy":"post_tag","embeddable":true,"href":"https:\/\/www.fuldaernachrichten.de\/index.php?rest_route=%2Fwp%2Fv2%2Ftags&post=894"}],"curies":[{"name":"wp","href":"https:\/\/api.w.org\/{rel}","templated":true}]}}