{"id":8939,"date":"2008-04-23T00:08:29","date_gmt":"2008-04-22T22:08:29","guid":{"rendered":"http:\/\/www.schoene-nachrichten.de\/?p=8939"},"modified":"2008-04-23T00:08:29","modified_gmt":"2008-04-22T22:08:29","slug":"prof-dr-erich-hofmann-ist-praesident-des-berufsverbandes-deutscher-neuroradiologen-bdnr","status":"publish","type":"post","link":"https:\/\/www.fuldaernachrichten.de\/?p=8939","title":{"rendered":"Prof. Dr. Erich Hofmann ist Pr\u00e4sident des Berufsverbandes Deutscher Neuroradiologen (BDNR)"},"content":{"rendered":"<p><a rel=\"lightbox[roadtrip]\" href=\"http:\/\/www.schoene-nachrichten.de\/wp-content\/uploads\/2008\/04\/080422_dr_hofmann.jpg\" target=\"_blank\"><img decoding=\"async\" class=\"alignleft size-thumbnail wp-image-8948\" title=\"080422_dr_hofmann\" src=\"http:\/\/www.schoene-nachrichten.de\/wp-content\/uploads\/2008\/04\/080422_dr_hofmann-128x85.jpg\" alt=\"\" hspace=\"5\" width=\"128\" height=\"85\" align=\"left\" \/><\/a><strong>Fulda.<\/strong> Prof. Dr. med. Erich Hofmann, Direktor der Klinik f\u00fcr Diagnostische und Interventionelle Neuroradiologie am Klinikum Fulda, wurde f\u00fcr 3 Jahre zum Pr\u00e4sidenten des Berufsverbandes Deutscher Neuroradiologen (BDNR) gew\u00e4hlt. Damit steht Prof. Hofmann an der Spitze der hauptamtlich t\u00e4tigen Neuroradiologen Deutschlands. Schon vor 2 Jahren r\u00fcckte Fulda in den Mittelpunkt der Neuroradiologie, als der BDNR am Frauenberg sein allj\u00e4hrliches Symposium veranstaltete.<!--more--><\/p>\n<p>\u201eOffenbar hat Fulda in der Szene damals einen guten Eindruck hinterlassen\u201c, so Hofmann zufrieden. Die Wahl freut ihn ganz besonders, da der neuroradiologische Standort Fulda noch recht neu ist.<\/p>\n<p>Die Neuroradiologie befasst sich als Schwerpunkt innerhalb der Radiologie vor allem mit Erkrankungen des Zentralen Nervensystems, des Kopfes und der Wirbels\u00e4ule. Prof. Hofmann m\u00f6chte sich w\u00e4hrend seiner Pr\u00e4sidentschaft unter anderem um die Verbesserung der neuroradiologischen Versorgung in der Fl\u00e4che k\u00fcmmern. Mit der Computertomographie und Kernspintomographie stehen bereits hervorragende diagnostische Instrumente fl\u00e4chendeckend zur Verf\u00fcgung.<\/p>\n<p>\u201eJetzt muss man das Know-How in den Praxen und Krankenh\u00e4usern durch st\u00e4ndige Fortbildung ausbauen. Die Nachfrage nach neuroradiologischen Leistungen ist enorm\u201c, erl\u00e4uterte Prof. Hofmann, der vergangenes Jahr auf dem Deutschen R\u00f6ntgenkongress in Berlin f\u00fcr seine langj\u00e4hrigen Fortbildungsaktivit\u00e4ten mit dem Wachsmann-Preis der Deutschen R\u00f6ntgengesellschaft ausgezeichnet wurde.<\/p>\n<p>\u201eFortbildung ist aber nicht alles. Wir Neuroradiologen vertreten ein junges, attraktives Fach und viele Kollegen wollen Neuroradiologen werden. Wir d\u00fcrfen kein kleiner, elit\u00e4rer Zirkel sein, sondern m\u00fcssen uns mehr f\u00fcr unseren Nachwuchs \u00f6ffnen als bisher\u201c, meint Hofmann nachdenklich.<\/p>\n","protected":false},"excerpt":{"rendered":"<div class=\"tmnf_excerpt\"><p>Fulda. Prof. Dr. med. Erich Hofmann, Direktor der Klinik f\u00fcr Diagnostische und Interventionelle Neuroradiologie am Klinikum Fulda, wurde f\u00fcr 3 Jahre zum Pr\u00e4sidenten des Berufsverbandes Deutscher Neuroradiologen (BDNR) gew\u00e4hlt. Damit steht Prof. Hofmann an der Spitze der hauptamtlich t\u00e4tigen Neuroradiologen Deutschlands. Schon vor 2 Jahren r\u00fcckte Fulda in den Mittelpunkt der Neuroradiologie, als der BDNR &hellip;<\/p>\n<\/div>","protected":false},"author":1,"featured_media":0,"comment_status":"closed","ping_status":"closed","sticky":false,"template":"","format":"standard","meta":{"footnotes":""},"categories":[1,51],"tags":[],"class_list":["post-8939","post","type-post","status-publish","format-standard","hentry","category-startseite","category-medizin"],"_links":{"self":[{"href":"https:\/\/www.fuldaernachrichten.de\/index.php?rest_route=\/wp\/v2\/posts\/8939","targetHints":{"allow":["GET"]}}],"collection":[{"href":"https:\/\/www.fuldaernachrichten.de\/index.php?rest_route=\/wp\/v2\/posts"}],"about":[{"href":"https:\/\/www.fuldaernachrichten.de\/index.php?rest_route=\/wp\/v2\/types\/post"}],"author":[{"embeddable":true,"href":"https:\/\/www.fuldaernachrichten.de\/index.php?rest_route=\/wp\/v2\/users\/1"}],"replies":[{"embeddable":true,"href":"https:\/\/www.fuldaernachrichten.de\/index.php?rest_route=%2Fwp%2Fv2%2Fcomments&post=8939"}],"version-history":[{"count":0,"href":"https:\/\/www.fuldaernachrichten.de\/index.php?rest_route=\/wp\/v2\/posts\/8939\/revisions"}],"wp:attachment":[{"href":"https:\/\/www.fuldaernachrichten.de\/index.php?rest_route=%2Fwp%2Fv2%2Fmedia&parent=8939"}],"wp:term":[{"taxonomy":"category","embeddable":true,"href":"https:\/\/www.fuldaernachrichten.de\/index.php?rest_route=%2Fwp%2Fv2%2Fcategories&post=8939"},{"taxonomy":"post_tag","embeddable":true,"href":"https:\/\/www.fuldaernachrichten.de\/index.php?rest_route=%2Fwp%2Fv2%2Ftags&post=8939"}],"curies":[{"name":"wp","href":"https:\/\/api.w.org\/{rel}","templated":true}]}}