{"id":8937,"date":"2008-04-23T00:09:59","date_gmt":"2008-04-22T22:09:59","guid":{"rendered":"http:\/\/www.schoene-nachrichten.de\/?p=8937"},"modified":"2008-04-23T00:09:59","modified_gmt":"2008-04-22T22:09:59","slug":"kuenstlerin-birgit-botzum-stellt-im-hospiz-aus","status":"publish","type":"post","link":"https:\/\/www.fuldaernachrichten.de\/?p=8937","title":{"rendered":"K\u00fcnstlerin Birgit Botzum stellt im Hospiz aus"},"content":{"rendered":"<p><a rel=\"lightbox[roadtrip]\" href=\"http:\/\/www.schoene-nachrichten.de\/wp-content\/uploads\/2008\/04\/080422_hospiz.jpg\" target=\"_blank\"><img decoding=\"async\" class=\"alignleft size-thumbnail wp-image-8949\" title=\"080422_hospiz\" src=\"http:\/\/www.schoene-nachrichten.de\/wp-content\/uploads\/2008\/04\/080422_hospiz-128x85.jpg\" alt=\"\" hspace=\"5\" width=\"128\" height=\"85\" align=\"left\" \/><\/a><strong>Fulda.<\/strong> P\u00fcnktlich mit Fr\u00fchlingsbeginn hat auch der Flur im Hospiz St. Elisabeth ein neues \u201eOutfit\u201c bekommen. Seit einigen Tagen sind im Flur des Hospizes Bilder der freischaffenden K\u00fcnstlerin Birgit Botzum aus Fulda zu sehen.<!--more--><\/p>\n<p>Nicht nur fr\u00fchlingshafte florale Motive, auch Landschaftsmalereien schm\u00fccken die W\u00e4nde. G\u00e4ste wie Besucher sind eingeladen, einen Moment innezuhalten, um die sch\u00f6nen Bilder zu betrachten. Die neue Ausstellung l\u00f6st die Ausstellung \u201eLebenszyklen\u201c der K\u00fcnstlerin Christine Hartmann aus Fulda-Harmerz ab, die seit November im Hospiz zu sehen war.<\/p>\n","protected":false},"excerpt":{"rendered":"<div class=\"tmnf_excerpt\"><p>Fulda. P\u00fcnktlich mit Fr\u00fchlingsbeginn hat auch der Flur im Hospiz St. Elisabeth ein neues \u201eOutfit\u201c bekommen. Seit einigen Tagen sind im Flur des Hospizes Bilder der freischaffenden K\u00fcnstlerin Birgit Botzum aus Fulda zu sehen.<\/p>\n<\/div>","protected":false},"author":1,"featured_media":0,"comment_status":"closed","ping_status":"closed","sticky":false,"template":"","format":"standard","meta":{"footnotes":""},"categories":[1,51,50],"tags":[],"class_list":["post-8937","post","type-post","status-publish","format-standard","hentry","category-startseite","category-medizin","category-kirche"],"_links":{"self":[{"href":"https:\/\/www.fuldaernachrichten.de\/index.php?rest_route=\/wp\/v2\/posts\/8937","targetHints":{"allow":["GET"]}}],"collection":[{"href":"https:\/\/www.fuldaernachrichten.de\/index.php?rest_route=\/wp\/v2\/posts"}],"about":[{"href":"https:\/\/www.fuldaernachrichten.de\/index.php?rest_route=\/wp\/v2\/types\/post"}],"author":[{"embeddable":true,"href":"https:\/\/www.fuldaernachrichten.de\/index.php?rest_route=\/wp\/v2\/users\/1"}],"replies":[{"embeddable":true,"href":"https:\/\/www.fuldaernachrichten.de\/index.php?rest_route=%2Fwp%2Fv2%2Fcomments&post=8937"}],"version-history":[{"count":0,"href":"https:\/\/www.fuldaernachrichten.de\/index.php?rest_route=\/wp\/v2\/posts\/8937\/revisions"}],"wp:attachment":[{"href":"https:\/\/www.fuldaernachrichten.de\/index.php?rest_route=%2Fwp%2Fv2%2Fmedia&parent=8937"}],"wp:term":[{"taxonomy":"category","embeddable":true,"href":"https:\/\/www.fuldaernachrichten.de\/index.php?rest_route=%2Fwp%2Fv2%2Fcategories&post=8937"},{"taxonomy":"post_tag","embeddable":true,"href":"https:\/\/www.fuldaernachrichten.de\/index.php?rest_route=%2Fwp%2Fv2%2Ftags&post=8937"}],"curies":[{"name":"wp","href":"https:\/\/api.w.org\/{rel}","templated":true}]}}