{"id":8933,"date":"2008-04-19T01:05:42","date_gmt":"2008-04-18T23:05:42","guid":{"rendered":"http:\/\/www.schoene-nachrichten.de\/?p=8933"},"modified":"2008-06-11T11:04:49","modified_gmt":"2008-06-11T09:04:49","slug":"adac-hessen-rallye-vogelsberg-wrc-super-2000-und-kit-cars-am-willofser-rundkurs","status":"publish","type":"post","link":"https:\/\/www.fuldaernachrichten.de\/?p=8933","title":{"rendered":"ADAC Hessen Rallye Vogelsberg: WRC, Super 2000 und Kit Cars am Willofser Rundkurs"},"content":{"rendered":"<p><strong>Motorsport.<\/strong> Zum Auftakt der ADAC Hessen Rallye Vogelsberg wurde am gestrigen Freitagabend von den Rallyepiloten der legend\u00e4re Rundkurs in Willofs unter die R\u00e4der genommen. Etwa 3.500 begeisterte Fans und Anh\u00e4nger des Motorsports pilgerten mit Shuttlebussen nach Willofs, um an der Strecke die &#8220;Slowly Sideways&#8221; zu bestaunen, die um 19:15 Uhr an den Start gingen. Diese Fahrzeuge mit Technik aus l\u00e4ngst vergangenen Tagen sind immer wieder eine Augenweide f\u00fcr die Zuschauer.<\/p>\n<p><strong>Fotos (63):<\/strong> Marco Hellwig<\/p>\n<p><a title=\"Foto: Marco Hellwig\" rel=\"lightbox[roadtrip]\" href=\"http:\/\/www.schoene-nachrichten.de\/wp-content\/uploads\/2008\/Marco\/080418_rallye-wi_55.jpg\" target=\"_blank\"><img decoding=\"async\" src=\"http:\/\/www.schoene-nachrichten.de\/wp-content\/uploads\/2008\/Marco\/080418_rallye-wi_55.thumbnail.jpg\" alt=\"080418_rallye-wi_55.jpg\" width=\"128\" \/><\/a>\u00c2\u00a0<a title=\"Foto: Marco Hellwig\" rel=\"lightbox[roadtrip]\" href=\"http:\/\/www.schoene-nachrichten.de\/wp-content\/uploads\/2008\/Marco\/080418_rallye-wi_18.jpg\" target=\"_blank\"><img decoding=\"async\" src=\"http:\/\/www.schoene-nachrichten.de\/wp-content\/uploads\/2008\/Marco\/080418_rallye-wi_18.thumbnail.jpg\" alt=\"080418_rallye-wi_18.jpg\" width=\"128\" \/><\/a><a title=\"Foto: Marco Hellwig\" rel=\"lightbox[roadtrip]\" href=\"http:\/\/www.schoene-nachrichten.de\/wp-content\/uploads\/2008\/Marco\/080418_rallye-wi_01.jpg\" target=\"_blank\"><\/a>\u00c2\u00a0<a title=\"Foto: Marco Hellwig\" rel=\"lightbox[roadtrip]\" href=\"http:\/\/www.schoene-nachrichten.de\/wp-content\/uploads\/2008\/Marco\/080418_rallye-wi_07.jpg\" target=\"_blank\"><img decoding=\"async\" src=\"http:\/\/www.schoene-nachrichten.de\/wp-content\/uploads\/2008\/Marco\/080418_rallye-wi_07.thumbnail.jpg\" alt=\"080418_rallye-wi_07.jpg\" width=\"128\" \/><\/a><a title=\"Foto: Marco Hellwig\" rel=\"lightbox[roadtrip]\" href=\"http:\/\/www.schoene-nachrichten.de\/wp-content\/uploads\/2008\/Marco\/080418_rallye-wi_03.jpg\" target=\"_blank\"><\/a><\/p>\n<p><a title=\"Foto: Marco Hellwig\" rel=\"lightbox[roadtrip]\" href=\"http:\/\/www.schoene-nachrichten.de\/wp-content\/uploads\/2008\/Marco\/080418_rallye-wi_27.jpg\" target=\"_blank\"><img decoding=\"async\" src=\"http:\/\/www.schoene-nachrichten.de\/wp-content\/uploads\/2008\/Marco\/080418_rallye-wi_27.thumbnail.jpg\" alt=\"080418_rallye-wi_27.jpg\" width=\"128\" \/><\/a>\u00c2\u00a0<a title=\"Foto: Marco Hellwig\" rel=\"lightbox[roadtrip]\" href=\"http:\/\/www.schoene-nachrichten.de\/wp-content\/uploads\/2008\/Marco\/080418_rallye-wi_04.jpg\" target=\"_blank\"><img decoding=\"async\" src=\"http:\/\/www.schoene-nachrichten.de\/wp-content\/uploads\/2008\/Marco\/080418_rallye-wi_04.thumbnail.jpg\" alt=\"080418_rallye-wi_04.jpg\" width=\"128\" \/><\/a>\u00c2\u00a0<a title=\"Foto: Marco Hellwig\" rel=\"lightbox[roadtrip]\" href=\"http:\/\/www.schoene-nachrichten.de\/wp-content\/uploads\/2008\/Marco\/080418_rallye-wi_43.jpg\" target=\"_blank\"><img decoding=\"async\" src=\"http:\/\/www.schoene-nachrichten.de\/wp-content\/uploads\/2008\/Marco\/080418_rallye-wi_43.thumbnail.jpg\" alt=\"080418_rallye-wi_43.jpg\" width=\"128\" \/><\/a><!--more--><a title=\"Foto: Marco Hellwig\" rel=\"lightbox[roadtrip]\" href=\"http:\/\/www.schoene-nachrichten.de\/wp-content\/uploads\/2008\/Marco\/080418_rallye-wi_06.jpg\" target=\"_blank\"><\/a><\/p>\n<p>P\u00fcnktlich um 20:08 Uhr fiel der Startschuss zum zweiten Lauf der Deutschen Rallye Meisterschaft im Vogelsberg. Hermann Gassner, Sandro Wallenwein, Olaf Dobberkau sowie Matthias Kahle und viele weitere Gr\u00f6\u00dfen des deutschen Rallyesports lie\u00dfen es auf dem perfekt vorbereiteten Rundkurs krachen. Als Highlight des Abends konnten sich die privat eingesetzten Wagen der neu gegr\u00fcndeten Euro Rally Challenge behaupten, die nahezu \u00fcber die Strecke flogen. World Rallye Cars, Super 2000 und Kit Cars setzten die Messlatte der Zeiten sehr hoch &#8211; haupts\u00e4chlich werden diese Autos in der Weltmeisterschaft eingesetzt. Nachdem die Zuschauer durch die schnellen Boliden eingestimmt wurden, lie\u00df der Veranstalter das allj\u00e4hrliche H\u00f6henfeuerwerk um 21:30 Uhr z\u00fcnden. Weitere Fahrzeuge gingen nach dem Feuerwerk an den Start, die sich bis etwa 23 Uhr die Zeiten um die Ohren fegten.<\/p>\n<p><a title=\"Foto: Marco Hellwig\" rel=\"lightbox[roadtrip]\" href=\"http:\/\/www.schoene-nachrichten.de\/wp-content\/uploads\/2008\/Marco\/080418_rallye-wi_03.jpg\" target=\"_blank\"><img decoding=\"async\" src=\"http:\/\/www.schoene-nachrichten.de\/wp-content\/uploads\/2008\/Marco\/080418_rallye-wi_03.thumbnail.jpg\" alt=\"080418_rallye-wi_03.jpg\" width=\"128\" \/><\/a><a title=\"Foto: Marco Hellwig\" rel=\"lightbox[roadtrip]\" href=\"http:\/\/www.schoene-nachrichten.de\/wp-content\/uploads\/2008\/Marco\/080418_rallye-wi_07.jpg\" target=\"_blank\"><\/a>\u00c2\u00a0<a title=\"Foto: Marco Hellwig\" rel=\"lightbox[roadtrip]\" href=\"http:\/\/www.schoene-nachrichten.de\/wp-content\/uploads\/2008\/Marco\/080418_rallye-wi_08.jpg\" target=\"_blank\"><img decoding=\"async\" src=\"http:\/\/www.schoene-nachrichten.de\/wp-content\/uploads\/2008\/Marco\/080418_rallye-wi_08.thumbnail.jpg\" alt=\"080418_rallye-wi_08.jpg\" width=\"128\" \/><\/a> <a title=\"Foto: Marco Hellwig\" rel=\"lightbox[roadtrip]\" href=\"http:\/\/www.schoene-nachrichten.de\/wp-content\/uploads\/2008\/Marco\/080418_rallye-wi_09.jpg\" target=\"_blank\"><img decoding=\"async\" src=\"http:\/\/www.schoene-nachrichten.de\/wp-content\/uploads\/2008\/Marco\/080418_rallye-wi_09.thumbnail.jpg\" alt=\"080418_rallye-wi_09.jpg\" width=\"128\" \/><\/a><\/p>\n<p><a title=\"Foto: Marco Hellwig\" rel=\"lightbox[roadtrip]\" href=\"http:\/\/www.schoene-nachrichten.de\/wp-content\/uploads\/2008\/Marco\/080418_rallye-wi_10.jpg\" target=\"_blank\"><img decoding=\"async\" src=\"http:\/\/www.schoene-nachrichten.de\/wp-content\/uploads\/2008\/Marco\/080418_rallye-wi_10.thumbnail.jpg\" alt=\"080418_rallye-wi_10.jpg\" width=\"128\" \/><\/a> <a title=\"Foto: Marco Hellwig\" rel=\"lightbox[roadtrip]\" href=\"http:\/\/www.schoene-nachrichten.de\/wp-content\/uploads\/2008\/Marco\/080418_rallye-wi_11.jpg\" target=\"_blank\"><img decoding=\"async\" src=\"http:\/\/www.schoene-nachrichten.de\/wp-content\/uploads\/2008\/Marco\/080418_rallye-wi_11.thumbnail.jpg\" alt=\"080418_rallye-wi_11.jpg\" width=\"128\" \/><\/a> <a title=\"Foto: Marco Hellwig\" rel=\"lightbox[roadtrip]\" href=\"http:\/\/www.schoene-nachrichten.de\/wp-content\/uploads\/2008\/Marco\/080418_rallye-wi_12.jpg\" target=\"_blank\"><img decoding=\"async\" src=\"http:\/\/www.schoene-nachrichten.de\/wp-content\/uploads\/2008\/Marco\/080418_rallye-wi_12.thumbnail.jpg\" alt=\"080418_rallye-wi_12.jpg\" width=\"128\" \/><\/a><\/p>\n<p>Der heutige Tag beginnt f\u00fcr Fans und Fahrer in Storndorf, wo um 7:46 Uhr das erste Fahrzeug an den Start gehen wird. Anschlie\u00dfend folgen die Wertungspr\u00fcfungen Schotten, Schlitz und Niederaula, die jeweils zwei Mal befahren werden m\u00fcssen. Auch dieses Spektakel sollte man sich als eingefleischter Motorsportfan nicht entgehen lassen.<\/p>\n<p><a title=\"Foto: Marco Hellwig\" rel=\"lightbox[roadtrip]\" href=\"http:\/\/www.schoene-nachrichten.de\/wp-content\/uploads\/2008\/Marco\/080418_rallye-wi_13.jpg\" target=\"_blank\"><img decoding=\"async\" src=\"http:\/\/www.schoene-nachrichten.de\/wp-content\/uploads\/2008\/Marco\/080418_rallye-wi_13.thumbnail.jpg\" alt=\"080418_rallye-wi_13.jpg\" width=\"128\" \/><\/a> <a title=\"Foto: Marco Hellwig\" rel=\"lightbox[roadtrip]\" href=\"http:\/\/www.schoene-nachrichten.de\/wp-content\/uploads\/2008\/Marco\/080418_rallye-wi_14.jpg\" target=\"_blank\"><img decoding=\"async\" src=\"http:\/\/www.schoene-nachrichten.de\/wp-content\/uploads\/2008\/Marco\/080418_rallye-wi_14.thumbnail.jpg\" alt=\"080418_rallye-wi_14.jpg\" width=\"128\" \/><\/a> <a title=\"Foto: Marco Hellwig\" rel=\"lightbox[roadtrip]\" href=\"http:\/\/www.schoene-nachrichten.de\/wp-content\/uploads\/2008\/Marco\/080418_rallye-wi_15.jpg\" target=\"_blank\"><img decoding=\"async\" src=\"http:\/\/www.schoene-nachrichten.de\/wp-content\/uploads\/2008\/Marco\/080418_rallye-wi_15.thumbnail.jpg\" alt=\"080418_rallye-wi_15.jpg\" width=\"128\" \/><\/a><\/p>\n<p><a title=\"Foto: Marco Hellwig\" rel=\"lightbox[roadtrip]\" href=\"http:\/\/www.schoene-nachrichten.de\/wp-content\/uploads\/2008\/Marco\/080418_rallye-wi_16.jpg\" target=\"_blank\"><img decoding=\"async\" src=\"http:\/\/www.schoene-nachrichten.de\/wp-content\/uploads\/2008\/Marco\/080418_rallye-wi_16.thumbnail.jpg\" alt=\"080418_rallye-wi_16.jpg\" width=\"128\" \/><\/a> <a title=\"Foto: Marco Hellwig\" rel=\"lightbox[roadtrip]\" href=\"http:\/\/www.schoene-nachrichten.de\/wp-content\/uploads\/2008\/Marco\/080418_rallye-wi_17.jpg\" target=\"_blank\"><img decoding=\"async\" src=\"http:\/\/www.schoene-nachrichten.de\/wp-content\/uploads\/2008\/Marco\/080418_rallye-wi_17.thumbnail.jpg\" alt=\"080418_rallye-wi_17.jpg\" width=\"128\" \/><\/a> <a title=\"Foto: Marco Hellwig\" rel=\"lightbox[roadtrip]\" href=\"http:\/\/www.schoene-nachrichten.de\/wp-content\/uploads\/2008\/Marco\/080418_rallye-wi_01.jpg\" target=\"_blank\"><img decoding=\"async\" src=\"http:\/\/www.schoene-nachrichten.de\/wp-content\/uploads\/2008\/Marco\/080418_rallye-wi_01.thumbnail.jpg\" alt=\"080418_rallye-wi_01.jpg\" width=\"128\" \/><\/a><a title=\"Foto: Marco Hellwig\" rel=\"lightbox[roadtrip]\" href=\"http:\/\/www.schoene-nachrichten.de\/wp-content\/uploads\/2008\/Marco\/080418_rallye-wi_18.jpg\" target=\"_blank\"><\/a><\/p>\n<p>Zum Schluss haben wir eine sch\u00f6ne Nachricht f\u00fce Sie: Die beiden Porsche-Piloten, die am Donnerstag bei der Einstellungsfahrt in einen Unfall verwickelt wurden, konnten beide nach einem gr\u00fcndlichen Check das Krankenhaus wieder verlassen.<\/p>\n<p><a title=\"Foto: Marco Hellwig\" rel=\"lightbox[roadtrip]\" href=\"http:\/\/www.schoene-nachrichten.de\/wp-content\/uploads\/2008\/Marco\/080418_rallye-wi_19.jpg\" target=\"_blank\"><img decoding=\"async\" src=\"http:\/\/www.schoene-nachrichten.de\/wp-content\/uploads\/2008\/Marco\/080418_rallye-wi_19.thumbnail.jpg\" alt=\"080418_rallye-wi_19.jpg\" width=\"128\" \/><\/a> <a title=\"Foto: Marco Hellwig\" rel=\"lightbox[roadtrip]\" href=\"http:\/\/www.schoene-nachrichten.de\/wp-content\/uploads\/2008\/Marco\/080418_rallye-wi_20.jpg\" target=\"_blank\"><img decoding=\"async\" src=\"http:\/\/www.schoene-nachrichten.de\/wp-content\/uploads\/2008\/Marco\/080418_rallye-wi_20.thumbnail.jpg\" alt=\"080418_rallye-wi_20.jpg\" width=\"128\" \/><\/a> <a title=\"Foto: Marco Hellwig\" rel=\"lightbox[roadtrip]\" href=\"http:\/\/www.schoene-nachrichten.de\/wp-content\/uploads\/2008\/Marco\/080418_rallye-wi_21.jpg\" target=\"_blank\"><img decoding=\"async\" src=\"http:\/\/www.schoene-nachrichten.de\/wp-content\/uploads\/2008\/Marco\/080418_rallye-wi_21.thumbnail.jpg\" alt=\"080418_rallye-wi_21.jpg\" width=\"128\" \/><\/a><\/p>\n<p><a title=\"Foto: Marco Hellwig\" rel=\"lightbox[roadtrip]\" href=\"http:\/\/www.schoene-nachrichten.de\/wp-content\/uploads\/2008\/Marco\/080418_rallye-wi_22.jpg\" target=\"_blank\"><img decoding=\"async\" src=\"http:\/\/www.schoene-nachrichten.de\/wp-content\/uploads\/2008\/Marco\/080418_rallye-wi_22.thumbnail.jpg\" alt=\"080418_rallye-wi_22.jpg\" width=\"128\" \/><\/a> <a title=\"Foto: Marco Hellwig\" rel=\"lightbox[roadtrip]\" href=\"http:\/\/www.schoene-nachrichten.de\/wp-content\/uploads\/2008\/Marco\/080418_rallye-wi_23.jpg\" target=\"_blank\"><img decoding=\"async\" src=\"http:\/\/www.schoene-nachrichten.de\/wp-content\/uploads\/2008\/Marco\/080418_rallye-wi_23.thumbnail.jpg\" alt=\"080418_rallye-wi_23.jpg\" width=\"128\" \/><\/a> <a title=\"Foto: Marco Hellwig\" rel=\"lightbox[roadtrip]\" href=\"http:\/\/www.schoene-nachrichten.de\/wp-content\/uploads\/2008\/Marco\/080418_rallye-wi_24.jpg\" target=\"_blank\"><img decoding=\"async\" src=\"http:\/\/www.schoene-nachrichten.de\/wp-content\/uploads\/2008\/Marco\/080418_rallye-wi_24.thumbnail.jpg\" alt=\"080418_rallye-wi_24.jpg\" width=\"128\" \/><\/a><\/p>\n<p><a title=\"Foto: Marco Hellwig\" rel=\"lightbox[roadtrip]\" href=\"http:\/\/www.schoene-nachrichten.de\/wp-content\/uploads\/2008\/Marco\/080418_rallye-wi_25.jpg\" target=\"_blank\"><img decoding=\"async\" src=\"http:\/\/www.schoene-nachrichten.de\/wp-content\/uploads\/2008\/Marco\/080418_rallye-wi_25.thumbnail.jpg\" alt=\"080418_rallye-wi_25.jpg\" width=\"128\" \/><\/a> <a title=\"Foto: Marco Hellwig\" rel=\"lightbox[roadtrip]\" href=\"http:\/\/www.schoene-nachrichten.de\/wp-content\/uploads\/2008\/Marco\/080418_rallye-wi_26.jpg\" target=\"_blank\"><img decoding=\"async\" src=\"http:\/\/www.schoene-nachrichten.de\/wp-content\/uploads\/2008\/Marco\/080418_rallye-wi_26.thumbnail.jpg\" alt=\"080418_rallye-wi_26.jpg\" width=\"128\" \/><\/a> <a title=\"Foto: Marco Hellwig\" rel=\"lightbox[roadtrip]\" href=\"http:\/\/www.schoene-nachrichten.de\/wp-content\/uploads\/2008\/Marco\/080418_rallye-wi_05.jpg\" target=\"_blank\"><img decoding=\"async\" src=\"http:\/\/www.schoene-nachrichten.de\/wp-content\/uploads\/2008\/Marco\/080418_rallye-wi_05.thumbnail.jpg\" alt=\"080418_rallye-wi_05.jpg\" width=\"128\" \/><\/a><a title=\"Foto: Marco Hellwig\" rel=\"lightbox[roadtrip]\" href=\"http:\/\/www.schoene-nachrichten.de\/wp-content\/uploads\/2008\/Marco\/080418_rallye-wi_27.jpg\" target=\"_blank\"><\/a><\/p>\n<p><a title=\"Foto: Marco Hellwig\" rel=\"lightbox[roadtrip]\" href=\"http:\/\/www.schoene-nachrichten.de\/wp-content\/uploads\/2008\/Marco\/080418_rallye-wi_28.jpg\" target=\"_blank\"><img decoding=\"async\" src=\"http:\/\/www.schoene-nachrichten.de\/wp-content\/uploads\/2008\/Marco\/080418_rallye-wi_28.thumbnail.jpg\" alt=\"080418_rallye-wi_28.jpg\" width=\"128\" \/><\/a> <a title=\"Foto: Marco Hellwig\" rel=\"lightbox[roadtrip]\" href=\"http:\/\/www.schoene-nachrichten.de\/wp-content\/uploads\/2008\/Marco\/080418_rallye-wi_29.jpg\" target=\"_blank\"><img decoding=\"async\" src=\"http:\/\/www.schoene-nachrichten.de\/wp-content\/uploads\/2008\/Marco\/080418_rallye-wi_29.thumbnail.jpg\" alt=\"080418_rallye-wi_29.jpg\" width=\"128\" \/><\/a> <a title=\"Foto: Marco Hellwig\" rel=\"lightbox[roadtrip]\" href=\"http:\/\/www.schoene-nachrichten.de\/wp-content\/uploads\/2008\/Marco\/080418_rallye-wi_30.jpg\" target=\"_blank\"><img decoding=\"async\" src=\"http:\/\/www.schoene-nachrichten.de\/wp-content\/uploads\/2008\/Marco\/080418_rallye-wi_30.thumbnail.jpg\" alt=\"080418_rallye-wi_30.jpg\" width=\"128\" \/><\/a><\/p>\n<p><a title=\"Foto: Marco Hellwig\" rel=\"lightbox[roadtrip]\" href=\"http:\/\/www.schoene-nachrichten.de\/wp-content\/uploads\/2008\/Marco\/080418_rallye-wi_31.jpg\" target=\"_blank\"><img decoding=\"async\" src=\"http:\/\/www.schoene-nachrichten.de\/wp-content\/uploads\/2008\/Marco\/080418_rallye-wi_31.thumbnail.jpg\" alt=\"080418_rallye-wi_31.jpg\" width=\"128\" \/><\/a> <a title=\"Foto: Marco Hellwig\" rel=\"lightbox[roadtrip]\" href=\"http:\/\/www.schoene-nachrichten.de\/wp-content\/uploads\/2008\/Marco\/080418_rallye-wi_32.jpg\" target=\"_blank\"><img decoding=\"async\" src=\"http:\/\/www.schoene-nachrichten.de\/wp-content\/uploads\/2008\/Marco\/080418_rallye-wi_32.thumbnail.jpg\" alt=\"080418_rallye-wi_32.jpg\" width=\"128\" \/><\/a> <a title=\"Foto: Marco Hellwig\" rel=\"lightbox[roadtrip]\" href=\"http:\/\/www.schoene-nachrichten.de\/wp-content\/uploads\/2008\/Marco\/080418_rallye-wi_33.jpg\" target=\"_blank\"><img decoding=\"async\" src=\"http:\/\/www.schoene-nachrichten.de\/wp-content\/uploads\/2008\/Marco\/080418_rallye-wi_33.thumbnail.jpg\" alt=\"080418_rallye-wi_33.jpg\" width=\"128\" \/><\/a><\/p>\n<p><a title=\"Foto: Marco Hellwig\" rel=\"lightbox[roadtrip]\" href=\"http:\/\/www.schoene-nachrichten.de\/wp-content\/uploads\/2008\/Marco\/080418_rallye-wi_34.jpg\" target=\"_blank\"><img decoding=\"async\" src=\"http:\/\/www.schoene-nachrichten.de\/wp-content\/uploads\/2008\/Marco\/080418_rallye-wi_34.thumbnail.jpg\" alt=\"080418_rallye-wi_34.jpg\" width=\"128\" \/><\/a> <a title=\"Foto: Marco Hellwig\" rel=\"lightbox[roadtrip]\" href=\"http:\/\/www.schoene-nachrichten.de\/wp-content\/uploads\/2008\/Marco\/080418_rallye-wi_35.jpg\" target=\"_blank\"><img decoding=\"async\" src=\"http:\/\/www.schoene-nachrichten.de\/wp-content\/uploads\/2008\/Marco\/080418_rallye-wi_35.thumbnail.jpg\" alt=\"080418_rallye-wi_35.jpg\" width=\"128\" \/><\/a> <a title=\"Foto: Marco Hellwig\" rel=\"lightbox[roadtrip]\" href=\"http:\/\/www.schoene-nachrichten.de\/wp-content\/uploads\/2008\/Marco\/080418_rallye-wi_36.jpg\" target=\"_blank\"><img decoding=\"async\" src=\"http:\/\/www.schoene-nachrichten.de\/wp-content\/uploads\/2008\/Marco\/080418_rallye-wi_36.thumbnail.jpg\" alt=\"080418_rallye-wi_36.jpg\" width=\"128\" \/><\/a><\/p>\n<p><a title=\"Foto: Marco Hellwig\" rel=\"lightbox[roadtrip]\" href=\"http:\/\/www.schoene-nachrichten.de\/wp-content\/uploads\/2008\/Marco\/080418_rallye-wi_37.jpg\" target=\"_blank\"><img decoding=\"async\" src=\"http:\/\/www.schoene-nachrichten.de\/wp-content\/uploads\/2008\/Marco\/080418_rallye-wi_37.thumbnail.jpg\" alt=\"080418_rallye-wi_37.jpg\" width=\"128\" \/><\/a> <a title=\"Foto: Marco Hellwig\" rel=\"lightbox[roadtrip]\" href=\"http:\/\/www.schoene-nachrichten.de\/wp-content\/uploads\/2008\/Marco\/080418_rallye-wi_38.jpg\" target=\"_blank\"><img decoding=\"async\" src=\"http:\/\/www.schoene-nachrichten.de\/wp-content\/uploads\/2008\/Marco\/080418_rallye-wi_38.thumbnail.jpg\" alt=\"080418_rallye-wi_38.jpg\" width=\"128\" \/><\/a> <a title=\"Foto: Marco Hellwig\" rel=\"lightbox[roadtrip]\" href=\"http:\/\/www.schoene-nachrichten.de\/wp-content\/uploads\/2008\/Marco\/080418_rallye-wi_39.jpg\" target=\"_blank\"><img decoding=\"async\" src=\"http:\/\/www.schoene-nachrichten.de\/wp-content\/uploads\/2008\/Marco\/080418_rallye-wi_39.thumbnail.jpg\" alt=\"080418_rallye-wi_39.jpg\" width=\"128\" \/><\/a><\/p>\n<p><a title=\"Foto: Marco Hellwig\" rel=\"lightbox[roadtrip]\" href=\"http:\/\/www.schoene-nachrichten.de\/wp-content\/uploads\/2008\/Marco\/080418_rallye-wi_40.jpg\" target=\"_blank\"><img decoding=\"async\" src=\"http:\/\/www.schoene-nachrichten.de\/wp-content\/uploads\/2008\/Marco\/080418_rallye-wi_40.thumbnail.jpg\" alt=\"080418_rallye-wi_40.jpg\" width=\"128\" \/><\/a> <a title=\"Foto: Marco Hellwig\" rel=\"lightbox[roadtrip]\" href=\"http:\/\/www.schoene-nachrichten.de\/wp-content\/uploads\/2008\/Marco\/080418_rallye-wi_41.jpg\" target=\"_blank\"><img decoding=\"async\" src=\"http:\/\/www.schoene-nachrichten.de\/wp-content\/uploads\/2008\/Marco\/080418_rallye-wi_41.thumbnail.jpg\" alt=\"080418_rallye-wi_41.jpg\" width=\"128\" \/><\/a> <a title=\"Foto: Marco Hellwig\" rel=\"lightbox[roadtrip]\" href=\"http:\/\/www.schoene-nachrichten.de\/wp-content\/uploads\/2008\/Marco\/080418_rallye-wi_42.jpg\" target=\"_blank\"><img decoding=\"async\" src=\"http:\/\/www.schoene-nachrichten.de\/wp-content\/uploads\/2008\/Marco\/080418_rallye-wi_42.thumbnail.jpg\" alt=\"080418_rallye-wi_42.jpg\" width=\"128\" \/><\/a><\/p>\n<p><a title=\"Foto: Marco Hellwig\" rel=\"lightbox[roadtrip]\" href=\"http:\/\/www.schoene-nachrichten.de\/wp-content\/uploads\/2008\/Marco\/080418_rallye-wi_43.jpg\" target=\"_blank\"><\/a><a title=\"Foto: Marco Hellwig\" rel=\"lightbox[roadtrip]\" href=\"http:\/\/www.schoene-nachrichten.de\/wp-content\/uploads\/2008\/Marco\/080418_rallye-wi_06.jpg\" target=\"_blank\"><img decoding=\"async\" src=\"http:\/\/www.schoene-nachrichten.de\/wp-content\/uploads\/2008\/Marco\/080418_rallye-wi_06.thumbnail.jpg\" alt=\"080418_rallye-wi_06.jpg\" width=\"128\" \/><\/a>\u00c2\u00a0<a title=\"Foto: Marco Hellwig\" rel=\"lightbox[roadtrip]\" href=\"http:\/\/www.schoene-nachrichten.de\/wp-content\/uploads\/2008\/Marco\/080418_rallye-wi_44.jpg\" target=\"_blank\"><img decoding=\"async\" src=\"http:\/\/www.schoene-nachrichten.de\/wp-content\/uploads\/2008\/Marco\/080418_rallye-wi_44.thumbnail.jpg\" alt=\"080418_rallye-wi_44.jpg\" width=\"128\" \/><\/a> <a title=\"Foto: Marco Hellwig\" rel=\"lightbox[roadtrip]\" href=\"http:\/\/www.schoene-nachrichten.de\/wp-content\/uploads\/2008\/Marco\/080418_rallye-wi_45.jpg\" target=\"_blank\"><img decoding=\"async\" src=\"http:\/\/www.schoene-nachrichten.de\/wp-content\/uploads\/2008\/Marco\/080418_rallye-wi_45.thumbnail.jpg\" alt=\"080418_rallye-wi_45.jpg\" width=\"128\" \/><\/a><\/p>\n<p><a title=\"Foto: Marco Hellwig\" rel=\"lightbox[roadtrip]\" href=\"http:\/\/www.schoene-nachrichten.de\/wp-content\/uploads\/2008\/Marco\/080418_rallye-wi_46.jpg\" target=\"_blank\"><img decoding=\"async\" src=\"http:\/\/www.schoene-nachrichten.de\/wp-content\/uploads\/2008\/Marco\/080418_rallye-wi_46.thumbnail.jpg\" alt=\"080418_rallye-wi_46.jpg\" width=\"128\" \/><\/a> <a title=\"Foto: Marco Hellwig\" rel=\"lightbox[roadtrip]\" href=\"http:\/\/www.schoene-nachrichten.de\/wp-content\/uploads\/2008\/Marco\/080418_rallye-wi_47.jpg\" target=\"_blank\"><img decoding=\"async\" src=\"http:\/\/www.schoene-nachrichten.de\/wp-content\/uploads\/2008\/Marco\/080418_rallye-wi_47.thumbnail.jpg\" alt=\"080418_rallye-wi_47.jpg\" width=\"128\" \/><\/a> <a title=\"Foto: Marco Hellwig\" rel=\"lightbox[roadtrip]\" href=\"http:\/\/www.schoene-nachrichten.de\/wp-content\/uploads\/2008\/Marco\/080418_rallye-wi_48.jpg\" target=\"_blank\"><img decoding=\"async\" src=\"http:\/\/www.schoene-nachrichten.de\/wp-content\/uploads\/2008\/Marco\/080418_rallye-wi_48.thumbnail.jpg\" alt=\"080418_rallye-wi_48.jpg\" width=\"128\" \/><\/a><\/p>\n<p><a title=\"Foto: Marco Hellwig\" rel=\"lightbox[roadtrip]\" href=\"http:\/\/www.schoene-nachrichten.de\/wp-content\/uploads\/2008\/Marco\/080418_rallye-wi_49.jpg\" target=\"_blank\"><img decoding=\"async\" src=\"http:\/\/www.schoene-nachrichten.de\/wp-content\/uploads\/2008\/Marco\/080418_rallye-wi_49.thumbnail.jpg\" alt=\"080418_rallye-wi_49.jpg\" width=\"128\" \/><\/a> <a title=\"Foto: Marco Hellwig\" rel=\"lightbox[roadtrip]\" href=\"http:\/\/www.schoene-nachrichten.de\/wp-content\/uploads\/2008\/Marco\/080418_rallye-wi_50.jpg\" target=\"_blank\"><img decoding=\"async\" src=\"http:\/\/www.schoene-nachrichten.de\/wp-content\/uploads\/2008\/Marco\/080418_rallye-wi_50.thumbnail.jpg\" alt=\"080418_rallye-wi_50.jpg\" width=\"128\" \/><\/a> <a title=\"Foto: Marco Hellwig\" rel=\"lightbox[roadtrip]\" href=\"http:\/\/www.schoene-nachrichten.de\/wp-content\/uploads\/2008\/Marco\/080418_rallye-wi_51.jpg\" target=\"_blank\"><img decoding=\"async\" src=\"http:\/\/www.schoene-nachrichten.de\/wp-content\/uploads\/2008\/Marco\/080418_rallye-wi_51.thumbnail.jpg\" alt=\"080418_rallye-wi_51.jpg\" width=\"128\" \/><\/a><\/p>\n<p><a title=\"Foto: Marco Hellwig\" rel=\"lightbox[roadtrip]\" href=\"http:\/\/www.schoene-nachrichten.de\/wp-content\/uploads\/2008\/Marco\/080418_rallye-wi_52.jpg\" target=\"_blank\"><img decoding=\"async\" src=\"http:\/\/www.schoene-nachrichten.de\/wp-content\/uploads\/2008\/Marco\/080418_rallye-wi_52.thumbnail.jpg\" alt=\"080418_rallye-wi_52.jpg\" width=\"128\" \/><\/a> <a title=\"Foto: Marco Hellwig\" rel=\"lightbox[roadtrip]\" href=\"http:\/\/www.schoene-nachrichten.de\/wp-content\/uploads\/2008\/Marco\/080418_rallye-wi_53.jpg\" target=\"_blank\"><img decoding=\"async\" src=\"http:\/\/www.schoene-nachrichten.de\/wp-content\/uploads\/2008\/Marco\/080418_rallye-wi_53.thumbnail.jpg\" alt=\"080418_rallye-wi_53.jpg\" width=\"128\" \/><\/a> <a title=\"Foto: Marco Hellwig\" rel=\"lightbox[roadtrip]\" href=\"http:\/\/www.schoene-nachrichten.de\/wp-content\/uploads\/2008\/Marco\/080418_rallye-wi_54.jpg\" target=\"_blank\"><img decoding=\"async\" src=\"http:\/\/www.schoene-nachrichten.de\/wp-content\/uploads\/2008\/Marco\/080418_rallye-wi_54.thumbnail.jpg\" alt=\"080418_rallye-wi_54.jpg\" width=\"128\" \/><\/a><\/p>\n<p><a title=\"Foto: Marco Hellwig\" rel=\"lightbox[roadtrip]\" href=\"http:\/\/www.schoene-nachrichten.de\/wp-content\/uploads\/2008\/Marco\/080418_rallye-wi_55.jpg\" target=\"_blank\"><\/a><a title=\"Foto: Marco Hellwig\" rel=\"lightbox[roadtrip]\" href=\"http:\/\/www.schoene-nachrichten.de\/wp-content\/uploads\/2008\/Marco\/080418_rallye-wi_02.jpg\" target=\"_blank\"><img decoding=\"async\" src=\"http:\/\/www.schoene-nachrichten.de\/wp-content\/uploads\/2008\/Marco\/080418_rallye-wi_02.thumbnail.jpg\" alt=\"080418_rallye-wi_02.jpg\" width=\"128\" \/><\/a>\u00c2\u00a0<a title=\"Foto: Marco Hellwig\" rel=\"lightbox[roadtrip]\" href=\"http:\/\/www.schoene-nachrichten.de\/wp-content\/uploads\/2008\/Marco\/080418_rallye-wi_56.jpg\" target=\"_blank\"><img decoding=\"async\" src=\"http:\/\/www.schoene-nachrichten.de\/wp-content\/uploads\/2008\/Marco\/080418_rallye-wi_56.thumbnail.jpg\" alt=\"080418_rallye-wi_56.jpg\" width=\"128\" \/><\/a> <a title=\"Foto: Marco Hellwig\" rel=\"lightbox[roadtrip]\" href=\"http:\/\/www.schoene-nachrichten.de\/wp-content\/uploads\/2008\/Marco\/080418_rallye-wi_57.jpg\" target=\"_blank\"><img decoding=\"async\" src=\"http:\/\/www.schoene-nachrichten.de\/wp-content\/uploads\/2008\/Marco\/080418_rallye-wi_57.thumbnail.jpg\" alt=\"080418_rallye-wi_57.jpg\" width=\"128\" \/><\/a><\/p>\n<p><a title=\"Foto: Marco Hellwig\" rel=\"lightbox[roadtrip]\" href=\"http:\/\/www.schoene-nachrichten.de\/wp-content\/uploads\/2008\/Marco\/080418_rallye-wi_58.jpg\" target=\"_blank\"><img decoding=\"async\" src=\"http:\/\/www.schoene-nachrichten.de\/wp-content\/uploads\/2008\/Marco\/080418_rallye-wi_58.thumbnail.jpg\" alt=\"080418_rallye-wi_58.jpg\" width=\"128\" \/><\/a> <a title=\"Foto: Marco Hellwig\" rel=\"lightbox[roadtrip]\" href=\"http:\/\/www.schoene-nachrichten.de\/wp-content\/uploads\/2008\/Marco\/080418_rallye-wi_59.jpg\" target=\"_blank\"><img decoding=\"async\" src=\"http:\/\/www.schoene-nachrichten.de\/wp-content\/uploads\/2008\/Marco\/080418_rallye-wi_59.thumbnail.jpg\" alt=\"080418_rallye-wi_59.jpg\" width=\"128\" \/><\/a> <a title=\"Foto: Marco Hellwig\" rel=\"lightbox[roadtrip]\" href=\"http:\/\/www.schoene-nachrichten.de\/wp-content\/uploads\/2008\/Marco\/080418_rallye-wi_60.jpg\" target=\"_blank\"><img decoding=\"async\" src=\"http:\/\/www.schoene-nachrichten.de\/wp-content\/uploads\/2008\/Marco\/080418_rallye-wi_60.thumbnail.jpg\" alt=\"080418_rallye-wi_60.jpg\" width=\"128\" \/><\/a><\/p>\n<p><a title=\"Foto: Marco Hellwig\" rel=\"lightbox[roadtrip]\" href=\"http:\/\/www.schoene-nachrichten.de\/wp-content\/uploads\/2008\/Marco\/080418_rallye-wi_61.jpg\" target=\"_blank\"><img decoding=\"async\" src=\"http:\/\/www.schoene-nachrichten.de\/wp-content\/uploads\/2008\/Marco\/080418_rallye-wi_61.thumbnail.jpg\" alt=\"080418_rallye-wi_61.jpg\" width=\"128\" \/><\/a> <a title=\"Foto: Marco Hellwig\" rel=\"lightbox[roadtrip]\" href=\"http:\/\/www.schoene-nachrichten.de\/wp-content\/uploads\/2008\/Marco\/080418_rallye-wi_62.jpg\" target=\"_blank\"><img decoding=\"async\" src=\"http:\/\/www.schoene-nachrichten.de\/wp-content\/uploads\/2008\/Marco\/080418_rallye-wi_62.thumbnail.jpg\" alt=\"080418_rallye-wi_62.jpg\" width=\"128\" \/><\/a> <a title=\"Foto: Marco Hellwig\" rel=\"lightbox[roadtrip]\" href=\"http:\/\/www.schoene-nachrichten.de\/wp-content\/uploads\/2008\/Marco\/080418_rallye-wi_63.jpg\" target=\"_blank\"><img decoding=\"async\" src=\"http:\/\/www.schoene-nachrichten.de\/wp-content\/uploads\/2008\/Marco\/080418_rallye-wi_63.thumbnail.jpg\" alt=\"080418_rallye-wi_63.jpg\" width=\"128\" \/><\/a><\/p>\n","protected":false},"excerpt":{"rendered":"<div class=\"tmnf_excerpt\"><p>Motorsport. Zum Auftakt der ADAC Hessen Rallye Vogelsberg wurde am gestrigen Freitagabend von den Rallyepiloten der legend\u00e4re Rundkurs in Willofs unter die R\u00e4der genommen. Etwa 3.500 begeisterte Fans und Anh\u00e4nger des Motorsports pilgerten mit Shuttlebussen nach Willofs, um an der Strecke die &#8220;Slowly Sideways&#8221; zu bestaunen, die um 19:15 Uhr an den Start gingen. Diese &hellip;<\/p>\n<\/div>","protected":false},"author":1,"featured_media":0,"comment_status":"closed","ping_status":"closed","sticky":false,"template":"","format":"standard","meta":{"footnotes":""},"categories":[1,35,54,72,46],"tags":[],"class_list":["post-8933","post","type-post","status-publish","format-standard","hentry","category-startseite","category-auto","category-bildergalerien","category-jugend","category-sport"],"_links":{"self":[{"href":"https:\/\/www.fuldaernachrichten.de\/index.php?rest_route=\/wp\/v2\/posts\/8933","targetHints":{"allow":["GET"]}}],"collection":[{"href":"https:\/\/www.fuldaernachrichten.de\/index.php?rest_route=\/wp\/v2\/posts"}],"about":[{"href":"https:\/\/www.fuldaernachrichten.de\/index.php?rest_route=\/wp\/v2\/types\/post"}],"author":[{"embeddable":true,"href":"https:\/\/www.fuldaernachrichten.de\/index.php?rest_route=\/wp\/v2\/users\/1"}],"replies":[{"embeddable":true,"href":"https:\/\/www.fuldaernachrichten.de\/index.php?rest_route=%2Fwp%2Fv2%2Fcomments&post=8933"}],"version-history":[{"count":0,"href":"https:\/\/www.fuldaernachrichten.de\/index.php?rest_route=\/wp\/v2\/posts\/8933\/revisions"}],"wp:attachment":[{"href":"https:\/\/www.fuldaernachrichten.de\/index.php?rest_route=%2Fwp%2Fv2%2Fmedia&parent=8933"}],"wp:term":[{"taxonomy":"category","embeddable":true,"href":"https:\/\/www.fuldaernachrichten.de\/index.php?rest_route=%2Fwp%2Fv2%2Fcategories&post=8933"},{"taxonomy":"post_tag","embeddable":true,"href":"https:\/\/www.fuldaernachrichten.de\/index.php?rest_route=%2Fwp%2Fv2%2Ftags&post=8933"}],"curies":[{"name":"wp","href":"https:\/\/api.w.org\/{rel}","templated":true}]}}