{"id":89232,"date":"2011-08-16T00:15:34","date_gmt":"2011-08-16T00:15:34","guid":{"rendered":"http:\/\/www.fuldaer-nachrichten.de\/?p=89232"},"modified":"2011-08-15T14:58:56","modified_gmt":"2011-08-15T14:58:56","slug":"florians-medaille-fur-hans-jurgen-kohl-jugendfeuerwehr-sucht-neue-unterkunft","status":"publish","type":"post","link":"https:\/\/www.fuldaernachrichten.de\/?p=89232","title":{"rendered":"Florians-Medaille f\u00fcr Hans-J\u00fcrgen Kohl &#8211; Jugendfeuerwehr sucht neue Unterkunft"},"content":{"rendered":"<p><strong><a href=\"http:\/\/www.fuldaer-nachrichten.de\/wp-content\/uploads\/2011\/08\/110815_Vogelsbergkreis.jpg\"><img decoding=\"async\" class=\"alignleft size-thumbnail wp-image-89233\" title=\"110815_Vogelsbergkreis\" src=\"http:\/\/www.fuldaer-nachrichten.de\/wp-content\/uploads\/2011\/08\/110815_Vogelsbergkreis-265x173.jpg\" alt=\"\" width=\"265\" height=\"173\" srcset=\"https:\/\/www.fuldaernachrichten.de\/wp-content\/uploads\/2011\/08\/110815_Vogelsbergkreis-265x173.jpg 265w, https:\/\/www.fuldaernachrichten.de\/wp-content\/uploads\/2011\/08\/110815_Vogelsbergkreis.jpg 592w\" sizes=\"(max-width: 265px) 100vw, 265px\" \/><\/a>Vadenrod.<\/strong> Im Kreisjugendfeuerwehrzentrum Vadenrod wurde k\u00fcrzlich Hans-J\u00fcrgen Kohl die Florians-Medaille der Hessischen Jugendfeuerwehr in Gold verliehen. Kohl ist seit Jahrzehnten au\u00dferordentlich um die Jugendarbeit in den Feuerwehren bem\u00fcht. F\u00fcr diese au\u00dferordentliche Verdienste \u00fcberreichte ihm Kreisjugendfeuerwehrwart Stefan Preu\u00df im Rahmen der Ausschusssitzung der Kreisjugendfeuerwehr die Medaille mit Urkunde. Unter Beifall der Kreisjugendfeuerwehrleitung und der anwesenden Stadt- und Gemeindejugendfeuerwehrwarte konnte Kohl diese besondere Ehrung entgegen nehmen.<!--more--><\/p>\n<p>Das Kreisjugendfeuerwehrzentrum in Vadenrod \u00f6ffnete zu diesem besonderen Anlass letztmalig seine T\u00fcr. Das Geb\u00e4ude wurde bereits gr\u00f6\u00dftenteils ger\u00e4umt. Ein Verkauf des Geb\u00e4udes scheint sicher. Die Kreisjugendfeuerwehr ist nun auf der Suche nach der Finanzierung f\u00fcr eine neue Gesch\u00e4ftsstelle. Der Kreisjugendfeuerwehr liegen mehrere Angebote f\u00fcr eine neue Unterkunft vor, jedoch fehlen ihr die finanziellen Mittel.<\/p>\n","protected":false},"excerpt":{"rendered":"<div class=\"tmnf_excerpt\"><p>Vadenrod. Im Kreisjugendfeuerwehrzentrum Vadenrod wurde k\u00fcrzlich Hans-J\u00fcrgen Kohl die Florians-Medaille der Hessischen Jugendfeuerwehr in Gold verliehen. Kohl ist seit Jahrzehnten au\u00dferordentlich um die Jugendarbeit in den Feuerwehren bem\u00fcht. F\u00fcr diese au\u00dferordentliche Verdienste \u00fcberreichte ihm Kreisjugendfeuerwehrwart Stefan Preu\u00df im Rahmen der Ausschusssitzung der Kreisjugendfeuerwehr die Medaille mit Urkunde. Unter Beifall der Kreisjugendfeuerwehrleitung und der anwesenden Stadt- &hellip;<\/p>\n<\/div>","protected":false},"author":1,"featured_media":0,"comment_status":"closed","ping_status":"closed","sticky":false,"template":"","format":"standard","meta":{"footnotes":""},"categories":[1,71],"tags":[],"class_list":["post-89232","post","type-post","status-publish","format-standard","hentry","category-startseite","category-feuerwehr"],"_links":{"self":[{"href":"https:\/\/www.fuldaernachrichten.de\/index.php?rest_route=\/wp\/v2\/posts\/89232","targetHints":{"allow":["GET"]}}],"collection":[{"href":"https:\/\/www.fuldaernachrichten.de\/index.php?rest_route=\/wp\/v2\/posts"}],"about":[{"href":"https:\/\/www.fuldaernachrichten.de\/index.php?rest_route=\/wp\/v2\/types\/post"}],"author":[{"embeddable":true,"href":"https:\/\/www.fuldaernachrichten.de\/index.php?rest_route=\/wp\/v2\/users\/1"}],"replies":[{"embeddable":true,"href":"https:\/\/www.fuldaernachrichten.de\/index.php?rest_route=%2Fwp%2Fv2%2Fcomments&post=89232"}],"version-history":[{"count":0,"href":"https:\/\/www.fuldaernachrichten.de\/index.php?rest_route=\/wp\/v2\/posts\/89232\/revisions"}],"wp:attachment":[{"href":"https:\/\/www.fuldaernachrichten.de\/index.php?rest_route=%2Fwp%2Fv2%2Fmedia&parent=89232"}],"wp:term":[{"taxonomy":"category","embeddable":true,"href":"https:\/\/www.fuldaernachrichten.de\/index.php?rest_route=%2Fwp%2Fv2%2Fcategories&post=89232"},{"taxonomy":"post_tag","embeddable":true,"href":"https:\/\/www.fuldaernachrichten.de\/index.php?rest_route=%2Fwp%2Fv2%2Ftags&post=89232"}],"curies":[{"name":"wp","href":"https:\/\/api.w.org\/{rel}","templated":true}]}}