{"id":892,"date":"2007-01-19T07:20:15","date_gmt":"2007-01-19T06:20:15","guid":{"rendered":"http:\/\/www.schoene-nachrichten.de\/?p=892"},"modified":"2007-01-19T00:37:25","modified_gmt":"2007-01-18T23:37:25","slug":"neue-schaltanlage-in-betrieb-genommen","status":"publish","type":"post","link":"https:\/\/www.fuldaernachrichten.de\/?p=892","title":{"rendered":"Neue Schaltanlage in Betrieb genommen"},"content":{"rendered":"<p><strong>Sch\u00f6nes aus Schl\u00fcchtern.<\/strong> F\u00fcr 2,8 Millionen Euro\u00c2\u00a0hat der Energieversorger \u00dcWAG die Schaltanlage im Umspannwerk Elm erneuert. Das Projekt war nach Unternehmensangaben die gr\u00f6\u00dfte Einzelinvestition im Jahr 2006. Der Schl\u00fcchterner B\u00fcrgermeister Falko Fritsch nahm die Anlage nun mit einem symbolischen Druck auf den roten Knopf offiziell in Betrieb.<\/p>\n<p>\u00c2\u00a0<\/p>\n<p>Foto: \u00dcWAG<\/p>\n<p>\u00c2\u00a0<\/p>\n<p><a title=\"(v.l.n.r.) Projektleiter Dipl.-Ing. Sven Kunkel, Schl\u00fcchterns B\u00fcrgermeister Heiko Fritzsch und Dipl.-Ing. Eike Weldner, Leiter des Bereichs Technischer Service bei der \u00dcWAG.\" href=\"http:\/\/www.schoene-nachrichten.de\/wp-content\/uploads\/2007\/01\/070118_uwag_elm.jpg\" target=\"_blank\"><img decoding=\"async\" id=\"image893\" height=\"84\" alt=\"070118_uwag_elm.jpg\" src=\"http:\/\/www.schoene-nachrichten.de\/wp-content\/uploads\/2007\/01\/070118_uwag_elm.thumbnail.jpg\" \/><\/a><\/p>\n<p>\u00c2\u00a0<\/p>\n<p><!--more-->Im Umspannwerk Elm\u00c2\u00a0stehen zwei g\u00fcterwaggongro\u00dfe Transformatoren, die hier die Netzspannung von 110.000 Volt auf 20.000 Volt umwandeln. Mit dieser Spannung verteilt die neue Schaltanlage den Strom jetzt \u00fcber 15 Kabelstrecken ins \u00dcWAG-Netz. Laut \u00dcWAG verf\u00fcgt die neue Schaltanlage \u00fcber modernste Technik.<\/p>\n<p>\u00c2\u00a0<\/p>\n<p>Die Anlage\u00c2\u00a0sei\u00c2\u00a0h\u00f6chst betriebs- und bediensicher und besonders wartungsarm. Au\u00dferdem k\u00f6nne sie komplett von der Leitzentrale der \u00dcWAG in Fulda aus gesteuert werden. F\u00fcr die neue Technik hat die \u00dcWAG ein neues Schalthaus errichtet und die Au\u00dfenanlagen auf dem Gel\u00e4nde des Umspannwerks Elm angepasst. Im Schalthaus ebenfalls untergebracht sind weitere Hightech-Anlagen: Die sogenannte \u201eSekund\u00e4rtechnik\u201c, die zum Betrieb der Schaltanlage erforderlich ist \u2013 Notstromversorgung, Messeinrichtungen zur Sicherstellung der Spannungsqualit\u00e4t, das erforderliche Datennetz, Fernwirk- und Rundsteueranlage.<\/p>\n<p>\u00c2\u00a0<\/p>\n<p>\u00dcber zehn Unternehmen aus der Region haben daran mitgewirkt, dass die Stromverteilung im Main-Kinzig-Kreis und bis in den Raum Flieden nun aus dem neuen Schalthaus auf dem Gel\u00e4nde des Umspannwerks Elm erfolgen kann. Vom ersten Spatenstich f\u00fcr die Bauarbeiten vor Ort bis zum Abschluss des elektrotechnischen \u201eUmschlusses\u201c vergingen gerade einmal sechs Monate \u2013 harte Arbeit f\u00fcr die Mitarbeiter der \u00dcWAG und der beauftragten Unternehmen.<\/p>\n<p>\u00c2\u00a0<\/p>\n<p>Und obwohl die Einbindung einer neuen Schaltanlage in ein Stromnetz ein h\u00f6chst aufwendiger technischer Prozess ist, musste die Stromversorgung nicht f\u00fcr eine Minute unterbrochen werden. \u201eEin gro\u00dfes Kompliment f\u00fcr diese Leistung!\u201c lobte B\u00fcrgermeister Fritzsch die Experten der \u00dcWAG und zeigte sich beeindruckt von der neuen Technik vor Ort.<\/p>\n","protected":false},"excerpt":{"rendered":"<div class=\"tmnf_excerpt\"><p>Sch\u00f6nes aus Schl\u00fcchtern. F\u00fcr 2,8 Millionen Euro\u00c2\u00a0hat der Energieversorger \u00dcWAG die Schaltanlage im Umspannwerk Elm erneuert. Das Projekt war nach Unternehmensangaben die gr\u00f6\u00dfte Einzelinvestition im Jahr 2006. Der Schl\u00fcchterner B\u00fcrgermeister Falko Fritsch nahm die Anlage nun mit einem symbolischen Druck auf den roten Knopf offiziell in Betrieb. \u00c2\u00a0 Foto: \u00dcWAG \u00c2\u00a0 \u00c2\u00a0<\/p>\n<\/div>","protected":false},"author":1,"featured_media":0,"comment_status":"closed","ping_status":"closed","sticky":false,"template":"","format":"standard","meta":{"footnotes":""},"categories":[1,52],"tags":[],"class_list":["post-892","post","type-post","status-publish","format-standard","hentry","category-startseite","category-umwelt"],"_links":{"self":[{"href":"https:\/\/www.fuldaernachrichten.de\/index.php?rest_route=\/wp\/v2\/posts\/892","targetHints":{"allow":["GET"]}}],"collection":[{"href":"https:\/\/www.fuldaernachrichten.de\/index.php?rest_route=\/wp\/v2\/posts"}],"about":[{"href":"https:\/\/www.fuldaernachrichten.de\/index.php?rest_route=\/wp\/v2\/types\/post"}],"author":[{"embeddable":true,"href":"https:\/\/www.fuldaernachrichten.de\/index.php?rest_route=\/wp\/v2\/users\/1"}],"replies":[{"embeddable":true,"href":"https:\/\/www.fuldaernachrichten.de\/index.php?rest_route=%2Fwp%2Fv2%2Fcomments&post=892"}],"version-history":[{"count":0,"href":"https:\/\/www.fuldaernachrichten.de\/index.php?rest_route=\/wp\/v2\/posts\/892\/revisions"}],"wp:attachment":[{"href":"https:\/\/www.fuldaernachrichten.de\/index.php?rest_route=%2Fwp%2Fv2%2Fmedia&parent=892"}],"wp:term":[{"taxonomy":"category","embeddable":true,"href":"https:\/\/www.fuldaernachrichten.de\/index.php?rest_route=%2Fwp%2Fv2%2Fcategories&post=892"},{"taxonomy":"post_tag","embeddable":true,"href":"https:\/\/www.fuldaernachrichten.de\/index.php?rest_route=%2Fwp%2Fv2%2Ftags&post=892"}],"curies":[{"name":"wp","href":"https:\/\/api.w.org\/{rel}","templated":true}]}}