{"id":89199,"date":"2011-08-16T00:25:08","date_gmt":"2011-08-16T00:25:08","guid":{"rendered":"http:\/\/www.fuldaer-nachrichten.de\/?p=89199"},"modified":"2011-08-15T14:59:18","modified_gmt":"2011-08-15T14:59:18","slug":"mit-der-kreisjugendfeuerwehr-fulda-nach-kroatien","status":"publish","type":"post","link":"https:\/\/www.fuldaernachrichten.de\/?p=89199","title":{"rendered":"Mit der Kreisjugendfeuerwehr Fulda nach Kroatien"},"content":{"rendered":"<p><strong><a href=\"http:\/\/www.fuldaer-nachrichten.de\/wp-content\/uploads\/2011\/08\/110815_Kreisjugendfeuerwehr_005.jpg\"><img decoding=\"async\" class=\"alignleft size-thumbnail wp-image-89201\" title=\"110815_Kreisjugendfeuerwehr_005\" src=\"http:\/\/www.fuldaer-nachrichten.de\/wp-content\/uploads\/2011\/08\/110815_Kreisjugendfeuerwehr_005-265x176.jpg\" alt=\"\" width=\"265\" height=\"176\" srcset=\"https:\/\/www.fuldaernachrichten.de\/wp-content\/uploads\/2011\/08\/110815_Kreisjugendfeuerwehr_005-265x176.jpg 265w, https:\/\/www.fuldaernachrichten.de\/wp-content\/uploads\/2011\/08\/110815_Kreisjugendfeuerwehr_005.jpg 592w\" sizes=\"(max-width: 265px) 100vw, 265px\" \/><\/a>Fulda. <\/strong>Die Kreisjugendfeuerwehr Fulda verbrachte mit 24 Teilnehmern eine Woche lang im Camp des Kroatischen Feuerwehrverbandes in Fa\u00c5\u00beana. Der Besuch der kroatischen Premierministerin Jadranka Kosor, die das Feuerwehrcamp besuchte und den Nutzungsvertrag f\u00fcr weitere 50 Jahre verl\u00e4ngerte war ein H\u00f6hepunkt der Reise. Weiterhin standen viele kulturelle Besichtigungen und nicht zuletzt die Begegnung mit den kroatischen Jugendfeuerwehrleuten im Mittelpunkt.<!--more--><\/p>\n<p>Die Auswahl der Teilnehmer lief \u00fcber eine kreisweite Ausschreibung, bei der sich die Jugendfeuerwehrmitglieder bei der Kreisjugendfeuerwehr Fulda anmelden konnten. Der Kreisjugendfeuerwehrausschuss konnte aus den interessierten Jugendlichen eine Mischung aus allen Teilen des Landkreises Fulda auslosen. So f\u00fchrte die 17-st\u00fcndige Busreise durch S\u00fcddeutschland, \u00d6sterreich, Italien und Slowenien nach Kroatien. Unterwegs wurde sich gest\u00e4rkt mit heimischen Wurst-, Brotwaren und Getr\u00e4nken die von Gewerbetreibenden unserer Region gestiftet wurden.<\/p>\n<p><a href=\"http:\/\/www.fuldaer-nachrichten.de\/wp-content\/uploads\/2011\/08\/110815_Kreisjugendfeuerwehr_008.jpg\"><img decoding=\"async\" class=\"alignnone size-thumbnail wp-image-89202\" title=\"110815_Kreisjugendfeuerwehr_008\" src=\"http:\/\/www.fuldaer-nachrichten.de\/wp-content\/uploads\/2011\/08\/110815_Kreisjugendfeuerwehr_008-265x176.jpg\" alt=\"\" width=\"265\" height=\"176\" srcset=\"https:\/\/www.fuldaernachrichten.de\/wp-content\/uploads\/2011\/08\/110815_Kreisjugendfeuerwehr_008-265x176.jpg 265w, https:\/\/www.fuldaernachrichten.de\/wp-content\/uploads\/2011\/08\/110815_Kreisjugendfeuerwehr_008.jpg 592w\" sizes=\"(max-width: 265px) 100vw, 265px\" \/><\/a> <a href=\"http:\/\/www.fuldaer-nachrichten.de\/wp-content\/uploads\/2011\/08\/110815_Kreisjugendfeuerwehr_012.jpg\"><img decoding=\"async\" class=\"alignnone size-thumbnail wp-image-89203\" title=\"110815_Kreisjugendfeuerwehr_012\" src=\"http:\/\/www.fuldaer-nachrichten.de\/wp-content\/uploads\/2011\/08\/110815_Kreisjugendfeuerwehr_012-265x176.jpg\" alt=\"\" width=\"265\" height=\"176\" srcset=\"https:\/\/www.fuldaernachrichten.de\/wp-content\/uploads\/2011\/08\/110815_Kreisjugendfeuerwehr_012-265x176.jpg 265w, https:\/\/www.fuldaernachrichten.de\/wp-content\/uploads\/2011\/08\/110815_Kreisjugendfeuerwehr_012.jpg 592w\" sizes=\"(max-width: 265px) 100vw, 265px\" \/><\/a><\/p>\n<p>Im Camp der Kroatischen Jugendfeuerwehr angekommen wurde die Gruppe von der Abordnung des Kreisfeuerwehrverbandes Po\u00c5\u00beega-Slawonien sowie von den Lagerleitern Klaudijo Filcic und Tomislave Horvat herzlich begr\u00fc\u00dft. Der Kreisfeuerwehrverband aus Po\u00c5\u00beega-Slawonien stellte der Gruppe aus dem Landkreis Fulda ihren Bungalow sowie ihr Mannschaftszelt zur Verf\u00fcgung. Vermittelt wurde diese Freizeit durch Familie Heinel, die seit vielen Jahren Kontakt zur Kroatischen Feuerwehr h\u00e4lt. Uwe Heinel unterst\u00fctzt die dortigen Feuerwehren mit der Belieferung von ausgemusterten Feuerwehrfahrzeugen und Ger\u00e4tschaften aus dem Landkreis Fulda und seine Frau Silvana \u00fcbernimmt hierbei die sprachliche \u00dcbersetzung. Sie organisierten auch w\u00e4hrend der Freizeit die kulturellen Veranstaltungen und unterst\u00fctzten bei der \u00dcbersetzung und dem Programmablauf im Camp.<\/p>\n<p><strong>Hoher Besuch im Jugendfeuerwehrcamp Fa\u00c5\u00beana<\/strong><\/p>\n<p><a href=\"http:\/\/www.fuldaer-nachrichten.de\/wp-content\/uploads\/2011\/08\/110815_Kreisjugendfeuerwehr_009.jpg\"><img loading=\"lazy\" decoding=\"async\" title=\"110815_Kreisjugendfeuerwehr_009\" src=\"http:\/\/www.fuldaer-nachrichten.de\/wp-content\/uploads\/2011\/08\/110815_Kreisjugendfeuerwehr_009-265x176.jpg\" alt=\"\" width=\"265\" height=\"176\" \/><\/a> <a href=\"http:\/\/www.fuldaer-nachrichten.de\/wp-content\/uploads\/2011\/08\/110815_Kreisjugendfeuerwehr_020.jpg\"><img loading=\"lazy\" decoding=\"async\" title=\"110815_Kreisjugendfeuerwehr_020\" src=\"http:\/\/www.fuldaer-nachrichten.de\/wp-content\/uploads\/2011\/08\/110815_Kreisjugendfeuerwehr_020-265x176.jpg\" alt=\"\" width=\"265\" height=\"176\" \/><\/a><\/p>\n<p>Die Ministerpr\u00e4sidentin Jadranka Kosor hatte sich mit Regierungsvertretern und zahlreichen Feuerwehrfunktion\u00e4re aus Kroatien angek\u00fcndigt. Hierf\u00fcr wurde das ganze Camp von den Jugendlichen herausgeputzt. Bei jedem Bungalow wurden der Name und das Wappen jeder Jugendfeuerwehr aus Strandsteinen gelegt. Jeder Teilnehmer zog das campeigene T-Shirt an, sodass alle im einheitlichen Stil antreten konnten. Nach dem Abschreiten der Formation durch die Ministerpr\u00e4sidentin folgte eine kleine Feierstunde.<\/p>\n<p>Hierbei wurden alle G\u00e4ste und darunter auch die Jugendlichen aus dem Landkreis Fulda vom Pr\u00e4sidenten des Kroatischen Feuerwehrverbandes Ante Sanader besonders begr\u00fc\u00dft. Die Ministerpr\u00e4sidentin Jadranka Kosor unterzeichnete der kroatischen Feuerwehr einen Nutzungsvertrag, mit dem das Jugendfeuerwehrcamp in Fa\u00c5\u00beana f\u00fcr die n\u00e4chsten 50 Jahre der Jugendfeuerwehr f\u00fcr Freizeitaktivit\u00e4ten \u00fcberlassen wird. Zum Abschluss \u00fcberreichten Kreisjugendfeuerwehrwart Michael Knoth und Familie Heinel ihr die Anstecknadel und ein T-Shirt der Kreisjugendfeuerwehr Fulda.<\/p>\n<p><strong>Eine wunderbare Lage des Feuerwehrcampes Fa\u00c5\u00beana<\/strong><\/p>\n<p>Das Feuerwehrcamp befindet sich im Fischerort Fa\u00c5\u00beana an der Westk\u00fcste Kroatiens. Nur etwa 15 Meter vom Adriawasser befindet sich das Camp f\u00fcr die Jugendfeuerwehr mit Bungalows und Mannschaftszelten, festen Toiletten- und Duschanlagen. Ein sch\u00f6n angelegter Volleyballplatz und Fl\u00e4chen f\u00fcr Feuerwehr\u00fcbungen und Spiele runden die Freizeitm\u00f6glichkeiten ab.<\/p>\n<p><strong>Ein umfangreiches Programm wurde geboten<\/strong><\/p>\n<p>Auf dem Programm im Lager standen das gemeinsame Fu\u00df- und Volleyballturnier sowie ein Spiel ohne Grenzen. Ein Tauchkurs mit den Feuerwehrtauchern aus Pula war f\u00fcr die \u00e4lteren Teilnehmer ein weiterer H\u00f6hepunkt der Kroatienreise.<\/p>\n<p><a href=\"http:\/\/www.fuldaer-nachrichten.de\/wp-content\/uploads\/2011\/08\/110815_Kreisjugendfeuerwehr_006.jpg\"><img loading=\"lazy\" decoding=\"async\" class=\"alignnone size-thumbnail wp-image-89207\" title=\"110815_Kreisjugendfeuerwehr_006\" src=\"http:\/\/www.fuldaer-nachrichten.de\/wp-content\/uploads\/2011\/08\/110815_Kreisjugendfeuerwehr_006-265x176.jpg\" alt=\"\" width=\"265\" height=\"176\" srcset=\"https:\/\/www.fuldaernachrichten.de\/wp-content\/uploads\/2011\/08\/110815_Kreisjugendfeuerwehr_006-265x176.jpg 265w, https:\/\/www.fuldaernachrichten.de\/wp-content\/uploads\/2011\/08\/110815_Kreisjugendfeuerwehr_006.jpg 592w\" sizes=\"(max-width: 265px) 100vw, 265px\" \/><\/a> <a href=\"http:\/\/www.fuldaer-nachrichten.de\/wp-content\/uploads\/2011\/08\/110815_Kreisjugendfeuerwehr_016.jpg\"><img loading=\"lazy\" decoding=\"async\" class=\"alignnone size-thumbnail wp-image-89208\" title=\"110815_Kreisjugendfeuerwehr_016\" src=\"http:\/\/www.fuldaer-nachrichten.de\/wp-content\/uploads\/2011\/08\/110815_Kreisjugendfeuerwehr_016-265x176.jpg\" alt=\"\" width=\"265\" height=\"176\" srcset=\"https:\/\/www.fuldaernachrichten.de\/wp-content\/uploads\/2011\/08\/110815_Kreisjugendfeuerwehr_016-265x176.jpg 265w, https:\/\/www.fuldaernachrichten.de\/wp-content\/uploads\/2011\/08\/110815_Kreisjugendfeuerwehr_016.jpg 592w\" sizes=\"(max-width: 265px) 100vw, 265px\" \/><\/a><\/p>\n<p><a href=\"http:\/\/www.fuldaer-nachrichten.de\/wp-content\/uploads\/2011\/08\/110815_Kreisjugendfeuerwehr24.jpg\"><img loading=\"lazy\" decoding=\"async\" class=\"alignnone size-thumbnail wp-image-89211\" title=\"110815_Kreisjugendfeuerwehr24\" src=\"http:\/\/www.fuldaer-nachrichten.de\/wp-content\/uploads\/2011\/08\/110815_Kreisjugendfeuerwehr24-265x179.jpg\" alt=\"\" width=\"265\" height=\"179\" srcset=\"https:\/\/www.fuldaernachrichten.de\/wp-content\/uploads\/2011\/08\/110815_Kreisjugendfeuerwehr24-265x179.jpg 265w, https:\/\/www.fuldaernachrichten.de\/wp-content\/uploads\/2011\/08\/110815_Kreisjugendfeuerwehr24.jpg 592w\" sizes=\"(max-width: 265px) 100vw, 265px\" \/><\/a>\u00c2\u00a0<a href=\"http:\/\/www.fuldaer-nachrichten.de\/wp-content\/uploads\/2011\/08\/110815_Kreisjugendfeuerwehr_021.jpg\"><img loading=\"lazy\" decoding=\"async\" class=\"alignnone size-thumbnail wp-image-89210\" title=\"110815_Kreisjugendfeuerwehr_021\" src=\"http:\/\/www.fuldaer-nachrichten.de\/wp-content\/uploads\/2011\/08\/110815_Kreisjugendfeuerwehr_021-265x176.jpg\" alt=\"\" width=\"265\" height=\"179\" \/><\/a><\/p>\n<p>Die Jugendfeuerwehrmitglieder bekamen von Lagerleiter Klaudijo Filcic den internationalen CTIF-Wettbewerb des Weltfeuerwehrverbandes erkl\u00e4rt und durften diesen auch mal \u00fcben. Eine Schifffahrt zur benachbarten Insel Brijuni mit einer Inselrundfahrt und der Besichtigung von Museen und Sehensw\u00fcrdigkeiten durften auf keinen Fall fehlen. Ebenso f\u00fchrte ein Halbtagesausflug in die benachbarte Stadt Pula. Hier konnte man das von unter Kaiser Augustus erbaute Amphitheater besichtigen und auch die historische Altstadt war sehenswert. Weiterhin wurden Miss und Mister Camp gek\u00fcrt. Hierzu verkleideten sich die Jugendlichen und wurden von einer Jury in verschiedenen Kategorien bewertet. Eine Lagerdisco rundete das Abendprogramm ab und die Jugendfeuerwehrmitglieder tanzten bis zur Nachtruhe.<\/p>\n<p><a href=\"http:\/\/www.fuldaer-nachrichten.de\/wp-content\/uploads\/2011\/08\/110815_Kreisjugendfeuerwehr_001.jpg\"><img loading=\"lazy\" decoding=\"async\" class=\"alignnone size-thumbnail wp-image-89212\" title=\"110815_Kreisjugendfeuerwehr_001\" src=\"http:\/\/www.fuldaer-nachrichten.de\/wp-content\/uploads\/2011\/08\/110815_Kreisjugendfeuerwehr_001-265x176.jpg\" alt=\"\" width=\"265\" height=\"176\" srcset=\"https:\/\/www.fuldaernachrichten.de\/wp-content\/uploads\/2011\/08\/110815_Kreisjugendfeuerwehr_001-265x176.jpg 265w, https:\/\/www.fuldaernachrichten.de\/wp-content\/uploads\/2011\/08\/110815_Kreisjugendfeuerwehr_001.jpg 592w\" sizes=\"(max-width: 265px) 100vw, 265px\" \/><\/a> <a href=\"http:\/\/www.fuldaer-nachrichten.de\/wp-content\/uploads\/2011\/08\/110815_Kreisjugendfeuerwehr_004.jpg\"><img loading=\"lazy\" decoding=\"async\" title=\"110815_Kreisjugendfeuerwehr_004\" src=\"http:\/\/www.fuldaer-nachrichten.de\/wp-content\/uploads\/2011\/08\/110815_Kreisjugendfeuerwehr_004-265x176.jpg\" alt=\"\" width=\"265\" height=\"176\" \/><\/a><\/p>\n<p><a href=\"http:\/\/www.fuldaer-nachrichten.de\/wp-content\/uploads\/2011\/08\/110815_Kreisjugendfeuerwehr_003.jpg\"><img loading=\"lazy\" decoding=\"async\" class=\"alignnone size-thumbnail wp-image-89214\" title=\"110815_Kreisjugendfeuerwehr_003\" src=\"http:\/\/www.fuldaer-nachrichten.de\/wp-content\/uploads\/2011\/08\/110815_Kreisjugendfeuerwehr_003-265x176.jpg\" alt=\"\" width=\"265\" height=\"176\" srcset=\"https:\/\/www.fuldaernachrichten.de\/wp-content\/uploads\/2011\/08\/110815_Kreisjugendfeuerwehr_003-265x176.jpg 265w, https:\/\/www.fuldaernachrichten.de\/wp-content\/uploads\/2011\/08\/110815_Kreisjugendfeuerwehr_003.jpg 592w\" sizes=\"(max-width: 265px) 100vw, 265px\" \/><\/a> <a href=\"http:\/\/www.fuldaer-nachrichten.de\/wp-content\/uploads\/2011\/08\/110815_Kreisjugendfeuerwehr_002.jpg\"><img loading=\"lazy\" decoding=\"async\" title=\"110815_Kreisjugendfeuerwehr_002\" src=\"http:\/\/www.fuldaer-nachrichten.de\/wp-content\/uploads\/2011\/08\/110815_Kreisjugendfeuerwehr_002-265x176.jpg\" alt=\"\" width=\"265\" height=\"176\" \/><\/a><\/p>\n<p>Ein gemeinsamer Gottesdienst in der Kirche zu Fa\u00c5\u00beana am letzten Lagertag sowie eine abschlie\u00dfende Dankesrede durch Kreisjugendfeuerwehrwart Michael Knoth an die Organisatoren des Campes sowie das K\u00fcchenpersonal lie\u00dfen auf beiden Seiten Tr\u00e4nen flie\u00dfen. Der Abschied fiel somit allen sehr schwer, denn man hatte sich aneinander gew\u00f6hnt und Freundschaften geschlossen. Nach einer sch\u00f6nen und erlebnisreichen Woche musste man sodann Abschied nehmen und die R\u00fcckreise antreten. Diese wurde allerdings durch zwei Buspannen etwas verz\u00f6gert. So verbrachte man einige Stunden vor einem Supermarkt in Slowenien, bis der Bus die Jugendfeuerwehrmitglieder wieder in den Landkreis Fulda brachte. Trotz langer Wartezeit lie\u00df sich die Stimmung bei den Teilnehmern nicht tr\u00fcben, denn man erinnerte sich an einen wundersch\u00f6nen Urlaub in Kroatien. Nach Ankunft zu Hause waren sich die Organisatoren einig, vielleicht im kommenden Jahr wieder eine Fahrt ins Feuerwehrcamp nach Fa\u00c5\u00beana zu planen.<\/p>\n<p><a href=\"http:\/\/www.fuldaer-nachrichten.de\/wp-content\/uploads\/2011\/08\/110815_Kreisjugendfeuerwehr_011.jpg\"><img loading=\"lazy\" decoding=\"async\" class=\"alignnone size-thumbnail wp-image-89216\" title=\"110815_Kreisjugendfeuerwehr_011\" src=\"http:\/\/www.fuldaer-nachrichten.de\/wp-content\/uploads\/2011\/08\/110815_Kreisjugendfeuerwehr_011-265x176.jpg\" alt=\"\" width=\"265\" height=\"176\" srcset=\"https:\/\/www.fuldaernachrichten.de\/wp-content\/uploads\/2011\/08\/110815_Kreisjugendfeuerwehr_011-265x176.jpg 265w, https:\/\/www.fuldaernachrichten.de\/wp-content\/uploads\/2011\/08\/110815_Kreisjugendfeuerwehr_011.jpg 592w\" sizes=\"(max-width: 265px) 100vw, 265px\" \/><\/a> <a href=\"http:\/\/www.fuldaer-nachrichten.de\/wp-content\/uploads\/2011\/08\/110815_Kreisjugendfeuerwehr_014.jpg\"><img loading=\"lazy\" decoding=\"async\" class=\"alignnone size-thumbnail wp-image-89220\" title=\"110815_Kreisjugendfeuerwehr_014\" src=\"http:\/\/www.fuldaer-nachrichten.de\/wp-content\/uploads\/2011\/08\/110815_Kreisjugendfeuerwehr_014-265x176.jpg\" alt=\"\" width=\"265\" height=\"176\" srcset=\"https:\/\/www.fuldaernachrichten.de\/wp-content\/uploads\/2011\/08\/110815_Kreisjugendfeuerwehr_014-265x176.jpg 265w, https:\/\/www.fuldaernachrichten.de\/wp-content\/uploads\/2011\/08\/110815_Kreisjugendfeuerwehr_014.jpg 592w\" sizes=\"(max-width: 265px) 100vw, 265px\" \/><\/a><\/p>\n<p><a href=\"http:\/\/www.fuldaer-nachrichten.de\/wp-content\/uploads\/2011\/08\/110815_Kreisjugendfeuerwehr_023.jpg\"><img loading=\"lazy\" decoding=\"async\" class=\"alignnone size-thumbnail wp-image-89218\" title=\"110815_Kreisjugendfeuerwehr_023\" src=\"http:\/\/www.fuldaer-nachrichten.de\/wp-content\/uploads\/2011\/08\/110815_Kreisjugendfeuerwehr_023-265x176.jpg\" alt=\"\" width=\"265\" height=\"176\" srcset=\"https:\/\/www.fuldaernachrichten.de\/wp-content\/uploads\/2011\/08\/110815_Kreisjugendfeuerwehr_023-265x176.jpg 265w, https:\/\/www.fuldaernachrichten.de\/wp-content\/uploads\/2011\/08\/110815_Kreisjugendfeuerwehr_023.jpg 592w\" sizes=\"(max-width: 265px) 100vw, 265px\" \/><\/a> <a href=\"http:\/\/www.fuldaer-nachrichten.de\/wp-content\/uploads\/2011\/08\/110815_Kreisjugendfeuerwehr_017.jpg\"><img loading=\"lazy\" decoding=\"async\" class=\"alignnone size-thumbnail wp-image-89219\" title=\"110815_Kreisjugendfeuerwehr_017\" src=\"http:\/\/www.fuldaer-nachrichten.de\/wp-content\/uploads\/2011\/08\/110815_Kreisjugendfeuerwehr_017-265x176.jpg\" alt=\"\" width=\"265\" height=\"176\" srcset=\"https:\/\/www.fuldaernachrichten.de\/wp-content\/uploads\/2011\/08\/110815_Kreisjugendfeuerwehr_017-265x176.jpg 265w, https:\/\/www.fuldaernachrichten.de\/wp-content\/uploads\/2011\/08\/110815_Kreisjugendfeuerwehr_017.jpg 592w\" sizes=\"(max-width: 265px) 100vw, 265px\" \/><\/a><\/p>\n","protected":false},"excerpt":{"rendered":"<div class=\"tmnf_excerpt\"><p>Fulda. Die Kreisjugendfeuerwehr Fulda verbrachte mit 24 Teilnehmern eine Woche lang im Camp des Kroatischen Feuerwehrverbandes in Fa\u00c5\u00beana. Der Besuch der kroatischen Premierministerin Jadranka Kosor, die das Feuerwehrcamp besuchte und den Nutzungsvertrag f\u00fcr weitere 50 Jahre verl\u00e4ngerte war ein H\u00f6hepunkt der Reise. Weiterhin standen viele kulturelle Besichtigungen und nicht zuletzt die Begegnung mit den kroatischen &hellip;<\/p>\n<\/div>","protected":false},"author":1,"featured_media":0,"comment_status":"closed","ping_status":"closed","sticky":false,"template":"","format":"standard","meta":{"footnotes":""},"categories":[1,71,72,52],"tags":[],"class_list":["post-89199","post","type-post","status-publish","format-standard","hentry","category-startseite","category-feuerwehr","category-jugend","category-umwelt"],"_links":{"self":[{"href":"https:\/\/www.fuldaernachrichten.de\/index.php?rest_route=\/wp\/v2\/posts\/89199","targetHints":{"allow":["GET"]}}],"collection":[{"href":"https:\/\/www.fuldaernachrichten.de\/index.php?rest_route=\/wp\/v2\/posts"}],"about":[{"href":"https:\/\/www.fuldaernachrichten.de\/index.php?rest_route=\/wp\/v2\/types\/post"}],"author":[{"embeddable":true,"href":"https:\/\/www.fuldaernachrichten.de\/index.php?rest_route=\/wp\/v2\/users\/1"}],"replies":[{"embeddable":true,"href":"https:\/\/www.fuldaernachrichten.de\/index.php?rest_route=%2Fwp%2Fv2%2Fcomments&post=89199"}],"version-history":[{"count":0,"href":"https:\/\/www.fuldaernachrichten.de\/index.php?rest_route=\/wp\/v2\/posts\/89199\/revisions"}],"wp:attachment":[{"href":"https:\/\/www.fuldaernachrichten.de\/index.php?rest_route=%2Fwp%2Fv2%2Fmedia&parent=89199"}],"wp:term":[{"taxonomy":"category","embeddable":true,"href":"https:\/\/www.fuldaernachrichten.de\/index.php?rest_route=%2Fwp%2Fv2%2Fcategories&post=89199"},{"taxonomy":"post_tag","embeddable":true,"href":"https:\/\/www.fuldaernachrichten.de\/index.php?rest_route=%2Fwp%2Fv2%2Ftags&post=89199"}],"curies":[{"name":"wp","href":"https:\/\/api.w.org\/{rel}","templated":true}]}}