{"id":89156,"date":"2011-08-13T00:01:04","date_gmt":"2011-08-13T00:01:04","guid":{"rendered":"http:\/\/www.fuldaer-nachrichten.de\/?p=89156"},"modified":"2011-08-13T17:43:54","modified_gmt":"2011-08-13T17:43:54","slug":"das-neue-autohaus-sorg-grand-opening-wochenende-mit-geschaftskundenveranstaltung-eroffnet","status":"publish","type":"post","link":"https:\/\/www.fuldaernachrichten.de\/?p=89156","title":{"rendered":"Grand-Opening-Wochenende beim neuen Autohaus Sorg"},"content":{"rendered":"<p><a title=\"Foto: Max Colin Heydenreich\" href=\"http:\/\/www.fuldaer-nachrichten.de\/wp-content\/uploads\/2011\/08\/110813_Sorg_055.jpg\" rel=\"lightbox[roadtrip]\" target=\"_blank\"><img decoding=\"async\" src=\"http:\/\/www.fuldaer-nachrichten.de\/wp-content\/uploads\/2011\/08\/110813_Sorg_055.jpg\" alt=\"110813_Sorg_055.jpg\" width=\"560\" \/><\/a><\/p>\n<p><strong>Fulda.<\/strong> Mit einer Veranstaltung f\u00fcr Gesch\u00e4ftskunden er\u00f6ffnete das Autohaus Sorg am Freitagmorgen das \u201eGrand Opening\u201c-Wochenende am Fuldaer Stammsitz in der Kreuzbergstra\u00dfe. In der umgestalteten Neuwagenhalle begr\u00fc\u00dften Helmut, Dr. Klaus und Dr. Mascha Sorg die rund 300 G\u00e4ste, die der Einladung in das \u201eAutohaus der Zukunft\u201c gefolgt waren.<\/p>\n<p><strong>Fotos (174):<\/strong> Max Colin Heydenreich<\/p>\n<p><!--more--><\/p>\n<p><a title=\"Foto: Max Colin Heydenreich\" href=\"http:\/\/www.fuldaer-nachrichten.de\/wp-content\/uploads\/2011\/08\/110813_Sorg_049.jpg\" rel=\"lightbox[roadtrip]\" target=\"_blank\"><img decoding=\"async\" src=\"http:\/\/www.fuldaer-nachrichten.de\/wp-content\/uploads\/2011\/08\/110813_Sorg_049.thumbnail.jpg\" alt=\"110813_Sorg_049.jpg\" width=\"265\" \/><\/a> <a title=\"Foto: Max Colin Heydenreich\" href=\"http:\/\/www.fuldaer-nachrichten.de\/wp-content\/uploads\/2011\/08\/110813_Sorg_050.jpg\" rel=\"lightbox[roadtrip]\" target=\"_blank\"><img decoding=\"async\" src=\"http:\/\/www.fuldaer-nachrichten.de\/wp-content\/uploads\/2011\/08\/110813_Sorg_050.thumbnail.jpg\" alt=\"110813_Sorg_050.jpg\" width=\"265\" \/><\/a><\/p>\n<p><a title=\"Foto: Max Colin Heydenreich\" href=\"http:\/\/www.fuldaer-nachrichten.de\/wp-content\/uploads\/2011\/08\/110813_Sorg_071.jpg\" rel=\"lightbox[roadtrip]\" target=\"_blank\"><img decoding=\"async\" src=\"http:\/\/www.fuldaer-nachrichten.de\/wp-content\/uploads\/2011\/08\/110813_Sorg_071.thumbnail.jpg\" alt=\"110813_Sorg_071.jpg\" width=\"265\" \/><\/a> <a title=\"Foto: Max Colin Heydenreich\" href=\"http:\/\/www.fuldaer-nachrichten.de\/wp-content\/uploads\/2011\/08\/110813_Sorg_072.jpg\" rel=\"lightbox[roadtrip]\" target=\"_blank\"><img decoding=\"async\" src=\"http:\/\/www.fuldaer-nachrichten.de\/wp-content\/uploads\/2011\/08\/110813_Sorg_072.thumbnail.jpg\" alt=\"110813_Sorg_072.jpg\" width=\"265\" \/><\/a><\/p>\n<p>Darunter zahlreiche Vertreter der heimischen Wirtschaft, \u00f6ffentliche Funktionstr\u00e4ger und auch die komplette F\u00fchrungsriege der deutschen Ford-Werke um den Gesch\u00e4ftsf\u00fchrer Marketing und Vertrieb, Wolfgang Booms. Von au\u00dfen fallen bereits die neue, in edlem und dezenten grau gehaltene Geb\u00e4udefassade mit Applikationen der Logos von Ford, Jaguar, LandRover und RangeRover sowie die vergr\u00f6\u00dferte Fensterfront auf. Letztere l\u00e4sst nicht nur den gesamten, ebenfalls komplett neu gestalteten Innenraum des Autohauses \u2013 mit einem gro\u00dfen, zentralen Informationsschalter \u2013 in neuem Licht erstrahlen, sondern setzt auch architektonisch die Unternehmensphilosophie um, wie der gesch\u00e4ftsf\u00fchrende Gesellschafter Helmut Sorg in seinen Gru\u00dfworten betonte: \u201eWir \u00f6ffnen im wahrsten Sinne des Wortes die Fenster, und machen unser Autohaus \u2013 das vor allem f\u00fcr die Werte Vertrauen, Ehrlichkeit, Offenheit steht \u2013 transparenter!\u201c<\/p>\n<p>Gemeinsam mit seinem Bruder Dr. Klaus Sorg stellte er die wichtigsten Neuerungen am Fuldaer Stammsitz der Unternehmensgruppe vor: Der Au\u00dfenbereich ist um 5000 Quadratmeter erweitert worden, im Innenbereich werden die neuesten Modelle von Ford, Jaguar, LandRover und RangeRover markenad\u00e4quat in Szene gesetzt, das Angebot an Fahrzeugen und Dienstleistungen wird noch umfassender und gr\u00f6\u00dfer ausgestaltet, Kooperationen mit Partnern wie dem ADAC, dem T\u00fcV und der Zulassungsstelle bieten noch mehr Service vor Ort. Umweltfreundlichkeit und Energieeffizienz habe sowohl bei den Produkten, wie auch bei den Umbauma\u00dfnahmen im Unternehmen selbst eine zentrale Rolle gespielt. So sei das Unternehmen dank eines Blockheizkraftwerks und einer Photovoltaikanlage k\u00fcnftig in der Lage, rund 50 Prozent des ben\u00f6tigten Stroms selbst herzustellen. Fulda sei aber auch das Logistikzentrum der Unternehmensgruppe f\u00fcr die sechs Filialen sowie 13 Partner im Umkreis von 75 Kilometern \u2013 daher sei auch dieser Bereich verst\u00e4rkt worden. \u201eMit all diesen Ma\u00dfnahmen verfolgen wir dabei nur ein Ziel: die Kundenorientierung und den Kundenservice noch weiter zu steigern!\u201c, erkl\u00e4rten die Br\u00fcder unisono.<\/p>\n<p><a title=\"Foto: Max Colin Heydenreich\" href=\"http:\/\/www.fuldaer-nachrichten.de\/wp-content\/uploads\/2011\/08\/110813_Sorg_029.jpg\" rel=\"lightbox[roadtrip]\" target=\"_blank\"><img decoding=\"async\" src=\"http:\/\/www.fuldaer-nachrichten.de\/wp-content\/uploads\/2011\/08\/110813_Sorg_029.thumbnail.jpg\" alt=\"110813_Sorg_029.jpg\" width=\"265\" \/><\/a> <a title=\"Foto: Max Colin Heydenreich\" href=\"http:\/\/www.fuldaer-nachrichten.de\/wp-content\/uploads\/2011\/08\/110813_Sorg_030.jpg\" rel=\"lightbox[roadtrip]\" target=\"_blank\"><img decoding=\"async\" src=\"http:\/\/www.fuldaer-nachrichten.de\/wp-content\/uploads\/2011\/08\/110813_Sorg_030.thumbnail.jpg\" alt=\"110813_Sorg_030.jpg\" width=\"265\" \/><\/a><\/p>\n<p><a title=\"Foto: Max Colin Heydenreich\" href=\"http:\/\/www.fuldaer-nachrichten.de\/wp-content\/uploads\/2011\/08\/110813_Sorg_075.jpg\" rel=\"lightbox[roadtrip]\" target=\"_blank\"><img decoding=\"async\" src=\"http:\/\/www.fuldaer-nachrichten.de\/wp-content\/uploads\/2011\/08\/110813_Sorg_075.thumbnail.jpg\" alt=\"110813_Sorg_075.jpg\" width=\"265\" \/><\/a> <a title=\"Foto: Max Colin Heydenreich\" href=\"http:\/\/www.fuldaer-nachrichten.de\/wp-content\/uploads\/2011\/08\/110813_Sorg_076.jpg\" rel=\"lightbox[roadtrip]\" target=\"_blank\"><img decoding=\"async\" src=\"http:\/\/www.fuldaer-nachrichten.de\/wp-content\/uploads\/2011\/08\/110813_Sorg_076.thumbnail.jpg\" alt=\"110813_Sorg_076.jpg\" width=\"265\" \/><\/a><\/p>\n<p>Wolfgang Booms, Gesch\u00e4ftsf\u00fchrer Marketing und Vertrieb der Ford-Werke Deutschland, lobte anschlie\u00dfend das Engagement des Fuldaer Autohauses Sorg: \u201eDas st\u00e4ndige Bestreben, besser zu sein als jede Konkurrenz, und die strikte Orientierung an der Kundenzufriedenheit, l\u00e4sst sich nirgends besser ablesen als am Marktanteil von Ford \u2013 der in Fulda doppelt so hoch liegt, wie im Bundesschnitt. Die Tatkr\u00e4ftigkeit dieser regional fest verwurzelten Unternehmer ist vorbildlich!\u201c Dieser Meinung schlossen sich auch Landrat Bernd Woide \u2013 der als Hausherr der Zulassungsstelle des Landkreises nebenan quasi als Nachbar sprach \u2013 sowie Fuldas Oberb\u00fcrgermeister Gerhard M\u00f6ller und Bundestagsabgeordneter Michael Brand gerne an.<\/p>\n<p>Bernhard Juchheim, Pr\u00e4sident der IHK verwies au\u00dferdem auf das Engagement des Hauses im Bereich Ausbildung. Dr. Wolfgang Gehrke, Gesch\u00e4ftsf\u00fchrer der T\u00dcV Hessen GmbH, bezeichnete das Areal in der Fuldaer Kreuzbergstra\u00dfe als \u201edas Mobilit\u00e4tszentrum schlechthin\u201c. Claus-O. Herzig, Vize-Pr\u00e4sident des ADAC Hessen-Th\u00fcringen e.V. freute sich, im Autohaus Sorg k\u00fcnftig mit einer ADAC-Filiale vertreten zu sein: \u201eWir haben hier einen starken und bestens aufgestellten Partner gefunden, mit dem wir nun noch n\u00e4her an den Bed\u00fcrfnissen des Kunden rund um die Mobilit\u00e4t sind.\u201c Dr. Mascha Sorg schlie\u00dflich verwies nochmals darauf, dass alle Ver\u00e4nderungen get\u00e4tigt wurden, um die Kunden des Hauses noch zufriedener zu machen. Au\u00dferdem dankte den Unternehmern, die bei Umbau engagiert waren sowie den Mitarbeitern des Hauses.<\/p>\n<p><a title=\"Foto: Max Colin Heydenreich\" href=\"http:\/\/www.fuldaer-nachrichten.de\/wp-content\/uploads\/2011\/08\/110813_Sorg_125.jpg\" rel=\"lightbox[roadtrip]\" target=\"_blank\"><img decoding=\"async\" src=\"http:\/\/www.fuldaer-nachrichten.de\/wp-content\/uploads\/2011\/08\/110813_Sorg_125.thumbnail.jpg\" alt=\"110813_Sorg_125.jpg\" width=\"265\" \/><\/a> <a title=\"Foto: Max Colin Heydenreich\" href=\"http:\/\/www.fuldaer-nachrichten.de\/wp-content\/uploads\/2011\/08\/110813_Sorg_126.jpg\" rel=\"lightbox[roadtrip]\" target=\"_blank\"><img decoding=\"async\" src=\"http:\/\/www.fuldaer-nachrichten.de\/wp-content\/uploads\/2011\/08\/110813_Sorg_126.thumbnail.jpg\" alt=\"110813_Sorg_126.jpg\" width=\"265\" \/><\/a><\/p>\n<p><a title=\"Foto: Max Colin Heydenreich\" href=\"http:\/\/www.fuldaer-nachrichten.de\/wp-content\/uploads\/2011\/08\/110813_Sorg_021.jpg\" rel=\"lightbox[roadtrip]\" target=\"_blank\"><img decoding=\"async\" src=\"http:\/\/www.fuldaer-nachrichten.de\/wp-content\/uploads\/2011\/08\/110813_Sorg_021.thumbnail.jpg\" alt=\"110813_Sorg_021.jpg\" width=\"265\" \/><\/a> <a title=\"Foto: Max Colin Heydenreich\" href=\"http:\/\/www.fuldaer-nachrichten.de\/wp-content\/uploads\/2011\/08\/110813_Sorg_022.jpg\" rel=\"lightbox[roadtrip]\" target=\"_blank\"><img decoding=\"async\" src=\"http:\/\/www.fuldaer-nachrichten.de\/wp-content\/uploads\/2011\/08\/110813_Sorg_022.thumbnail.jpg\" alt=\"110813_Sorg_022.jpg\" width=\"265\" \/><\/a><\/p>\n<p>Im Anschluss durften die G\u00e4ste die neuesten technischen Highlights live erleben: \u201eFord verbaut heute technische Innovationen, die man vor einigen Jahren nur aus James-Bond-Filmen kannte\u201c, lachte Dr. Klaus Sorg, w\u00e4hrend ein neuer Ford Focus mit \u201eactive city stop\u201c automatisch vor einer Wand stoppte, um einen Zusammensto\u00df zu verhindern, und anschlie\u00dfend ohne Zutun des Fahrers passgenau in eine angewiesene L\u00fccke einparkte. Mit weiteren Optionen, wie dem Einparkassistenten, einer automatischen Verkehrszeichenerkennung und vielem mehr, setzt der K\u00f6lner Autobauer neue Ma\u00dfst\u00e4be in der Kompaktklasse.<\/p>\n<p><a title=\"Foto: Max Colin Heydenreich\" href=\"http:\/\/www.fuldaer-nachrichten.de\/wp-content\/uploads\/2011\/08\/110813_Sorg_019.jpg\" rel=\"lightbox[roadtrip]\" target=\"_blank\"><img decoding=\"async\" src=\"http:\/\/www.fuldaer-nachrichten.de\/wp-content\/uploads\/2011\/08\/110813_Sorg_019.thumbnail.jpg\" alt=\"110813_Sorg_019.jpg\" width=\"265\" \/><\/a> <a title=\"Foto: Max Colin Heydenreich\" href=\"http:\/\/www.fuldaer-nachrichten.de\/wp-content\/uploads\/2011\/08\/110813_Sorg_020.jpg\" rel=\"lightbox[roadtrip]\" target=\"_blank\"><img decoding=\"async\" src=\"http:\/\/www.fuldaer-nachrichten.de\/wp-content\/uploads\/2011\/08\/110813_Sorg_020.thumbnail.jpg\" alt=\"110813_Sorg_020.jpg\" width=\"265\" \/><\/a><\/p>\n<p><a title=\"Foto: Max Colin Heydenreich\" href=\"http:\/\/www.fuldaer-nachrichten.de\/wp-content\/uploads\/2011\/08\/110813_Sorg_059.jpg\" rel=\"lightbox[roadtrip]\" target=\"_blank\"><img decoding=\"async\" src=\"http:\/\/www.fuldaer-nachrichten.de\/wp-content\/uploads\/2011\/08\/110813_Sorg_059.thumbnail.jpg\" alt=\"110813_Sorg_059.jpg\" width=\"265\" \/><\/a> <a title=\"Foto: Max Colin Heydenreich\" href=\"http:\/\/www.fuldaer-nachrichten.de\/wp-content\/uploads\/2011\/08\/110813_Sorg_060.jpg\" rel=\"lightbox[roadtrip]\" target=\"_blank\"><img decoding=\"async\" src=\"http:\/\/www.fuldaer-nachrichten.de\/wp-content\/uploads\/2011\/08\/110813_Sorg_060.thumbnail.jpg\" alt=\"110813_Sorg_060.jpg\" width=\"265\" \/><\/a><\/p>\n<p>Sodann ging es gr\u00fcppchenweise weiter auf Erkundungstour auf den um 5000 Quadratmeter erweiterten Au\u00dfenbereich, in dem vor allem Gebrauchtwagen und Transporter pr\u00e4sentiert werden. \u201eGerade im Bereich Jahreswagen und \u00e2\u20ac\u0161junge\u00e2\u20ac\u2122 Gebrauchte haben wir kr\u00e4ftig aufgestockt\u201c, erkl\u00e4rte Helmut Sorg. Um die 400 Fahrzeuge hat das Autohaus Sorg hier im Repertoire \u2013 mehr als doppelt so viele wie bislang. \u201eHier wollen wir auch k\u00fcnftig durch gezielte Zuk\u00e4ufe Privatkunden \u00e4u\u00dferst attraktive Alternativen zu Neu-Fahrzeugen anbieten. Schlie\u00dflich ist der deutsche Gebrauchtwagenmarkt doppelt so gro\u00df wie der Neuwagenmarkt \u2013 und wir k\u00f6nnen nicht nur g\u00fcnstige Preise bieten, sondern auch den vollen Service und die Garantie eines gro\u00dfen Autohauses\u201c, erg\u00e4nzte Dr. Mascha Sorg.<\/p>\n<p><a title=\"Foto: Max Colin Heydenreich\" href=\"http:\/\/www.fuldaer-nachrichten.de\/wp-content\/uploads\/2011\/08\/110813_Sorg_143.jpg\" rel=\"lightbox[roadtrip]\" target=\"_blank\"><img decoding=\"async\" src=\"http:\/\/www.fuldaer-nachrichten.de\/wp-content\/uploads\/2011\/08\/110813_Sorg_143.thumbnail.jpg\" alt=\"110813_Sorg_143.jpg\" width=\"265\" \/><\/a> <a title=\"Foto: Max Colin Heydenreich\" href=\"http:\/\/www.fuldaer-nachrichten.de\/wp-content\/uploads\/2011\/08\/110813_Sorg_144.jpg\" rel=\"lightbox[roadtrip]\" target=\"_blank\"><img decoding=\"async\" src=\"http:\/\/www.fuldaer-nachrichten.de\/wp-content\/uploads\/2011\/08\/110813_Sorg_144.thumbnail.jpg\" alt=\"110813_Sorg_144.jpg\" width=\"265\" \/><\/a><\/p>\n<p><a title=\"Foto: Max Colin Heydenreich\" href=\"http:\/\/www.fuldaer-nachrichten.de\/wp-content\/uploads\/2011\/08\/110813_Sorg_031.jpg\" rel=\"lightbox[roadtrip]\" target=\"_blank\"><img decoding=\"async\" src=\"http:\/\/www.fuldaer-nachrichten.de\/wp-content\/uploads\/2011\/08\/110813_Sorg_031.thumbnail.jpg\" alt=\"110813_Sorg_031.jpg\" width=\"265\" \/><\/a> <a title=\"Foto: Max Colin Heydenreich\" href=\"http:\/\/www.fuldaer-nachrichten.de\/wp-content\/uploads\/2011\/08\/110813_Sorg_032.jpg\" rel=\"lightbox[roadtrip]\" target=\"_blank\"><img decoding=\"async\" src=\"http:\/\/www.fuldaer-nachrichten.de\/wp-content\/uploads\/2011\/08\/110813_Sorg_032.thumbnail.jpg\" alt=\"110813_Sorg_032.jpg\" width=\"265\" \/><\/a><\/p>\n<p>Im neuen und ebenfalls erweiterten Nutzfahrzeugkompetenzzentrum werden Firmenkunden und Gewerbetreibende k\u00fcnftig eine ungekannt umfangreiche Ausstellung \u2013 auch mit zahlreichen Sonderaufbauten \u2013 erleben. \u201eHier wollen wir dem sofortigen Bedarf von Gesch\u00e4ftskunden Rechnung tragen: Wir halten viel mehr Fahrzeuge als bislang auf Lager bereit, um kurzfristige (Ersatz-)Bedarfe zu decken und zeigen unterschiedliche Spezialtransporter\u201c, so Helmut Sorg. Im st\u00e4ndigen Repertoire befinden sich dabei etwa Kofferaufbauten f\u00fcr die Lebensmittelindustrie, Drei-Seiten-Kipper, Spezial-Glasaufbauten, Allradfahrzeuge, Feuerwehrautos, Taxen oder die neuen Transit-Connect-Modelle mit Elektroantrieb. Ford verleiht die Auszeichnung \u201eGewerbepartner\u201c nur an ganz wenige Autoh\u00e4user in Deutschland, die neben einem umfangreichen Produktangebot auch die entsprechenden Dienstleistungen anbieten k\u00f6nnen \u2013 das Autohaus Sorg ist einer der ersten dieser \u201eGewerbepartner\u201c.<\/p>\n<p><a title=\"Foto: Max Colin Heydenreich\" href=\"http:\/\/www.fuldaer-nachrichten.de\/wp-content\/uploads\/2011\/08\/110813_Sorg_109.jpg\" rel=\"lightbox[roadtrip]\" target=\"_blank\"><img decoding=\"async\" src=\"http:\/\/www.fuldaer-nachrichten.de\/wp-content\/uploads\/2011\/08\/110813_Sorg_109.thumbnail.jpg\" alt=\"110813_Sorg_109.jpg\" width=\"265\" \/><\/a> <a title=\"Foto: Max Colin Heydenreich\" href=\"http:\/\/www.fuldaer-nachrichten.de\/wp-content\/uploads\/2011\/08\/110813_Sorg_110.jpg\" rel=\"lightbox[roadtrip]\" target=\"_blank\"><img decoding=\"async\" src=\"http:\/\/www.fuldaer-nachrichten.de\/wp-content\/uploads\/2011\/08\/110813_Sorg_110.thumbnail.jpg\" alt=\"110813_Sorg_110.jpg\" width=\"265\" \/><\/a><\/p>\n<p><a title=\"Foto: Max Colin Heydenreich\" href=\"http:\/\/www.fuldaer-nachrichten.de\/wp-content\/uploads\/2011\/08\/110813_Sorg_033.jpg\" rel=\"lightbox[roadtrip]\" target=\"_blank\"><img decoding=\"async\" src=\"http:\/\/www.fuldaer-nachrichten.de\/wp-content\/uploads\/2011\/08\/110813_Sorg_033.thumbnail.jpg\" alt=\"110813_Sorg_033.jpg\" width=\"265\" \/><\/a> <a title=\"Foto: Max Colin Heydenreich\" href=\"http:\/\/www.fuldaer-nachrichten.de\/wp-content\/uploads\/2011\/08\/110813_Sorg_034.jpg\" rel=\"lightbox[roadtrip]\" target=\"_blank\"><img decoding=\"async\" src=\"http:\/\/www.fuldaer-nachrichten.de\/wp-content\/uploads\/2011\/08\/110813_Sorg_034.thumbnail.jpg\" alt=\"110813_Sorg_034.jpg\" width=\"265\" \/><\/a><\/p>\n<p>Schlie\u00dflich ging es bei N\u00fcrnberger W\u00fcrstchen von tegut\u00e2\u20ac\u00a6-Bankett und alkoholfreiem Weizenbier zum gem\u00fctlichen Teil \u00fcber: Dr. Klaus Sorg pr\u00e4sentierte hierbei noch das Dienstleistungsangebot im \u201eAutohaus der Zukunft\u201c, das ebenfalls neue Ma\u00dfst\u00e4be setzt: Die \u00d6ffnungszeiten im Service- und Werkstattbereich wurden deutlich erweitert, dazu wird eine 24-Stunden-Erreichbarkeit im Schadensfall garantiert. \u201eUnsere Kunden k\u00f6nnen jederzeit auf uns z\u00e4hlen\u201c, erkl\u00e4rt Dr. Klaus Sorg, der als gesch\u00e4ftsf\u00fchrender Gesellschafter diesen Gesch\u00e4ftsbereich verantwortet. \u201eSmart- und easy-repair sind nur zwei Schlagworte, wo wir durch neueste Technik Reparaturen zu absolut konkurrenzf\u00e4higen Preisen bei h\u00f6chster Qualit\u00e4t anbieten k\u00f6nnen\u201c, so Dr. Klaus Sorg. \u00dcber viele Jahre hat sich das Autohaus Sorg ein schlagkr\u00e4ftiges, hochspezialisiertes Werkstattteam aufgebaut: Mechatroniker, Kfz-Meister und \u201eMaster\u201c im Bereich der Servicetechniker werden permanent fortgebildet, um bei der st\u00e4ndigen Innovation in der Fahrzeugtechnik auf dem neuesten Stand zu sein.<\/p>\n<p><a title=\"Foto: Max Colin Heydenreich\" href=\"http:\/\/www.fuldaer-nachrichten.de\/wp-content\/uploads\/2011\/08\/110813_Sorg_039.jpg\" rel=\"lightbox[roadtrip]\" target=\"_blank\"><img decoding=\"async\" src=\"http:\/\/www.fuldaer-nachrichten.de\/wp-content\/uploads\/2011\/08\/110813_Sorg_039.thumbnail.jpg\" alt=\"110813_Sorg_039.jpg\" width=\"265\" \/><\/a> <a title=\"Foto: Max Colin Heydenreich\" href=\"http:\/\/www.fuldaer-nachrichten.de\/wp-content\/uploads\/2011\/08\/110813_Sorg_040.jpg\" rel=\"lightbox[roadtrip]\" target=\"_blank\"><img decoding=\"async\" src=\"http:\/\/www.fuldaer-nachrichten.de\/wp-content\/uploads\/2011\/08\/110813_Sorg_040.thumbnail.jpg\" alt=\"110813_Sorg_040.jpg\" width=\"265\" \/><\/a><\/p>\n<p><a title=\"Foto: Max Colin Heydenreich\" href=\"http:\/\/www.fuldaer-nachrichten.de\/wp-content\/uploads\/2011\/08\/110813_Sorg_083.jpg\" rel=\"lightbox[roadtrip]\" target=\"_blank\"><img decoding=\"async\" src=\"http:\/\/www.fuldaer-nachrichten.de\/wp-content\/uploads\/2011\/08\/110813_Sorg_083.thumbnail.jpg\" alt=\"110813_Sorg_083.jpg\" width=\"265\" \/><\/a> <a title=\"Foto: Max Colin Heydenreich\" href=\"http:\/\/www.fuldaer-nachrichten.de\/wp-content\/uploads\/2011\/08\/110813_Sorg_084.jpg\" rel=\"lightbox[roadtrip]\" target=\"_blank\"><img decoding=\"async\" src=\"http:\/\/www.fuldaer-nachrichten.de\/wp-content\/uploads\/2011\/08\/110813_Sorg_084.thumbnail.jpg\" alt=\"110813_Sorg_084.jpg\" width=\"265\" \/><\/a><\/p>\n<p>\u201eUnser erkl\u00e4rtes Unternehmensziel ist es, durch attraktive Angebote, ein umfassendes Dienstleistungsspektrum sowie top-motivierte und bestens ausgebildete Mitarbeiter die Zufriedenheit unserer Kunden noch weiter zu steigern\u201c, erkl\u00e4rte Helmut Sorg zusammenfassend. Am heutigen Samstag wurde das neue Autohaus Sorg beim \u201eGrand-Opening\u201c der \u00d6ffentlichkeit pr\u00e4sentiert. Am morgigen Sonntag darf ausgiebig geschaut werden. Es finden allerdings keine Beratung, keine Probefahrten und kein Verkauf statt. Nach dem \u201eGrand Opening\u201c-Wochenende sollen am Montag umfassende Umbauarbeiten am benachbarten Service- und Werkstattgeb\u00e4ude beginnen, k\u00fcndigte Dr. Klaus Sorg an.<\/p>\n<p><strong><a title=\"Foto: Max Colin Heydenreich\" href=\"http:\/\/www.fuldaer-nachrichten.de\/wp-content\/uploads\/2011\/08\/110813_Sorg_155.jpg\" rel=\"lightbox[roadtrip]\" target=\"_blank\"><img decoding=\"async\" src=\"http:\/\/www.fuldaer-nachrichten.de\/wp-content\/uploads\/2011\/08\/110813_Sorg_155.thumbnail.jpg\" alt=\"110813_Sorg_155.jpg\" width=\"265\" \/><\/a> <a title=\"Foto: Max Colin Heydenreich\" href=\"http:\/\/www.fuldaer-nachrichten.de\/wp-content\/uploads\/2011\/08\/110813_Sorg_156.jpg\" rel=\"lightbox[roadtrip]\" target=\"_blank\"><img decoding=\"async\" src=\"http:\/\/www.fuldaer-nachrichten.de\/wp-content\/uploads\/2011\/08\/110813_Sorg_156.thumbnail.jpg\" alt=\"110813_Sorg_156.jpg\" width=\"265\" \/><\/a><br \/>\n<\/strong><\/p>\n<p><a title=\"Foto: Max Colin Heydenreich\" href=\"http:\/\/www.fuldaer-nachrichten.de\/wp-content\/uploads\/2011\/08\/110813_Sorg_015.jpg\" rel=\"lightbox[roadtrip]\" target=\"_blank\"><img decoding=\"async\" src=\"http:\/\/www.fuldaer-nachrichten.de\/wp-content\/uploads\/2011\/08\/110813_Sorg_015.thumbnail.jpg\" alt=\"110813_Sorg_015.jpg\" width=\"265\" \/><\/a> <a title=\"Foto: Max Colin Heydenreich\" href=\"http:\/\/www.fuldaer-nachrichten.de\/wp-content\/uploads\/2011\/08\/110813_Sorg_016.jpg\" rel=\"lightbox[roadtrip]\" target=\"_blank\"><img decoding=\"async\" src=\"http:\/\/www.fuldaer-nachrichten.de\/wp-content\/uploads\/2011\/08\/110813_Sorg_016.thumbnail.jpg\" alt=\"110813_Sorg_016.jpg\" width=\"265\" \/><\/a><\/p>\n<p><a title=\"Foto: Max Colin Heydenreich\" href=\"http:\/\/www.fuldaer-nachrichten.de\/wp-content\/uploads\/2011\/08\/110813_Sorg_017.jpg\" rel=\"lightbox[roadtrip]\" target=\"_blank\"><img decoding=\"async\" src=\"http:\/\/www.fuldaer-nachrichten.de\/wp-content\/uploads\/2011\/08\/110813_Sorg_017.thumbnail.jpg\" alt=\"110813_Sorg_017.jpg\" width=\"265\" \/><\/a> <a title=\"Foto: Max Colin Heydenreich\" href=\"http:\/\/www.fuldaer-nachrichten.de\/wp-content\/uploads\/2011\/08\/110813_Sorg_018.jpg\" rel=\"lightbox[roadtrip]\" target=\"_blank\"><img decoding=\"async\" src=\"http:\/\/www.fuldaer-nachrichten.de\/wp-content\/uploads\/2011\/08\/110813_Sorg_018.thumbnail.jpg\" alt=\"110813_Sorg_018.jpg\" width=\"265\" \/><\/a><\/p>\n<p><a title=\"Foto: Max Colin Heydenreich\" href=\"http:\/\/www.fuldaer-nachrichten.de\/wp-content\/uploads\/2011\/08\/110813_Sorg_001.jpg\" rel=\"lightbox[roadtrip]\" target=\"_blank\"><img decoding=\"async\" src=\"http:\/\/www.fuldaer-nachrichten.de\/wp-content\/uploads\/2011\/08\/110813_Sorg_001.thumbnail.jpg\" alt=\"110813_Sorg_001.jpg\" width=\"265\" \/><\/a> <a title=\"Foto: Max Colin Heydenreich\" href=\"http:\/\/www.fuldaer-nachrichten.de\/wp-content\/uploads\/2011\/08\/110813_Sorg_002.jpg\" rel=\"lightbox[roadtrip]\" target=\"_blank\"><img decoding=\"async\" src=\"http:\/\/www.fuldaer-nachrichten.de\/wp-content\/uploads\/2011\/08\/110813_Sorg_002.thumbnail.jpg\" alt=\"110813_Sorg_002.jpg\" width=\"265\" \/><\/a><\/p>\n<p><a title=\"Foto: Max Colin Heydenreich\" href=\"http:\/\/www.fuldaer-nachrichten.de\/wp-content\/uploads\/2011\/08\/110813_Sorg_023.jpg\" rel=\"lightbox[roadtrip]\" target=\"_blank\"><img decoding=\"async\" src=\"http:\/\/www.fuldaer-nachrichten.de\/wp-content\/uploads\/2011\/08\/110813_Sorg_023.thumbnail.jpg\" alt=\"110813_Sorg_023.jpg\" width=\"265\" \/><\/a> <a title=\"Foto: Max Colin Heydenreich\" href=\"http:\/\/www.fuldaer-nachrichten.de\/wp-content\/uploads\/2011\/08\/110813_Sorg_024.jpg\" rel=\"lightbox[roadtrip]\" target=\"_blank\"><img decoding=\"async\" src=\"http:\/\/www.fuldaer-nachrichten.de\/wp-content\/uploads\/2011\/08\/110813_Sorg_024.thumbnail.jpg\" alt=\"110813_Sorg_024.jpg\" width=\"265\" \/><\/a><\/p>\n<p><a title=\"Foto: Max Colin Heydenreich\" href=\"http:\/\/www.fuldaer-nachrichten.de\/wp-content\/uploads\/2011\/08\/110813_Sorg_025.jpg\" rel=\"lightbox[roadtrip]\" target=\"_blank\"><img decoding=\"async\" src=\"http:\/\/www.fuldaer-nachrichten.de\/wp-content\/uploads\/2011\/08\/110813_Sorg_025.thumbnail.jpg\" alt=\"110813_Sorg_025.jpg\" width=\"265\" \/><\/a> <a title=\"Foto: Max Colin Heydenreich\" href=\"http:\/\/www.fuldaer-nachrichten.de\/wp-content\/uploads\/2011\/08\/110813_Sorg_026.jpg\" rel=\"lightbox[roadtrip]\" target=\"_blank\"><img decoding=\"async\" src=\"http:\/\/www.fuldaer-nachrichten.de\/wp-content\/uploads\/2011\/08\/110813_Sorg_026.thumbnail.jpg\" alt=\"110813_Sorg_026.jpg\" width=\"265\" \/><\/a><\/p>\n<p><a title=\"Foto: Max Colin Heydenreich\" href=\"http:\/\/www.fuldaer-nachrichten.de\/wp-content\/uploads\/2011\/08\/110813_Sorg_027.jpg\" rel=\"lightbox[roadtrip]\" target=\"_blank\"><img decoding=\"async\" src=\"http:\/\/www.fuldaer-nachrichten.de\/wp-content\/uploads\/2011\/08\/110813_Sorg_027.thumbnail.jpg\" alt=\"110813_Sorg_027.jpg\" width=\"265\" \/><\/a> <a title=\"Foto: Max Colin Heydenreich\" href=\"http:\/\/www.fuldaer-nachrichten.de\/wp-content\/uploads\/2011\/08\/110813_Sorg_028.jpg\" rel=\"lightbox[roadtrip]\" target=\"_blank\"><img decoding=\"async\" src=\"http:\/\/www.fuldaer-nachrichten.de\/wp-content\/uploads\/2011\/08\/110813_Sorg_028.thumbnail.jpg\" alt=\"110813_Sorg_028.jpg\" width=\"265\" \/><\/a><\/p>\n<p><a title=\"Foto: Max Colin Heydenreich\" href=\"http:\/\/www.fuldaer-nachrichten.de\/wp-content\/uploads\/2011\/08\/110813_Sorg_003.jpg\" rel=\"lightbox[roadtrip]\" target=\"_blank\"><img decoding=\"async\" src=\"http:\/\/www.fuldaer-nachrichten.de\/wp-content\/uploads\/2011\/08\/110813_Sorg_003.thumbnail.jpg\" alt=\"110813_Sorg_003.jpg\" width=\"265\" \/><\/a> <a title=\"Foto: Max Colin Heydenreich\" href=\"http:\/\/www.fuldaer-nachrichten.de\/wp-content\/uploads\/2011\/08\/110813_Sorg_004.jpg\" rel=\"lightbox[roadtrip]\" target=\"_blank\"><img decoding=\"async\" src=\"http:\/\/www.fuldaer-nachrichten.de\/wp-content\/uploads\/2011\/08\/110813_Sorg_004.thumbnail.jpg\" alt=\"110813_Sorg_004.jpg\" width=\"265\" \/><\/a><\/p>\n<p><a title=\"Foto: Max Colin Heydenreich\" href=\"http:\/\/www.fuldaer-nachrichten.de\/wp-content\/uploads\/2011\/08\/110813_Sorg_035.jpg\" rel=\"lightbox[roadtrip]\" target=\"_blank\"><img decoding=\"async\" src=\"http:\/\/www.fuldaer-nachrichten.de\/wp-content\/uploads\/2011\/08\/110813_Sorg_035.thumbnail.jpg\" alt=\"110813_Sorg_035.jpg\" width=\"265\" \/><\/a> <a title=\"Foto: Max Colin Heydenreich\" href=\"http:\/\/www.fuldaer-nachrichten.de\/wp-content\/uploads\/2011\/08\/110813_Sorg_036.jpg\" rel=\"lightbox[roadtrip]\" target=\"_blank\"><img decoding=\"async\" src=\"http:\/\/www.fuldaer-nachrichten.de\/wp-content\/uploads\/2011\/08\/110813_Sorg_036.thumbnail.jpg\" alt=\"110813_Sorg_036.jpg\" width=\"265\" \/><\/a><\/p>\n<p><a title=\"Foto: Max Colin Heydenreich\" href=\"http:\/\/www.fuldaer-nachrichten.de\/wp-content\/uploads\/2011\/08\/110813_Sorg_037.jpg\" rel=\"lightbox[roadtrip]\" target=\"_blank\"><img decoding=\"async\" src=\"http:\/\/www.fuldaer-nachrichten.de\/wp-content\/uploads\/2011\/08\/110813_Sorg_037.thumbnail.jpg\" alt=\"110813_Sorg_037.jpg\" width=\"265\" \/><\/a> <a title=\"Foto: Max Colin Heydenreich\" href=\"http:\/\/www.fuldaer-nachrichten.de\/wp-content\/uploads\/2011\/08\/110813_Sorg_038.jpg\" rel=\"lightbox[roadtrip]\" target=\"_blank\"><img decoding=\"async\" src=\"http:\/\/www.fuldaer-nachrichten.de\/wp-content\/uploads\/2011\/08\/110813_Sorg_038.thumbnail.jpg\" alt=\"110813_Sorg_038.jpg\" width=\"265\" \/><\/a><\/p>\n<p><a title=\"Foto: Max Colin Heydenreich\" href=\"http:\/\/www.fuldaer-nachrichten.de\/wp-content\/uploads\/2011\/08\/110813_Sorg_041.jpg\" rel=\"lightbox[roadtrip]\" target=\"_blank\"><img decoding=\"async\" src=\"http:\/\/www.fuldaer-nachrichten.de\/wp-content\/uploads\/2011\/08\/110813_Sorg_041.thumbnail.jpg\" alt=\"110813_Sorg_041.jpg\" width=\"265\" \/><\/a> <a title=\"Foto: Max Colin Heydenreich\" href=\"http:\/\/www.fuldaer-nachrichten.de\/wp-content\/uploads\/2011\/08\/110813_Sorg_042.jpg\" rel=\"lightbox[roadtrip]\" target=\"_blank\"><img decoding=\"async\" src=\"http:\/\/www.fuldaer-nachrichten.de\/wp-content\/uploads\/2011\/08\/110813_Sorg_042.thumbnail.jpg\" alt=\"110813_Sorg_042.jpg\" width=\"265\" \/><\/a><\/p>\n<p><a title=\"Foto: Max Colin Heydenreich\" href=\"http:\/\/www.fuldaer-nachrichten.de\/wp-content\/uploads\/2011\/08\/110813_Sorg_043.jpg\" rel=\"lightbox[roadtrip]\" target=\"_blank\"><img decoding=\"async\" src=\"http:\/\/www.fuldaer-nachrichten.de\/wp-content\/uploads\/2011\/08\/110813_Sorg_043.thumbnail.jpg\" alt=\"110813_Sorg_043.jpg\" width=\"265\" \/><\/a> <a title=\"Foto: Max Colin Heydenreich\" href=\"http:\/\/www.fuldaer-nachrichten.de\/wp-content\/uploads\/2011\/08\/110813_Sorg_044.jpg\" rel=\"lightbox[roadtrip]\" target=\"_blank\"><img decoding=\"async\" src=\"http:\/\/www.fuldaer-nachrichten.de\/wp-content\/uploads\/2011\/08\/110813_Sorg_044.thumbnail.jpg\" alt=\"110813_Sorg_044.jpg\" width=\"265\" \/><\/a><\/p>\n<p><a title=\"Foto: Max Colin Heydenreich\" href=\"http:\/\/www.fuldaer-nachrichten.de\/wp-content\/uploads\/2011\/08\/110813_Sorg_045.jpg\" rel=\"lightbox[roadtrip]\" target=\"_blank\"><img decoding=\"async\" src=\"http:\/\/www.fuldaer-nachrichten.de\/wp-content\/uploads\/2011\/08\/110813_Sorg_045.thumbnail.jpg\" alt=\"110813_Sorg_045.jpg\" width=\"265\" \/><\/a> <a title=\"Foto: Max Colin Heydenreich\" href=\"http:\/\/www.fuldaer-nachrichten.de\/wp-content\/uploads\/2011\/08\/110813_Sorg_046.jpg\" rel=\"lightbox[roadtrip]\" target=\"_blank\"><img decoding=\"async\" src=\"http:\/\/www.fuldaer-nachrichten.de\/wp-content\/uploads\/2011\/08\/110813_Sorg_046.thumbnail.jpg\" alt=\"110813_Sorg_046.jpg\" width=\"265\" \/><\/a><\/p>\n<p><a title=\"Foto: Max Colin Heydenreich\" href=\"http:\/\/www.fuldaer-nachrichten.de\/wp-content\/uploads\/2011\/08\/110813_Sorg_047.jpg\" rel=\"lightbox[roadtrip]\" target=\"_blank\"><img decoding=\"async\" src=\"http:\/\/www.fuldaer-nachrichten.de\/wp-content\/uploads\/2011\/08\/110813_Sorg_047.thumbnail.jpg\" alt=\"110813_Sorg_047.jpg\" width=\"265\" \/><\/a> <a title=\"Foto: Max Colin Heydenreich\" href=\"http:\/\/www.fuldaer-nachrichten.de\/wp-content\/uploads\/2011\/08\/110813_Sorg_048.jpg\" rel=\"lightbox[roadtrip]\" target=\"_blank\"><img decoding=\"async\" src=\"http:\/\/www.fuldaer-nachrichten.de\/wp-content\/uploads\/2011\/08\/110813_Sorg_048.thumbnail.jpg\" alt=\"110813_Sorg_048.jpg\" width=\"265\" \/><\/a><\/p>\n<p><a title=\"Foto: Max Colin Heydenreich\" href=\"http:\/\/www.fuldaer-nachrichten.de\/wp-content\/uploads\/2011\/08\/110813_Sorg_051.jpg\" rel=\"lightbox[roadtrip]\" target=\"_blank\"><img decoding=\"async\" src=\"http:\/\/www.fuldaer-nachrichten.de\/wp-content\/uploads\/2011\/08\/110813_Sorg_051.thumbnail.jpg\" alt=\"110813_Sorg_051.jpg\" width=\"265\" \/><\/a> <a title=\"Foto: Max Colin Heydenreich\" href=\"http:\/\/www.fuldaer-nachrichten.de\/wp-content\/uploads\/2011\/08\/110813_Sorg_052.jpg\" rel=\"lightbox[roadtrip]\" target=\"_blank\"><img decoding=\"async\" src=\"http:\/\/www.fuldaer-nachrichten.de\/wp-content\/uploads\/2011\/08\/110813_Sorg_052.thumbnail.jpg\" alt=\"110813_Sorg_052.jpg\" width=\"265\" \/><\/a><\/p>\n<p><a title=\"Foto: Max Colin Heydenreich\" href=\"http:\/\/www.fuldaer-nachrichten.de\/wp-content\/uploads\/2011\/08\/110813_Sorg_053.jpg\" rel=\"lightbox[roadtrip]\" target=\"_blank\"><img decoding=\"async\" src=\"http:\/\/www.fuldaer-nachrichten.de\/wp-content\/uploads\/2011\/08\/110813_Sorg_053.thumbnail.jpg\" alt=\"110813_Sorg_053.jpg\" width=\"265\" \/><\/a> <a title=\"Foto: Max Colin Heydenreich\" href=\"http:\/\/www.fuldaer-nachrichten.de\/wp-content\/uploads\/2011\/08\/110813_Sorg_054.jpg\" rel=\"lightbox[roadtrip]\" target=\"_blank\"><img decoding=\"async\" src=\"http:\/\/www.fuldaer-nachrichten.de\/wp-content\/uploads\/2011\/08\/110813_Sorg_054.thumbnail.jpg\" alt=\"110813_Sorg_054.jpg\" width=\"265\" \/><\/a><\/p>\n<p><a title=\"Foto: Max Colin Heydenreich\" href=\"http:\/\/www.fuldaer-nachrichten.de\/wp-content\/uploads\/2011\/08\/110813_Sorg_055.jpg\" rel=\"lightbox[roadtrip]\" target=\"_blank\"><img decoding=\"async\" src=\"http:\/\/www.fuldaer-nachrichten.de\/wp-content\/uploads\/2011\/08\/110813_Sorg_055.thumbnail.jpg\" alt=\"110813_Sorg_055.jpg\" width=\"265\" \/><\/a> <a title=\"Foto: Max Colin Heydenreich\" href=\"http:\/\/www.fuldaer-nachrichten.de\/wp-content\/uploads\/2011\/08\/110813_Sorg_056.jpg\" rel=\"lightbox[roadtrip]\" target=\"_blank\"><img decoding=\"async\" src=\"http:\/\/www.fuldaer-nachrichten.de\/wp-content\/uploads\/2011\/08\/110813_Sorg_056.thumbnail.jpg\" alt=\"110813_Sorg_056.jpg\" width=\"265\" \/><\/a><\/p>\n<p><a title=\"Foto: Max Colin Heydenreich\" href=\"http:\/\/www.fuldaer-nachrichten.de\/wp-content\/uploads\/2011\/08\/110813_Sorg_057.jpg\" rel=\"lightbox[roadtrip]\" target=\"_blank\"><img decoding=\"async\" src=\"http:\/\/www.fuldaer-nachrichten.de\/wp-content\/uploads\/2011\/08\/110813_Sorg_057.thumbnail.jpg\" alt=\"110813_Sorg_057.jpg\" width=\"265\" \/><\/a> <a title=\"Foto: Max Colin Heydenreich\" href=\"http:\/\/www.fuldaer-nachrichten.de\/wp-content\/uploads\/2011\/08\/110813_Sorg_058.jpg\" rel=\"lightbox[roadtrip]\" target=\"_blank\"><img decoding=\"async\" src=\"http:\/\/www.fuldaer-nachrichten.de\/wp-content\/uploads\/2011\/08\/110813_Sorg_058.thumbnail.jpg\" alt=\"110813_Sorg_058.jpg\" width=\"265\" \/><\/a><\/p>\n<p><a title=\"Foto: Max Colin Heydenreich\" href=\"http:\/\/www.fuldaer-nachrichten.de\/wp-content\/uploads\/2011\/08\/110813_Sorg_061.jpg\" rel=\"lightbox[roadtrip]\" target=\"_blank\"><img decoding=\"async\" src=\"http:\/\/www.fuldaer-nachrichten.de\/wp-content\/uploads\/2011\/08\/110813_Sorg_061.thumbnail.jpg\" alt=\"110813_Sorg_061.jpg\" width=\"265\" \/><\/a> <a title=\"Foto: Max Colin Heydenreich\" href=\"http:\/\/www.fuldaer-nachrichten.de\/wp-content\/uploads\/2011\/08\/110813_Sorg_062.jpg\" rel=\"lightbox[roadtrip]\" target=\"_blank\"><img decoding=\"async\" src=\"http:\/\/www.fuldaer-nachrichten.de\/wp-content\/uploads\/2011\/08\/110813_Sorg_062.thumbnail.jpg\" alt=\"110813_Sorg_062.jpg\" width=\"265\" \/><\/a><\/p>\n<p><a title=\"Foto: Max Colin Heydenreich\" href=\"http:\/\/www.fuldaer-nachrichten.de\/wp-content\/uploads\/2011\/08\/110813_Sorg_063.jpg\" rel=\"lightbox[roadtrip]\" target=\"_blank\"><img decoding=\"async\" src=\"http:\/\/www.fuldaer-nachrichten.de\/wp-content\/uploads\/2011\/08\/110813_Sorg_063.thumbnail.jpg\" alt=\"110813_Sorg_063.jpg\" width=\"265\" \/><\/a> <a title=\"Foto: Max Colin Heydenreich\" href=\"http:\/\/www.fuldaer-nachrichten.de\/wp-content\/uploads\/2011\/08\/110813_Sorg_064.jpg\" rel=\"lightbox[roadtrip]\" target=\"_blank\"><img decoding=\"async\" src=\"http:\/\/www.fuldaer-nachrichten.de\/wp-content\/uploads\/2011\/08\/110813_Sorg_064.thumbnail.jpg\" alt=\"110813_Sorg_064.jpg\" width=\"265\" \/><\/a><\/p>\n<p><a title=\"Foto: Max Colin Heydenreich\" href=\"http:\/\/www.fuldaer-nachrichten.de\/wp-content\/uploads\/2011\/08\/110813_Sorg_065.jpg\" rel=\"lightbox[roadtrip]\" target=\"_blank\"><img decoding=\"async\" src=\"http:\/\/www.fuldaer-nachrichten.de\/wp-content\/uploads\/2011\/08\/110813_Sorg_065.thumbnail.jpg\" alt=\"110813_Sorg_065.jpg\" width=\"265\" \/><\/a> <a title=\"Foto: Max Colin Heydenreich\" href=\"http:\/\/www.fuldaer-nachrichten.de\/wp-content\/uploads\/2011\/08\/110813_Sorg_066.jpg\" rel=\"lightbox[roadtrip]\" target=\"_blank\"><img decoding=\"async\" src=\"http:\/\/www.fuldaer-nachrichten.de\/wp-content\/uploads\/2011\/08\/110813_Sorg_066.thumbnail.jpg\" alt=\"110813_Sorg_066.jpg\" width=\"265\" \/><\/a><\/p>\n<p><a title=\"Foto: Max Colin Heydenreich\" href=\"http:\/\/www.fuldaer-nachrichten.de\/wp-content\/uploads\/2011\/08\/110813_Sorg_067.jpg\" rel=\"lightbox[roadtrip]\" target=\"_blank\"><img decoding=\"async\" src=\"http:\/\/www.fuldaer-nachrichten.de\/wp-content\/uploads\/2011\/08\/110813_Sorg_067.thumbnail.jpg\" alt=\"110813_Sorg_067.jpg\" width=\"265\" \/><\/a> <a title=\"Foto: Max Colin Heydenreich\" href=\"http:\/\/www.fuldaer-nachrichten.de\/wp-content\/uploads\/2011\/08\/110813_Sorg_068.jpg\" rel=\"lightbox[roadtrip]\" target=\"_blank\"><img decoding=\"async\" src=\"http:\/\/www.fuldaer-nachrichten.de\/wp-content\/uploads\/2011\/08\/110813_Sorg_068.thumbnail.jpg\" alt=\"110813_Sorg_068.jpg\" width=\"265\" \/><\/a><\/p>\n<p><a title=\"Foto: Max Colin Heydenreich\" href=\"http:\/\/www.fuldaer-nachrichten.de\/wp-content\/uploads\/2011\/08\/110813_Sorg_069.jpg\" rel=\"lightbox[roadtrip]\" target=\"_blank\"><img decoding=\"async\" src=\"http:\/\/www.fuldaer-nachrichten.de\/wp-content\/uploads\/2011\/08\/110813_Sorg_069.thumbnail.jpg\" alt=\"110813_Sorg_069.jpg\" width=\"265\" \/><\/a> <a title=\"Foto: Max Colin Heydenreich\" href=\"http:\/\/www.fuldaer-nachrichten.de\/wp-content\/uploads\/2011\/08\/110813_Sorg_070.jpg\" rel=\"lightbox[roadtrip]\" target=\"_blank\"><img decoding=\"async\" src=\"http:\/\/www.fuldaer-nachrichten.de\/wp-content\/uploads\/2011\/08\/110813_Sorg_070.thumbnail.jpg\" alt=\"110813_Sorg_070.jpg\" width=\"265\" \/><\/a><\/p>\n<p><a title=\"Foto: Max Colin Heydenreich\" href=\"http:\/\/www.fuldaer-nachrichten.de\/wp-content\/uploads\/2011\/08\/110813_Sorg_073.jpg\" rel=\"lightbox[roadtrip]\" target=\"_blank\"><img decoding=\"async\" src=\"http:\/\/www.fuldaer-nachrichten.de\/wp-content\/uploads\/2011\/08\/110813_Sorg_073.thumbnail.jpg\" alt=\"110813_Sorg_073.jpg\" width=\"265\" \/><\/a> <a title=\"Foto: Max Colin Heydenreich\" href=\"http:\/\/www.fuldaer-nachrichten.de\/wp-content\/uploads\/2011\/08\/110813_Sorg_074.jpg\" rel=\"lightbox[roadtrip]\" target=\"_blank\"><img decoding=\"async\" src=\"http:\/\/www.fuldaer-nachrichten.de\/wp-content\/uploads\/2011\/08\/110813_Sorg_074.thumbnail.jpg\" alt=\"110813_Sorg_074.jpg\" width=\"265\" \/><\/a><\/p>\n<p><a title=\"Foto: Max Colin Heydenreich\" href=\"http:\/\/www.fuldaer-nachrichten.de\/wp-content\/uploads\/2011\/08\/110813_Sorg_077.jpg\" rel=\"lightbox[roadtrip]\" target=\"_blank\"><img decoding=\"async\" src=\"http:\/\/www.fuldaer-nachrichten.de\/wp-content\/uploads\/2011\/08\/110813_Sorg_077.thumbnail.jpg\" alt=\"110813_Sorg_077.jpg\" width=\"265\" \/><\/a> <a title=\"Foto: Max Colin Heydenreich\" href=\"http:\/\/www.fuldaer-nachrichten.de\/wp-content\/uploads\/2011\/08\/110813_Sorg_078.jpg\" rel=\"lightbox[roadtrip]\" target=\"_blank\"><img decoding=\"async\" src=\"http:\/\/www.fuldaer-nachrichten.de\/wp-content\/uploads\/2011\/08\/110813_Sorg_078.thumbnail.jpg\" alt=\"110813_Sorg_078.jpg\" width=\"265\" \/><\/a><\/p>\n<p><a title=\"Foto: Max Colin Heydenreich\" href=\"http:\/\/www.fuldaer-nachrichten.de\/wp-content\/uploads\/2011\/08\/110813_Sorg_079.jpg\" rel=\"lightbox[roadtrip]\" target=\"_blank\"><img decoding=\"async\" src=\"http:\/\/www.fuldaer-nachrichten.de\/wp-content\/uploads\/2011\/08\/110813_Sorg_079.thumbnail.jpg\" alt=\"110813_Sorg_079.jpg\" width=\"265\" \/><\/a> <a title=\"Foto: Max Colin Heydenreich\" href=\"http:\/\/www.fuldaer-nachrichten.de\/wp-content\/uploads\/2011\/08\/110813_Sorg_080.jpg\" rel=\"lightbox[roadtrip]\" target=\"_blank\"><img decoding=\"async\" src=\"http:\/\/www.fuldaer-nachrichten.de\/wp-content\/uploads\/2011\/08\/110813_Sorg_080.thumbnail.jpg\" alt=\"110813_Sorg_080.jpg\" width=\"265\" \/><\/a><\/p>\n<p><a title=\"Foto: Max Colin Heydenreich\" href=\"http:\/\/www.fuldaer-nachrichten.de\/wp-content\/uploads\/2011\/08\/110813_Sorg_081.jpg\" rel=\"lightbox[roadtrip]\" target=\"_blank\"><img decoding=\"async\" src=\"http:\/\/www.fuldaer-nachrichten.de\/wp-content\/uploads\/2011\/08\/110813_Sorg_081.thumbnail.jpg\" alt=\"110813_Sorg_081.jpg\" width=\"265\" \/><\/a> <a title=\"Foto: Max Colin Heydenreich\" href=\"http:\/\/www.fuldaer-nachrichten.de\/wp-content\/uploads\/2011\/08\/110813_Sorg_082.jpg\" rel=\"lightbox[roadtrip]\" target=\"_blank\"><img decoding=\"async\" src=\"http:\/\/www.fuldaer-nachrichten.de\/wp-content\/uploads\/2011\/08\/110813_Sorg_082.thumbnail.jpg\" alt=\"110813_Sorg_082.jpg\" width=\"265\" \/><\/a><\/p>\n<p><a title=\"Foto: Max Colin Heydenreich\" href=\"http:\/\/www.fuldaer-nachrichten.de\/wp-content\/uploads\/2011\/08\/110813_Sorg_085.jpg\" rel=\"lightbox[roadtrip]\" target=\"_blank\"><img decoding=\"async\" src=\"http:\/\/www.fuldaer-nachrichten.de\/wp-content\/uploads\/2011\/08\/110813_Sorg_085.thumbnail.jpg\" alt=\"110813_Sorg_085.jpg\" width=\"265\" \/><\/a> <a title=\"Foto: Max Colin Heydenreich\" href=\"http:\/\/www.fuldaer-nachrichten.de\/wp-content\/uploads\/2011\/08\/110813_Sorg_086.jpg\" rel=\"lightbox[roadtrip]\" target=\"_blank\"><img decoding=\"async\" src=\"http:\/\/www.fuldaer-nachrichten.de\/wp-content\/uploads\/2011\/08\/110813_Sorg_086.thumbnail.jpg\" alt=\"110813_Sorg_086.jpg\" width=\"265\" \/><\/a><\/p>\n<p><a title=\"Foto: Max Colin Heydenreich\" href=\"http:\/\/www.fuldaer-nachrichten.de\/wp-content\/uploads\/2011\/08\/110813_Sorg_087.jpg\" rel=\"lightbox[roadtrip]\" target=\"_blank\"><img decoding=\"async\" src=\"http:\/\/www.fuldaer-nachrichten.de\/wp-content\/uploads\/2011\/08\/110813_Sorg_087.thumbnail.jpg\" alt=\"110813_Sorg_087.jpg\" width=\"265\" \/><\/a> <a title=\"Foto: Max Colin Heydenreich\" href=\"http:\/\/www.fuldaer-nachrichten.de\/wp-content\/uploads\/2011\/08\/110813_Sorg_088.jpg\" rel=\"lightbox[roadtrip]\" target=\"_blank\"><img decoding=\"async\" src=\"http:\/\/www.fuldaer-nachrichten.de\/wp-content\/uploads\/2011\/08\/110813_Sorg_088.thumbnail.jpg\" alt=\"110813_Sorg_088.jpg\" width=\"265\" \/><\/a><\/p>\n<p><a title=\"Foto: Max Colin Heydenreich\" href=\"http:\/\/www.fuldaer-nachrichten.de\/wp-content\/uploads\/2011\/08\/110813_Sorg_089.jpg\" rel=\"lightbox[roadtrip]\" target=\"_blank\"><img decoding=\"async\" src=\"http:\/\/www.fuldaer-nachrichten.de\/wp-content\/uploads\/2011\/08\/110813_Sorg_089.thumbnail.jpg\" alt=\"110813_Sorg_089.jpg\" width=\"265\" \/><\/a> <a title=\"Foto: Max Colin Heydenreich\" href=\"http:\/\/www.fuldaer-nachrichten.de\/wp-content\/uploads\/2011\/08\/110813_Sorg_090.jpg\" rel=\"lightbox[roadtrip]\" target=\"_blank\"><img decoding=\"async\" src=\"http:\/\/www.fuldaer-nachrichten.de\/wp-content\/uploads\/2011\/08\/110813_Sorg_090.thumbnail.jpg\" alt=\"110813_Sorg_090.jpg\" width=\"265\" \/><\/a><\/p>\n<p><a title=\"Foto: Max Colin Heydenreich\" href=\"http:\/\/www.fuldaer-nachrichten.de\/wp-content\/uploads\/2011\/08\/110813_Sorg_091.jpg\" rel=\"lightbox[roadtrip]\" target=\"_blank\"><img decoding=\"async\" src=\"http:\/\/www.fuldaer-nachrichten.de\/wp-content\/uploads\/2011\/08\/110813_Sorg_091.thumbnail.jpg\" alt=\"110813_Sorg_091.jpg\" width=\"265\" \/><\/a> <a title=\"Foto: Max Colin Heydenreich\" href=\"http:\/\/www.fuldaer-nachrichten.de\/wp-content\/uploads\/2011\/08\/110813_Sorg_092.jpg\" rel=\"lightbox[roadtrip]\" target=\"_blank\"><img decoding=\"async\" src=\"http:\/\/www.fuldaer-nachrichten.de\/wp-content\/uploads\/2011\/08\/110813_Sorg_092.thumbnail.jpg\" alt=\"110813_Sorg_092.jpg\" width=\"265\" \/><\/a><\/p>\n<p><a title=\"Foto: Max Colin Heydenreich\" href=\"http:\/\/www.fuldaer-nachrichten.de\/wp-content\/uploads\/2011\/08\/110813_Sorg_093.jpg\" rel=\"lightbox[roadtrip]\" target=\"_blank\"><img decoding=\"async\" src=\"http:\/\/www.fuldaer-nachrichten.de\/wp-content\/uploads\/2011\/08\/110813_Sorg_093.thumbnail.jpg\" alt=\"110813_Sorg_093.jpg\" width=\"265\" \/><\/a> <a title=\"Foto: Max Colin Heydenreich\" href=\"http:\/\/www.fuldaer-nachrichten.de\/wp-content\/uploads\/2011\/08\/110813_Sorg_094.jpg\" rel=\"lightbox[roadtrip]\" target=\"_blank\"><img decoding=\"async\" src=\"http:\/\/www.fuldaer-nachrichten.de\/wp-content\/uploads\/2011\/08\/110813_Sorg_094.thumbnail.jpg\" alt=\"110813_Sorg_094.jpg\" width=\"265\" \/><\/a><\/p>\n<p><a title=\"Foto: Max Colin Heydenreich\" href=\"http:\/\/www.fuldaer-nachrichten.de\/wp-content\/uploads\/2011\/08\/110813_Sorg_095.jpg\" rel=\"lightbox[roadtrip]\" target=\"_blank\"><img decoding=\"async\" src=\"http:\/\/www.fuldaer-nachrichten.de\/wp-content\/uploads\/2011\/08\/110813_Sorg_095.thumbnail.jpg\" alt=\"110813_Sorg_095.jpg\" width=\"265\" \/><\/a> <a title=\"Foto: Max Colin Heydenreich\" href=\"http:\/\/www.fuldaer-nachrichten.de\/wp-content\/uploads\/2011\/08\/110813_Sorg_096.jpg\" rel=\"lightbox[roadtrip]\" target=\"_blank\"><img decoding=\"async\" src=\"http:\/\/www.fuldaer-nachrichten.de\/wp-content\/uploads\/2011\/08\/110813_Sorg_096.thumbnail.jpg\" alt=\"110813_Sorg_096.jpg\" width=\"265\" \/><\/a><\/p>\n<p><a title=\"Foto: Max Colin Heydenreich\" href=\"http:\/\/www.fuldaer-nachrichten.de\/wp-content\/uploads\/2011\/08\/110813_Sorg_097.jpg\" rel=\"lightbox[roadtrip]\" target=\"_blank\"><img decoding=\"async\" src=\"http:\/\/www.fuldaer-nachrichten.de\/wp-content\/uploads\/2011\/08\/110813_Sorg_097.thumbnail.jpg\" alt=\"110813_Sorg_097.jpg\" width=\"265\" \/><\/a> <a title=\"Foto: Max Colin Heydenreich\" href=\"http:\/\/www.fuldaer-nachrichten.de\/wp-content\/uploads\/2011\/08\/110813_Sorg_098.jpg\" rel=\"lightbox[roadtrip]\" target=\"_blank\"><img decoding=\"async\" src=\"http:\/\/www.fuldaer-nachrichten.de\/wp-content\/uploads\/2011\/08\/110813_Sorg_098.thumbnail.jpg\" alt=\"110813_Sorg_098.jpg\" width=\"265\" \/><\/a><\/p>\n<p><a title=\"Foto: Max Colin Heydenreich\" href=\"http:\/\/www.fuldaer-nachrichten.de\/wp-content\/uploads\/2011\/08\/110813_Sorg_099.jpg\" rel=\"lightbox[roadtrip]\" target=\"_blank\"><img decoding=\"async\" src=\"http:\/\/www.fuldaer-nachrichten.de\/wp-content\/uploads\/2011\/08\/110813_Sorg_099.thumbnail.jpg\" alt=\"110813_Sorg_099.jpg\" width=\"265\" \/><\/a> <a title=\"Foto: Max Colin Heydenreich\" href=\"http:\/\/www.fuldaer-nachrichten.de\/wp-content\/uploads\/2011\/08\/110813_Sorg_100.jpg\" rel=\"lightbox[roadtrip]\" target=\"_blank\"><img decoding=\"async\" src=\"http:\/\/www.fuldaer-nachrichten.de\/wp-content\/uploads\/2011\/08\/110813_Sorg_100.thumbnail.jpg\" alt=\"110813_Sorg_100.jpg\" width=\"265\" \/><\/a><\/p>\n<p><a title=\"Foto: Max Colin Heydenreich\" href=\"http:\/\/www.fuldaer-nachrichten.de\/wp-content\/uploads\/2011\/08\/110813_Sorg_101.jpg\" rel=\"lightbox[roadtrip]\" target=\"_blank\"><img decoding=\"async\" src=\"http:\/\/www.fuldaer-nachrichten.de\/wp-content\/uploads\/2011\/08\/110813_Sorg_101.thumbnail.jpg\" alt=\"110813_Sorg_101.jpg\" width=\"265\" \/><\/a> <a title=\"Foto: Max Colin Heydenreich\" href=\"http:\/\/www.fuldaer-nachrichten.de\/wp-content\/uploads\/2011\/08\/110813_Sorg_102.jpg\" rel=\"lightbox[roadtrip]\" target=\"_blank\"><img decoding=\"async\" src=\"http:\/\/www.fuldaer-nachrichten.de\/wp-content\/uploads\/2011\/08\/110813_Sorg_102.thumbnail.jpg\" alt=\"110813_Sorg_102.jpg\" width=\"265\" \/><\/a><\/p>\n<p><a title=\"Foto: Max Colin Heydenreich\" href=\"http:\/\/www.fuldaer-nachrichten.de\/wp-content\/uploads\/2011\/08\/110813_Sorg_103.jpg\" rel=\"lightbox[roadtrip]\" target=\"_blank\"><img decoding=\"async\" src=\"http:\/\/www.fuldaer-nachrichten.de\/wp-content\/uploads\/2011\/08\/110813_Sorg_103.thumbnail.jpg\" alt=\"110813_Sorg_103.jpg\" width=\"265\" \/><\/a> <a title=\"Foto: Max Colin Heydenreich\" href=\"http:\/\/www.fuldaer-nachrichten.de\/wp-content\/uploads\/2011\/08\/110813_Sorg_104.jpg\" rel=\"lightbox[roadtrip]\" target=\"_blank\"><img decoding=\"async\" src=\"http:\/\/www.fuldaer-nachrichten.de\/wp-content\/uploads\/2011\/08\/110813_Sorg_104.thumbnail.jpg\" alt=\"110813_Sorg_104.jpg\" width=\"265\" \/><\/a><\/p>\n<p><a title=\"Foto: Max Colin Heydenreich\" href=\"http:\/\/www.fuldaer-nachrichten.de\/wp-content\/uploads\/2011\/08\/110813_Sorg_105.jpg\" rel=\"lightbox[roadtrip]\" target=\"_blank\"><img decoding=\"async\" src=\"http:\/\/www.fuldaer-nachrichten.de\/wp-content\/uploads\/2011\/08\/110813_Sorg_105.thumbnail.jpg\" alt=\"110813_Sorg_105.jpg\" width=\"265\" \/><\/a> <a title=\"Foto: Max Colin Heydenreich\" href=\"http:\/\/www.fuldaer-nachrichten.de\/wp-content\/uploads\/2011\/08\/110813_Sorg_106.jpg\" rel=\"lightbox[roadtrip]\" target=\"_blank\"><img decoding=\"async\" src=\"http:\/\/www.fuldaer-nachrichten.de\/wp-content\/uploads\/2011\/08\/110813_Sorg_106.thumbnail.jpg\" alt=\"110813_Sorg_106.jpg\" width=\"265\" \/><\/a><\/p>\n<p><a title=\"Foto: Max Colin Heydenreich\" href=\"http:\/\/www.fuldaer-nachrichten.de\/wp-content\/uploads\/2011\/08\/110813_Sorg_107.jpg\" rel=\"lightbox[roadtrip]\" target=\"_blank\"><img decoding=\"async\" src=\"http:\/\/www.fuldaer-nachrichten.de\/wp-content\/uploads\/2011\/08\/110813_Sorg_107.thumbnail.jpg\" alt=\"110813_Sorg_107.jpg\" width=\"265\" \/><\/a> <a title=\"Foto: Max Colin Heydenreich\" href=\"http:\/\/www.fuldaer-nachrichten.de\/wp-content\/uploads\/2011\/08\/110813_Sorg_108.jpg\" rel=\"lightbox[roadtrip]\" target=\"_blank\"><img decoding=\"async\" src=\"http:\/\/www.fuldaer-nachrichten.de\/wp-content\/uploads\/2011\/08\/110813_Sorg_108.thumbnail.jpg\" alt=\"110813_Sorg_108.jpg\" width=\"265\" \/><\/a><\/p>\n<p><a title=\"Foto: Max Colin Heydenreich\" href=\"http:\/\/www.fuldaer-nachrichten.de\/wp-content\/uploads\/2011\/08\/110813_Sorg_111.jpg\" rel=\"lightbox[roadtrip]\" target=\"_blank\"><img decoding=\"async\" src=\"http:\/\/www.fuldaer-nachrichten.de\/wp-content\/uploads\/2011\/08\/110813_Sorg_111.thumbnail.jpg\" alt=\"110813_Sorg_111.jpg\" width=\"265\" \/><\/a> <a title=\"Foto: Max Colin Heydenreich\" href=\"http:\/\/www.fuldaer-nachrichten.de\/wp-content\/uploads\/2011\/08\/110813_Sorg_112.jpg\" rel=\"lightbox[roadtrip]\" target=\"_blank\"><img decoding=\"async\" src=\"http:\/\/www.fuldaer-nachrichten.de\/wp-content\/uploads\/2011\/08\/110813_Sorg_112.thumbnail.jpg\" alt=\"110813_Sorg_112.jpg\" width=\"265\" \/><\/a><\/p>\n<p><a title=\"Foto: Max Colin Heydenreich\" href=\"http:\/\/www.fuldaer-nachrichten.de\/wp-content\/uploads\/2011\/08\/110813_Sorg_113.jpg\" rel=\"lightbox[roadtrip]\" target=\"_blank\"><img decoding=\"async\" src=\"http:\/\/www.fuldaer-nachrichten.de\/wp-content\/uploads\/2011\/08\/110813_Sorg_113.thumbnail.jpg\" alt=\"110813_Sorg_113.jpg\" width=\"265\" \/><\/a> <a title=\"Foto: Max Colin Heydenreich\" href=\"http:\/\/www.fuldaer-nachrichten.de\/wp-content\/uploads\/2011\/08\/110813_Sorg_114.jpg\" rel=\"lightbox[roadtrip]\" target=\"_blank\"><img decoding=\"async\" src=\"http:\/\/www.fuldaer-nachrichten.de\/wp-content\/uploads\/2011\/08\/110813_Sorg_114.thumbnail.jpg\" alt=\"110813_Sorg_114.jpg\" width=\"265\" \/><\/a><\/p>\n<p><a title=\"Foto: Max Colin Heydenreich\" href=\"http:\/\/www.fuldaer-nachrichten.de\/wp-content\/uploads\/2011\/08\/110813_Sorg_115.jpg\" rel=\"lightbox[roadtrip]\" target=\"_blank\"><img decoding=\"async\" src=\"http:\/\/www.fuldaer-nachrichten.de\/wp-content\/uploads\/2011\/08\/110813_Sorg_115.thumbnail.jpg\" alt=\"110813_Sorg_115.jpg\" width=\"265\" \/><\/a> <a title=\"Foto: Max Colin Heydenreich\" href=\"http:\/\/www.fuldaer-nachrichten.de\/wp-content\/uploads\/2011\/08\/110813_Sorg_116.jpg\" rel=\"lightbox[roadtrip]\" target=\"_blank\"><img decoding=\"async\" src=\"http:\/\/www.fuldaer-nachrichten.de\/wp-content\/uploads\/2011\/08\/110813_Sorg_116.thumbnail.jpg\" alt=\"110813_Sorg_116.jpg\" width=\"265\" \/><\/a><\/p>\n<p><a title=\"Foto: Max Colin Heydenreich\" href=\"http:\/\/www.fuldaer-nachrichten.de\/wp-content\/uploads\/2011\/08\/110813_Sorg_117.jpg\" rel=\"lightbox[roadtrip]\" target=\"_blank\"><img decoding=\"async\" src=\"http:\/\/www.fuldaer-nachrichten.de\/wp-content\/uploads\/2011\/08\/110813_Sorg_117.thumbnail.jpg\" alt=\"110813_Sorg_117.jpg\" width=\"265\" \/><\/a> <a title=\"Foto: Max Colin Heydenreich\" href=\"http:\/\/www.fuldaer-nachrichten.de\/wp-content\/uploads\/2011\/08\/110813_Sorg_118.jpg\" rel=\"lightbox[roadtrip]\" target=\"_blank\"><img decoding=\"async\" src=\"http:\/\/www.fuldaer-nachrichten.de\/wp-content\/uploads\/2011\/08\/110813_Sorg_118.thumbnail.jpg\" alt=\"110813_Sorg_118.jpg\" width=\"265\" \/><\/a><\/p>\n<p><a title=\"Foto: Max Colin Heydenreich\" href=\"http:\/\/www.fuldaer-nachrichten.de\/wp-content\/uploads\/2011\/08\/110813_Sorg_119.jpg\" rel=\"lightbox[roadtrip]\" target=\"_blank\"><img decoding=\"async\" src=\"http:\/\/www.fuldaer-nachrichten.de\/wp-content\/uploads\/2011\/08\/110813_Sorg_119.thumbnail.jpg\" alt=\"110813_Sorg_119.jpg\" width=\"265\" \/><\/a> <a title=\"Foto: Max Colin Heydenreich\" href=\"http:\/\/www.fuldaer-nachrichten.de\/wp-content\/uploads\/2011\/08\/110813_Sorg_120.jpg\" rel=\"lightbox[roadtrip]\" target=\"_blank\"><img decoding=\"async\" src=\"http:\/\/www.fuldaer-nachrichten.de\/wp-content\/uploads\/2011\/08\/110813_Sorg_120.thumbnail.jpg\" alt=\"110813_Sorg_120.jpg\" width=\"265\" \/><\/a><\/p>\n<p><a title=\"Foto: Max Colin Heydenreich\" href=\"http:\/\/www.fuldaer-nachrichten.de\/wp-content\/uploads\/2011\/08\/110813_Sorg_121.jpg\" rel=\"lightbox[roadtrip]\" target=\"_blank\"><img decoding=\"async\" src=\"http:\/\/www.fuldaer-nachrichten.de\/wp-content\/uploads\/2011\/08\/110813_Sorg_121.thumbnail.jpg\" alt=\"110813_Sorg_121.jpg\" width=\"265\" \/><\/a> <a title=\"Foto: Max Colin Heydenreich\" href=\"http:\/\/www.fuldaer-nachrichten.de\/wp-content\/uploads\/2011\/08\/110813_Sorg_122.jpg\" rel=\"lightbox[roadtrip]\" target=\"_blank\"><img decoding=\"async\" src=\"http:\/\/www.fuldaer-nachrichten.de\/wp-content\/uploads\/2011\/08\/110813_Sorg_122.thumbnail.jpg\" alt=\"110813_Sorg_122.jpg\" width=\"265\" \/><\/a><\/p>\n<p><a title=\"Foto: Max Colin Heydenreich\" href=\"http:\/\/www.fuldaer-nachrichten.de\/wp-content\/uploads\/2011\/08\/110813_Sorg_123.jpg\" rel=\"lightbox[roadtrip]\" target=\"_blank\"><img decoding=\"async\" src=\"http:\/\/www.fuldaer-nachrichten.de\/wp-content\/uploads\/2011\/08\/110813_Sorg_123.thumbnail.jpg\" alt=\"110813_Sorg_123.jpg\" width=\"265\" \/><\/a> <a title=\"Foto: Max Colin Heydenreich\" href=\"http:\/\/www.fuldaer-nachrichten.de\/wp-content\/uploads\/2011\/08\/110813_Sorg_124.jpg\" rel=\"lightbox[roadtrip]\" target=\"_blank\"><img decoding=\"async\" src=\"http:\/\/www.fuldaer-nachrichten.de\/wp-content\/uploads\/2011\/08\/110813_Sorg_124.thumbnail.jpg\" alt=\"110813_Sorg_124.jpg\" width=\"265\" \/><\/a><\/p>\n<p><a title=\"Foto: Max Colin Heydenreich\" href=\"http:\/\/www.fuldaer-nachrichten.de\/wp-content\/uploads\/2011\/08\/110813_Sorg_007.jpg\" rel=\"lightbox[roadtrip]\" target=\"_blank\"><img decoding=\"async\" src=\"http:\/\/www.fuldaer-nachrichten.de\/wp-content\/uploads\/2011\/08\/110813_Sorg_007.thumbnail.jpg\" alt=\"110813_Sorg_007.jpg\" width=\"265\" \/><\/a> <a title=\"Foto: Max Colin Heydenreich\" href=\"http:\/\/www.fuldaer-nachrichten.de\/wp-content\/uploads\/2011\/08\/110813_Sorg_008.jpg\" rel=\"lightbox[roadtrip]\" target=\"_blank\"><img decoding=\"async\" src=\"http:\/\/www.fuldaer-nachrichten.de\/wp-content\/uploads\/2011\/08\/110813_Sorg_008.thumbnail.jpg\" alt=\"110813_Sorg_008.jpg\" width=\"265\" \/><\/a><\/p>\n<p><a title=\"Foto: Max Colin Heydenreich\" href=\"http:\/\/www.fuldaer-nachrichten.de\/wp-content\/uploads\/2011\/08\/110813_Sorg_127.jpg\" rel=\"lightbox[roadtrip]\" target=\"_blank\"><img decoding=\"async\" src=\"http:\/\/www.fuldaer-nachrichten.de\/wp-content\/uploads\/2011\/08\/110813_Sorg_127.thumbnail.jpg\" alt=\"110813_Sorg_127.jpg\" width=\"265\" \/><\/a> <a title=\"Foto: Max Colin Heydenreich\" href=\"http:\/\/www.fuldaer-nachrichten.de\/wp-content\/uploads\/2011\/08\/110813_Sorg_128.jpg\" rel=\"lightbox[roadtrip]\" target=\"_blank\"><img decoding=\"async\" src=\"http:\/\/www.fuldaer-nachrichten.de\/wp-content\/uploads\/2011\/08\/110813_Sorg_128.thumbnail.jpg\" alt=\"110813_Sorg_128.jpg\" width=\"265\" \/><\/a><\/p>\n<p><a title=\"Foto: Max Colin Heydenreich\" href=\"http:\/\/www.fuldaer-nachrichten.de\/wp-content\/uploads\/2011\/08\/110813_Sorg_129.jpg\" rel=\"lightbox[roadtrip]\" target=\"_blank\"><img decoding=\"async\" src=\"http:\/\/www.fuldaer-nachrichten.de\/wp-content\/uploads\/2011\/08\/110813_Sorg_129.thumbnail.jpg\" alt=\"110813_Sorg_129.jpg\" width=\"265\" \/><\/a> <a title=\"Foto: Max Colin Heydenreich\" href=\"http:\/\/www.fuldaer-nachrichten.de\/wp-content\/uploads\/2011\/08\/110813_Sorg_130.jpg\" rel=\"lightbox[roadtrip]\" target=\"_blank\"><img decoding=\"async\" src=\"http:\/\/www.fuldaer-nachrichten.de\/wp-content\/uploads\/2011\/08\/110813_Sorg_130.thumbnail.jpg\" alt=\"110813_Sorg_130.jpg\" width=\"265\" \/><\/a><\/p>\n<p><a title=\"Foto: Max Colin Heydenreich\" href=\"http:\/\/www.fuldaer-nachrichten.de\/wp-content\/uploads\/2011\/08\/110813_Sorg_131.jpg\" rel=\"lightbox[roadtrip]\" target=\"_blank\"><img decoding=\"async\" src=\"http:\/\/www.fuldaer-nachrichten.de\/wp-content\/uploads\/2011\/08\/110813_Sorg_131.thumbnail.jpg\" alt=\"110813_Sorg_131.jpg\" width=\"265\" \/><\/a> <a title=\"Foto: Max Colin Heydenreich\" href=\"http:\/\/www.fuldaer-nachrichten.de\/wp-content\/uploads\/2011\/08\/110813_Sorg_132.jpg\" rel=\"lightbox[roadtrip]\" target=\"_blank\"><img decoding=\"async\" src=\"http:\/\/www.fuldaer-nachrichten.de\/wp-content\/uploads\/2011\/08\/110813_Sorg_132.thumbnail.jpg\" alt=\"110813_Sorg_132.jpg\" width=\"265\" \/><\/a><\/p>\n<p><a title=\"Foto: Max Colin Heydenreich\" href=\"http:\/\/www.fuldaer-nachrichten.de\/wp-content\/uploads\/2011\/08\/110813_Sorg_133.jpg\" rel=\"lightbox[roadtrip]\" target=\"_blank\"><img decoding=\"async\" src=\"http:\/\/www.fuldaer-nachrichten.de\/wp-content\/uploads\/2011\/08\/110813_Sorg_133.thumbnail.jpg\" alt=\"110813_Sorg_133.jpg\" width=\"265\" \/><\/a> <a title=\"Foto: Max Colin Heydenreich\" href=\"http:\/\/www.fuldaer-nachrichten.de\/wp-content\/uploads\/2011\/08\/110813_Sorg_134.jpg\" rel=\"lightbox[roadtrip]\" target=\"_blank\"><img decoding=\"async\" src=\"http:\/\/www.fuldaer-nachrichten.de\/wp-content\/uploads\/2011\/08\/110813_Sorg_134.thumbnail.jpg\" alt=\"110813_Sorg_134.jpg\" width=\"265\" \/><\/a><\/p>\n<p><a title=\"Foto: Max Colin Heydenreich\" href=\"http:\/\/www.fuldaer-nachrichten.de\/wp-content\/uploads\/2011\/08\/110813_Sorg_135.jpg\" rel=\"lightbox[roadtrip]\" target=\"_blank\"><img decoding=\"async\" src=\"http:\/\/www.fuldaer-nachrichten.de\/wp-content\/uploads\/2011\/08\/110813_Sorg_135.thumbnail.jpg\" alt=\"110813_Sorg_135.jpg\" width=\"265\" \/><\/a> <a title=\"Foto: Max Colin Heydenreich\" href=\"http:\/\/www.fuldaer-nachrichten.de\/wp-content\/uploads\/2011\/08\/110813_Sorg_136.jpg\" rel=\"lightbox[roadtrip]\" target=\"_blank\"><img decoding=\"async\" src=\"http:\/\/www.fuldaer-nachrichten.de\/wp-content\/uploads\/2011\/08\/110813_Sorg_136.thumbnail.jpg\" alt=\"110813_Sorg_136.jpg\" width=\"265\" \/><\/a><\/p>\n<p><a title=\"Foto: Max Colin Heydenreich\" href=\"http:\/\/www.fuldaer-nachrichten.de\/wp-content\/uploads\/2011\/08\/110813_Sorg_137.jpg\" rel=\"lightbox[roadtrip]\" target=\"_blank\"><img decoding=\"async\" src=\"http:\/\/www.fuldaer-nachrichten.de\/wp-content\/uploads\/2011\/08\/110813_Sorg_137.thumbnail.jpg\" alt=\"110813_Sorg_137.jpg\" width=\"265\" \/><\/a> <a title=\"Foto: Max Colin Heydenreich\" href=\"http:\/\/www.fuldaer-nachrichten.de\/wp-content\/uploads\/2011\/08\/110813_Sorg_138.jpg\" rel=\"lightbox[roadtrip]\" target=\"_blank\"><img decoding=\"async\" src=\"http:\/\/www.fuldaer-nachrichten.de\/wp-content\/uploads\/2011\/08\/110813_Sorg_138.thumbnail.jpg\" alt=\"110813_Sorg_138.jpg\" width=\"265\" \/><\/a><\/p>\n<p><a title=\"Foto: Max Colin Heydenreich\" href=\"http:\/\/www.fuldaer-nachrichten.de\/wp-content\/uploads\/2011\/08\/110813_Sorg_139.jpg\" rel=\"lightbox[roadtrip]\" target=\"_blank\"><img decoding=\"async\" src=\"http:\/\/www.fuldaer-nachrichten.de\/wp-content\/uploads\/2011\/08\/110813_Sorg_139.thumbnail.jpg\" alt=\"110813_Sorg_139.jpg\" width=\"265\" \/><\/a> <a title=\"Foto: Max Colin Heydenreich\" href=\"http:\/\/www.fuldaer-nachrichten.de\/wp-content\/uploads\/2011\/08\/110813_Sorg_140.jpg\" rel=\"lightbox[roadtrip]\" target=\"_blank\"><img decoding=\"async\" src=\"http:\/\/www.fuldaer-nachrichten.de\/wp-content\/uploads\/2011\/08\/110813_Sorg_140.thumbnail.jpg\" alt=\"110813_Sorg_140.jpg\" width=\"265\" \/><\/a><\/p>\n<p><a title=\"Foto: Max Colin Heydenreich\" href=\"http:\/\/www.fuldaer-nachrichten.de\/wp-content\/uploads\/2011\/08\/110813_Sorg_141.jpg\" rel=\"lightbox[roadtrip]\" target=\"_blank\"><img decoding=\"async\" src=\"http:\/\/www.fuldaer-nachrichten.de\/wp-content\/uploads\/2011\/08\/110813_Sorg_141.thumbnail.jpg\" alt=\"110813_Sorg_141.jpg\" width=\"265\" \/><\/a> <a title=\"Foto: Max Colin Heydenreich\" href=\"http:\/\/www.fuldaer-nachrichten.de\/wp-content\/uploads\/2011\/08\/110813_Sorg_142.jpg\" rel=\"lightbox[roadtrip]\" target=\"_blank\"><img decoding=\"async\" src=\"http:\/\/www.fuldaer-nachrichten.de\/wp-content\/uploads\/2011\/08\/110813_Sorg_142.thumbnail.jpg\" alt=\"110813_Sorg_142.jpg\" width=\"265\" \/><\/a><\/p>\n<p><a title=\"Foto: Max Colin Heydenreich\" href=\"http:\/\/www.fuldaer-nachrichten.de\/wp-content\/uploads\/2011\/08\/110813_Sorg_145.jpg\" rel=\"lightbox[roadtrip]\" target=\"_blank\"><img decoding=\"async\" src=\"http:\/\/www.fuldaer-nachrichten.de\/wp-content\/uploads\/2011\/08\/110813_Sorg_145.thumbnail.jpg\" alt=\"110813_Sorg_145.jpg\" width=\"265\" \/><\/a> <a title=\"Foto: Max Colin Heydenreich\" href=\"http:\/\/www.fuldaer-nachrichten.de\/wp-content\/uploads\/2011\/08\/110813_Sorg_146.jpg\" rel=\"lightbox[roadtrip]\" target=\"_blank\"><img decoding=\"async\" src=\"http:\/\/www.fuldaer-nachrichten.de\/wp-content\/uploads\/2011\/08\/110813_Sorg_146.thumbnail.jpg\" alt=\"110813_Sorg_146.jpg\" width=\"265\" \/><\/a><\/p>\n<p><a title=\"Foto: Max Colin Heydenreich\" href=\"http:\/\/www.fuldaer-nachrichten.de\/wp-content\/uploads\/2011\/08\/110813_Sorg_147.jpg\" rel=\"lightbox[roadtrip]\" target=\"_blank\"><img decoding=\"async\" src=\"http:\/\/www.fuldaer-nachrichten.de\/wp-content\/uploads\/2011\/08\/110813_Sorg_147.thumbnail.jpg\" alt=\"110813_Sorg_147.jpg\" width=\"265\" \/><\/a> <a title=\"Foto: Max Colin Heydenreich\" href=\"http:\/\/www.fuldaer-nachrichten.de\/wp-content\/uploads\/2011\/08\/110813_Sorg_148.jpg\" rel=\"lightbox[roadtrip]\" target=\"_blank\"><img decoding=\"async\" src=\"http:\/\/www.fuldaer-nachrichten.de\/wp-content\/uploads\/2011\/08\/110813_Sorg_148.thumbnail.jpg\" alt=\"110813_Sorg_148.jpg\" width=\"265\" \/><\/a><\/p>\n<p><a title=\"Foto: Max Colin Heydenreich\" href=\"http:\/\/www.fuldaer-nachrichten.de\/wp-content\/uploads\/2011\/08\/110813_Sorg_149.jpg\" rel=\"lightbox[roadtrip]\" target=\"_blank\"><img decoding=\"async\" src=\"http:\/\/www.fuldaer-nachrichten.de\/wp-content\/uploads\/2011\/08\/110813_Sorg_149.thumbnail.jpg\" alt=\"110813_Sorg_149.jpg\" width=\"265\" \/><\/a> <a title=\"Foto: Max Colin Heydenreich\" href=\"http:\/\/www.fuldaer-nachrichten.de\/wp-content\/uploads\/2011\/08\/110813_Sorg_150.jpg\" rel=\"lightbox[roadtrip]\" target=\"_blank\"><img decoding=\"async\" src=\"http:\/\/www.fuldaer-nachrichten.de\/wp-content\/uploads\/2011\/08\/110813_Sorg_150.thumbnail.jpg\" alt=\"110813_Sorg_150.jpg\" width=\"265\" \/><\/a><\/p>\n<p><a title=\"Foto: Max Colin Heydenreich\" href=\"http:\/\/www.fuldaer-nachrichten.de\/wp-content\/uploads\/2011\/08\/110813_Sorg_151.jpg\" rel=\"lightbox[roadtrip]\" target=\"_blank\"><img decoding=\"async\" src=\"http:\/\/www.fuldaer-nachrichten.de\/wp-content\/uploads\/2011\/08\/110813_Sorg_151.thumbnail.jpg\" alt=\"110813_Sorg_151.jpg\" width=\"265\" \/><\/a> <a title=\"Foto: Max Colin Heydenreich\" href=\"http:\/\/www.fuldaer-nachrichten.de\/wp-content\/uploads\/2011\/08\/110813_Sorg_152.jpg\" rel=\"lightbox[roadtrip]\" target=\"_blank\"><img decoding=\"async\" src=\"http:\/\/www.fuldaer-nachrichten.de\/wp-content\/uploads\/2011\/08\/110813_Sorg_152.thumbnail.jpg\" alt=\"110813_Sorg_152.jpg\" width=\"265\" \/><\/a><\/p>\n<p><a title=\"Foto: Max Colin Heydenreich\" href=\"http:\/\/www.fuldaer-nachrichten.de\/wp-content\/uploads\/2011\/08\/110813_Sorg_153.jpg\" rel=\"lightbox[roadtrip]\" target=\"_blank\"><img decoding=\"async\" src=\"http:\/\/www.fuldaer-nachrichten.de\/wp-content\/uploads\/2011\/08\/110813_Sorg_153.thumbnail.jpg\" alt=\"110813_Sorg_153.jpg\" width=\"265\" \/><\/a> <a title=\"Foto: Max Colin Heydenreich\" href=\"http:\/\/www.fuldaer-nachrichten.de\/wp-content\/uploads\/2011\/08\/110813_Sorg_154.jpg\" rel=\"lightbox[roadtrip]\" target=\"_blank\"><img decoding=\"async\" src=\"http:\/\/www.fuldaer-nachrichten.de\/wp-content\/uploads\/2011\/08\/110813_Sorg_154.thumbnail.jpg\" alt=\"110813_Sorg_154.jpg\" width=\"265\" \/><\/a><\/p>\n<p><a title=\"Foto: Max Colin Heydenreich\" href=\"http:\/\/www.fuldaer-nachrichten.de\/wp-content\/uploads\/2011\/08\/110813_Sorg_005.jpg\" rel=\"lightbox[roadtrip]\" target=\"_blank\"><img decoding=\"async\" src=\"http:\/\/www.fuldaer-nachrichten.de\/wp-content\/uploads\/2011\/08\/110813_Sorg_005.thumbnail.jpg\" alt=\"110813_Sorg_005.jpg\" width=\"265\" \/><\/a> <a title=\"Foto: Max Colin Heydenreich\" href=\"http:\/\/www.fuldaer-nachrichten.de\/wp-content\/uploads\/2011\/08\/110813_Sorg_006.jpg\" rel=\"lightbox[roadtrip]\" target=\"_blank\"><img decoding=\"async\" src=\"http:\/\/www.fuldaer-nachrichten.de\/wp-content\/uploads\/2011\/08\/110813_Sorg_006.thumbnail.jpg\" alt=\"110813_Sorg_006.jpg\" width=\"265\" \/><\/a><\/p>\n<p><a title=\"Foto: Max Colin Heydenreich\" href=\"http:\/\/www.fuldaer-nachrichten.de\/wp-content\/uploads\/2011\/08\/110813_Sorg_157.jpg\" rel=\"lightbox[roadtrip]\" target=\"_blank\"><img decoding=\"async\" src=\"http:\/\/www.fuldaer-nachrichten.de\/wp-content\/uploads\/2011\/08\/110813_Sorg_157.thumbnail.jpg\" alt=\"110813_Sorg_157.jpg\" width=\"265\" \/><\/a> <a title=\"Foto: Max Colin Heydenreich\" href=\"http:\/\/www.fuldaer-nachrichten.de\/wp-content\/uploads\/2011\/08\/110813_Sorg_158.jpg\" rel=\"lightbox[roadtrip]\" target=\"_blank\"><img decoding=\"async\" src=\"http:\/\/www.fuldaer-nachrichten.de\/wp-content\/uploads\/2011\/08\/110813_Sorg_158.thumbnail.jpg\" alt=\"110813_Sorg_158.jpg\" width=\"265\" \/><\/a><\/p>\n<p><a title=\"Foto: Max Colin Heydenreich\" href=\"http:\/\/www.fuldaer-nachrichten.de\/wp-content\/uploads\/2011\/08\/110813_Sorg_159.jpg\" rel=\"lightbox[roadtrip]\" target=\"_blank\"><img decoding=\"async\" src=\"http:\/\/www.fuldaer-nachrichten.de\/wp-content\/uploads\/2011\/08\/110813_Sorg_159.thumbnail.jpg\" alt=\"110813_Sorg_159.jpg\" width=\"265\" \/><\/a> <a title=\"Foto: Max Colin Heydenreich\" href=\"http:\/\/www.fuldaer-nachrichten.de\/wp-content\/uploads\/2011\/08\/110813_Sorg_160.jpg\" rel=\"lightbox[roadtrip]\" target=\"_blank\"><img decoding=\"async\" src=\"http:\/\/www.fuldaer-nachrichten.de\/wp-content\/uploads\/2011\/08\/110813_Sorg_160.thumbnail.jpg\" alt=\"110813_Sorg_160.jpg\" width=\"265\" \/><\/a><\/p>\n<p><a title=\"Foto: Max Colin Heydenreich\" href=\"http:\/\/www.fuldaer-nachrichten.de\/wp-content\/uploads\/2011\/08\/110813_Sorg_161.jpg\" rel=\"lightbox[roadtrip]\" target=\"_blank\"><img decoding=\"async\" src=\"http:\/\/www.fuldaer-nachrichten.de\/wp-content\/uploads\/2011\/08\/110813_Sorg_161.thumbnail.jpg\" alt=\"110813_Sorg_161.jpg\" width=\"265\" \/><\/a> <a title=\"Foto: Max Colin Heydenreich\" href=\"http:\/\/www.fuldaer-nachrichten.de\/wp-content\/uploads\/2011\/08\/110813_Sorg_162.jpg\" rel=\"lightbox[roadtrip]\" target=\"_blank\"><img decoding=\"async\" src=\"http:\/\/www.fuldaer-nachrichten.de\/wp-content\/uploads\/2011\/08\/110813_Sorg_162.thumbnail.jpg\" alt=\"110813_Sorg_162.jpg\" width=\"265\" \/><\/a><\/p>\n<p><a title=\"Foto: Max Colin Heydenreich\" href=\"http:\/\/www.fuldaer-nachrichten.de\/wp-content\/uploads\/2011\/08\/110813_Sorg_009.jpg\" rel=\"lightbox[roadtrip]\" target=\"_blank\"><img decoding=\"async\" src=\"http:\/\/www.fuldaer-nachrichten.de\/wp-content\/uploads\/2011\/08\/110813_Sorg_009.thumbnail.jpg\" alt=\"110813_Sorg_009.jpg\" width=\"265\" \/><\/a> <a title=\"Foto: Max Colin Heydenreich\" href=\"http:\/\/www.fuldaer-nachrichten.de\/wp-content\/uploads\/2011\/08\/110813_Sorg_010.jpg\" rel=\"lightbox[roadtrip]\" target=\"_blank\"><img decoding=\"async\" src=\"http:\/\/www.fuldaer-nachrichten.de\/wp-content\/uploads\/2011\/08\/110813_Sorg_010.thumbnail.jpg\" alt=\"110813_Sorg_010.jpg\" width=\"265\" \/><\/a><\/p>\n<p><a title=\"Foto: Max Colin Heydenreich\" href=\"http:\/\/www.fuldaer-nachrichten.de\/wp-content\/uploads\/2011\/08\/110813_Sorg_163.jpg\" rel=\"lightbox[roadtrip]\" target=\"_blank\"><img decoding=\"async\" src=\"http:\/\/www.fuldaer-nachrichten.de\/wp-content\/uploads\/2011\/08\/110813_Sorg_163.thumbnail.jpg\" alt=\"110813_Sorg_163.jpg\" width=\"265\" \/><\/a> <a title=\"Foto: Max Colin Heydenreich\" href=\"http:\/\/www.fuldaer-nachrichten.de\/wp-content\/uploads\/2011\/08\/110813_Sorg_164.jpg\" rel=\"lightbox[roadtrip]\" target=\"_blank\"><img decoding=\"async\" src=\"http:\/\/www.fuldaer-nachrichten.de\/wp-content\/uploads\/2011\/08\/110813_Sorg_164.thumbnail.jpg\" alt=\"110813_Sorg_164.jpg\" width=\"265\" \/><\/a><\/p>\n<p><a title=\"Foto: Max Colin Heydenreich\" href=\"http:\/\/www.fuldaer-nachrichten.de\/wp-content\/uploads\/2011\/08\/110813_Sorg_165.jpg\" rel=\"lightbox[roadtrip]\" target=\"_blank\"><img decoding=\"async\" src=\"http:\/\/www.fuldaer-nachrichten.de\/wp-content\/uploads\/2011\/08\/110813_Sorg_165.thumbnail.jpg\" alt=\"110813_Sorg_165.jpg\" width=\"265\" \/><\/a> <a title=\"Foto: Max Colin Heydenreich\" href=\"http:\/\/www.fuldaer-nachrichten.de\/wp-content\/uploads\/2011\/08\/110813_Sorg_166.jpg\" rel=\"lightbox[roadtrip]\" target=\"_blank\"><img decoding=\"async\" src=\"http:\/\/www.fuldaer-nachrichten.de\/wp-content\/uploads\/2011\/08\/110813_Sorg_166.thumbnail.jpg\" alt=\"110813_Sorg_166.jpg\" width=\"265\" \/><\/a><\/p>\n<p><a title=\"Foto: Max Colin Heydenreich\" href=\"http:\/\/www.fuldaer-nachrichten.de\/wp-content\/uploads\/2011\/08\/110813_Sorg_167.jpg\" rel=\"lightbox[roadtrip]\" target=\"_blank\"><img decoding=\"async\" src=\"http:\/\/www.fuldaer-nachrichten.de\/wp-content\/uploads\/2011\/08\/110813_Sorg_167.thumbnail.jpg\" alt=\"110813_Sorg_167.jpg\" width=\"265\" \/><\/a> <a title=\"Foto: Max Colin Heydenreich\" href=\"http:\/\/www.fuldaer-nachrichten.de\/wp-content\/uploads\/2011\/08\/110813_Sorg_168.jpg\" rel=\"lightbox[roadtrip]\" target=\"_blank\"><img decoding=\"async\" src=\"http:\/\/www.fuldaer-nachrichten.de\/wp-content\/uploads\/2011\/08\/110813_Sorg_168.thumbnail.jpg\" alt=\"110813_Sorg_168.jpg\" width=\"265\" \/><\/a><\/p>\n<p><a title=\"Foto: Max Colin Heydenreich\" href=\"http:\/\/www.fuldaer-nachrichten.de\/wp-content\/uploads\/2011\/08\/110813_Sorg_169.jpg\" rel=\"lightbox[roadtrip]\" target=\"_blank\"><img decoding=\"async\" src=\"http:\/\/www.fuldaer-nachrichten.de\/wp-content\/uploads\/2011\/08\/110813_Sorg_169.thumbnail.jpg\" alt=\"110813_Sorg_169.jpg\" width=\"265\" \/><\/a> <a title=\"Foto: Max Colin Heydenreich\" href=\"http:\/\/www.fuldaer-nachrichten.de\/wp-content\/uploads\/2011\/08\/110813_Sorg_170.jpg\" rel=\"lightbox[roadtrip]\" target=\"_blank\"><img decoding=\"async\" src=\"http:\/\/www.fuldaer-nachrichten.de\/wp-content\/uploads\/2011\/08\/110813_Sorg_170.thumbnail.jpg\" alt=\"110813_Sorg_170.jpg\" width=\"265\" \/><\/a><\/p>\n<p><a title=\"Foto: Max Colin Heydenreich\" href=\"http:\/\/www.fuldaer-nachrichten.de\/wp-content\/uploads\/2011\/08\/110813_Sorg_011.jpg\" rel=\"lightbox[roadtrip]\" target=\"_blank\"><img decoding=\"async\" src=\"http:\/\/www.fuldaer-nachrichten.de\/wp-content\/uploads\/2011\/08\/110813_Sorg_011.thumbnail.jpg\" alt=\"110813_Sorg_011.jpg\" width=\"265\" \/><\/a> <a title=\"Foto: Max Colin Heydenreich\" href=\"http:\/\/www.fuldaer-nachrichten.de\/wp-content\/uploads\/2011\/08\/110813_Sorg_012.jpg\" rel=\"lightbox[roadtrip]\" target=\"_blank\"><img decoding=\"async\" src=\"http:\/\/www.fuldaer-nachrichten.de\/wp-content\/uploads\/2011\/08\/110813_Sorg_012.thumbnail.jpg\" alt=\"110813_Sorg_012.jpg\" width=\"265\" \/><\/a><\/p>\n<p><a title=\"Foto: Max Colin Heydenreich\" href=\"http:\/\/www.fuldaer-nachrichten.de\/wp-content\/uploads\/2011\/08\/110813_Sorg_171.jpg\" rel=\"lightbox[roadtrip]\" target=\"_blank\"><img decoding=\"async\" src=\"http:\/\/www.fuldaer-nachrichten.de\/wp-content\/uploads\/2011\/08\/110813_Sorg_171.thumbnail.jpg\" alt=\"110813_Sorg_171.jpg\" width=\"265\" \/><\/a> <a title=\"Foto: Max Colin Heydenreich\" href=\"http:\/\/www.fuldaer-nachrichten.de\/wp-content\/uploads\/2011\/08\/110813_Sorg_172.jpg\" rel=\"lightbox[roadtrip]\" target=\"_blank\"><img decoding=\"async\" src=\"http:\/\/www.fuldaer-nachrichten.de\/wp-content\/uploads\/2011\/08\/110813_Sorg_172.thumbnail.jpg\" alt=\"110813_Sorg_172.jpg\" width=\"265\" \/><\/a><\/p>\n<p><a title=\"Foto: Max Colin Heydenreich\" href=\"http:\/\/www.fuldaer-nachrichten.de\/wp-content\/uploads\/2011\/08\/110813_Sorg_173.jpg\" rel=\"lightbox[roadtrip]\" target=\"_blank\"><img decoding=\"async\" src=\"http:\/\/www.fuldaer-nachrichten.de\/wp-content\/uploads\/2011\/08\/110813_Sorg_173.thumbnail.jpg\" alt=\"110813_Sorg_173.jpg\" width=\"265\" \/><\/a> <a title=\"Foto: Max Colin Heydenreich\" href=\"http:\/\/www.fuldaer-nachrichten.de\/wp-content\/uploads\/2011\/08\/110813_Sorg_174.jpg\" rel=\"lightbox[roadtrip]\" target=\"_blank\"><img decoding=\"async\" src=\"http:\/\/www.fuldaer-nachrichten.de\/wp-content\/uploads\/2011\/08\/110813_Sorg_174.thumbnail.jpg\" alt=\"110813_Sorg_174.jpg\" width=\"265\" \/><\/a><\/p>\n","protected":false},"excerpt":{"rendered":"<div class=\"tmnf_excerpt\"><p>Fulda. Mit einer Veranstaltung f\u00fcr Gesch\u00e4ftskunden er\u00f6ffnete das Autohaus Sorg am Freitagmorgen das \u201eGrand Opening\u201c-Wochenende am Fuldaer Stammsitz in der Kreuzbergstra\u00dfe. In der umgestalteten Neuwagenhalle begr\u00fc\u00dften Helmut, Dr. Klaus und Dr. Mascha Sorg die rund 300 G\u00e4ste, die der Einladung in das \u201eAutohaus der Zukunft\u201c gefolgt waren. Fotos (174): Max Colin Heydenreich<\/p>\n<\/div>","protected":false},"author":1,"featured_media":0,"comment_status":"closed","ping_status":"closed","sticky":false,"template":"","format":"standard","meta":{"footnotes":""},"categories":[1,35,54,29,78,48],"tags":[],"class_list":["post-89156","post","type-post","status-publish","format-standard","hentry","category-startseite","category-auto","category-bildergalerien","category-politik","category-topthema","category-forschung"],"_links":{"self":[{"href":"https:\/\/www.fuldaernachrichten.de\/index.php?rest_route=\/wp\/v2\/posts\/89156","targetHints":{"allow":["GET"]}}],"collection":[{"href":"https:\/\/www.fuldaernachrichten.de\/index.php?rest_route=\/wp\/v2\/posts"}],"about":[{"href":"https:\/\/www.fuldaernachrichten.de\/index.php?rest_route=\/wp\/v2\/types\/post"}],"author":[{"embeddable":true,"href":"https:\/\/www.fuldaernachrichten.de\/index.php?rest_route=\/wp\/v2\/users\/1"}],"replies":[{"embeddable":true,"href":"https:\/\/www.fuldaernachrichten.de\/index.php?rest_route=%2Fwp%2Fv2%2Fcomments&post=89156"}],"version-history":[{"count":1,"href":"https:\/\/www.fuldaernachrichten.de\/index.php?rest_route=\/wp\/v2\/posts\/89156\/revisions"}],"predecessor-version":[{"id":89157,"href":"https:\/\/www.fuldaernachrichten.de\/index.php?rest_route=\/wp\/v2\/posts\/89156\/revisions\/89157"}],"wp:attachment":[{"href":"https:\/\/www.fuldaernachrichten.de\/index.php?rest_route=%2Fwp%2Fv2%2Fmedia&parent=89156"}],"wp:term":[{"taxonomy":"category","embeddable":true,"href":"https:\/\/www.fuldaernachrichten.de\/index.php?rest_route=%2Fwp%2Fv2%2Fcategories&post=89156"},{"taxonomy":"post_tag","embeddable":true,"href":"https:\/\/www.fuldaernachrichten.de\/index.php?rest_route=%2Fwp%2Fv2%2Ftags&post=89156"}],"curies":[{"name":"wp","href":"https:\/\/api.w.org\/{rel}","templated":true}]}}