{"id":89150,"date":"2011-08-13T00:45:46","date_gmt":"2011-08-13T00:45:46","guid":{"rendered":"http:\/\/www.fuldaer-nachrichten.de\/?p=89150"},"modified":"2011-08-12T14:56:52","modified_gmt":"2011-08-12T14:56:52","slug":"werbe-und-informationstag-der-feuerwehr-fulda-nord-am-14-august-2011","status":"publish","type":"post","link":"https:\/\/www.fuldaernachrichten.de\/?p=89150","title":{"rendered":"Werbe- und Informationstag der Feuerwehr Fulda-Nord am 14. August 2011"},"content":{"rendered":"<p><a href=\"http:\/\/www.fuldaer-nachrichten.de\/wp-content\/uploads\/2011\/08\/FF-Nord_6.jpg\"><img fetchpriority=\"high\" decoding=\"async\" class=\"alignleft size-thumbnail wp-image-89151\" title=\"FF-Nord_6\" src=\"http:\/\/www.fuldaer-nachrichten.de\/wp-content\/uploads\/2011\/08\/FF-Nord_6-265x198.jpg\" alt=\"\" width=\"265\" height=\"198\" srcset=\"https:\/\/www.fuldaernachrichten.de\/wp-content\/uploads\/2011\/08\/FF-Nord_6-265x198.jpg 265w, https:\/\/www.fuldaernachrichten.de\/wp-content\/uploads\/2011\/08\/FF-Nord_6.jpg 600w\" sizes=\"(max-width: 265px) 100vw, 265px\" \/><\/a>Fulda. Am Sonntag den 14. August 2011 veranstaltet die Freiwillige Feuerwehr Fulda-Nord einen Werbe- und Informationstag am St\u00fctzpunkt Fulda-Nord (Daimler-Benz-Stra\u00dfe). An diesem Tag erwartet die B\u00fcrger, Kinder und alle Interessierte aus den Stadtteilen Lehnerz, Niesig und Ziehers-Nord ab 11.00 Uhr ein umfangreiches und interessantes Programm mit einer Fahrzeug- und Ger\u00e4teschau des St\u00fctzpunktes, Pr\u00e4sentationen und Informationen rund um das Thema Brandschutz, Vorf\u00fchrungen der Jugendfeuerwehr und \u00dcbungen. Unter dem Motto \u201eKomm mach mit\u00e2\u20ac\u00a6\u201c k\u00f6nnen sich Kinder bei den Jugendlichen der Jugendfeuerwehr \u00fcber deren Aktivit\u00e4ten informieren und auch mitmachen. Viel Spass f\u00fcr die kleinen Besucher verspricht der Spieleparcour. F\u00fcr das leibliche Wohl ist wie immer bestens gesorgt! Mittags gibt es zu Gegrilltem noch leckeres Gyros mit Pommes, Krautsalat, Zaziki. Ab 14.00 Uhr k\u00f6nnen die Besucher bei Kaffee und Kuchen noch etwas verweilen. Weitere Informationen unter www.feuerwehr-fulda-nord.de.<\/p>\n","protected":false},"excerpt":{"rendered":"<div class=\"tmnf_excerpt\"><p>Fulda. Am Sonntag den 14. August 2011 veranstaltet die Freiwillige Feuerwehr Fulda-Nord einen Werbe- und Informationstag am St\u00fctzpunkt Fulda-Nord (Daimler-Benz-Stra\u00dfe). An diesem Tag erwartet die B\u00fcrger, Kinder und alle Interessierte aus den Stadtteilen Lehnerz, Niesig und Ziehers-Nord ab 11.00 Uhr ein umfangreiches und interessantes Programm mit einer Fahrzeug- und Ger\u00e4teschau des St\u00fctzpunktes, Pr\u00e4sentationen und Informationen &hellip;<\/p>\n<\/div>","protected":false},"author":1,"featured_media":0,"comment_status":"closed","ping_status":"closed","sticky":false,"template":"","format":"standard","meta":{"footnotes":""},"categories":[1,71],"tags":[],"class_list":["post-89150","post","type-post","status-publish","format-standard","hentry","category-startseite","category-feuerwehr"],"_links":{"self":[{"href":"https:\/\/www.fuldaernachrichten.de\/index.php?rest_route=\/wp\/v2\/posts\/89150","targetHints":{"allow":["GET"]}}],"collection":[{"href":"https:\/\/www.fuldaernachrichten.de\/index.php?rest_route=\/wp\/v2\/posts"}],"about":[{"href":"https:\/\/www.fuldaernachrichten.de\/index.php?rest_route=\/wp\/v2\/types\/post"}],"author":[{"embeddable":true,"href":"https:\/\/www.fuldaernachrichten.de\/index.php?rest_route=\/wp\/v2\/users\/1"}],"replies":[{"embeddable":true,"href":"https:\/\/www.fuldaernachrichten.de\/index.php?rest_route=%2Fwp%2Fv2%2Fcomments&post=89150"}],"version-history":[{"count":0,"href":"https:\/\/www.fuldaernachrichten.de\/index.php?rest_route=\/wp\/v2\/posts\/89150\/revisions"}],"wp:attachment":[{"href":"https:\/\/www.fuldaernachrichten.de\/index.php?rest_route=%2Fwp%2Fv2%2Fmedia&parent=89150"}],"wp:term":[{"taxonomy":"category","embeddable":true,"href":"https:\/\/www.fuldaernachrichten.de\/index.php?rest_route=%2Fwp%2Fv2%2Fcategories&post=89150"},{"taxonomy":"post_tag","embeddable":true,"href":"https:\/\/www.fuldaernachrichten.de\/index.php?rest_route=%2Fwp%2Fv2%2Ftags&post=89150"}],"curies":[{"name":"wp","href":"https:\/\/api.w.org\/{rel}","templated":true}]}}