{"id":89006,"date":"2011-08-10T00:17:52","date_gmt":"2011-08-10T00:17:52","guid":{"rendered":"http:\/\/www.fuldaer-nachrichten.de\/?p=89006"},"modified":"2011-08-09T13:51:11","modified_gmt":"2011-08-09T13:51:11","slug":"jugendfeuerwehr-friesenhausen-dormbach-gegrundet","status":"publish","type":"post","link":"https:\/\/www.fuldaernachrichten.de\/?p=89006","title":{"rendered":"Jugendfeuerwehr Friesenhausen-D\u00f6rmbach gegr\u00fcndet"},"content":{"rendered":"<p><strong><a href=\"http:\/\/www.fuldaer-nachrichten.de\/wp-content\/uploads\/2011\/08\/110809_Jugendfeuerwehr.jpg\"><img decoding=\"async\" class=\"alignleft size-thumbnail wp-image-89007\" title=\"110809_Jugendfeuerwehr\" src=\"http:\/\/www.fuldaer-nachrichten.de\/wp-content\/uploads\/2011\/08\/110809_Jugendfeuerwehr-265x176.jpg\" alt=\"\" width=\"265\" height=\"176\" srcset=\"https:\/\/www.fuldaernachrichten.de\/wp-content\/uploads\/2011\/08\/110809_Jugendfeuerwehr-265x176.jpg 265w, https:\/\/www.fuldaernachrichten.de\/wp-content\/uploads\/2011\/08\/110809_Jugendfeuerwehr.jpg 592w\" sizes=\"(max-width: 265px) 100vw, 265px\" \/><\/a>Dipperz.<\/strong> In der Gemeinde Dipperz \u2013Ortsteil Friesenhausen-D\u00f6rmbach wurde am 23. Juli 2011 im Rahmen des 75-j\u00e4hrigen Vereinsjubil\u00e4ums der Feuerwehr Friesenhausen\u2013D\u00f6rmbach die 135. Jugendfeuerwehr im Landkreis Fulda gegr\u00fcndet. Endlich war es soweit. Nach knapp einem Jahr Vorbereitungszeit wurde die Jugendfeuerwehr Friesenhausen-D\u00f6rmbach unter der Leitung der Jugendfeuerwehrwartin Desir\u00e8e Jordan gegr\u00fcndet. Es ist die 3. Jugendfeuerwehr in der Gemeinde Dipperz, neben der Jugendfeuerwehr Armenhof und Dipperz. Die Gr\u00fcndung ist sehr wichtig, da die Jugendfeuerwehr ein Garant f\u00fcr den Nachwuchs in der Feuerwehr ist.<!--more--><\/p>\n<p>Gru\u00dfworte und Gl\u00fcckw\u00fcnsche \u00fcberbrachten der 1. Kreisbeigeordneter Dr. Heiko Wingenfeld, B\u00fcrgermeister Klaus-Dieter Vogler, Gemeindebrandinspektor Martin R\u00fchl, Kreisjugendfeuerwehrwart Michael Knoth, sowie Gemeindejugendfeuerwehrwart Stefan Mehler. Gemeindejugendfeuerwehrwart Stefan Mehler zeigte sich stolz \u00fcber die Gr\u00fcndung der Jugendfeuerwehr mit 11 Mitgliedern im Alter zwischen 10 und 18 Jahren. Aktuell sind in den Jugendfeuerwehren der Gemeinde Dipperz nun 47 Mitglieder organisiert. Regelm\u00e4\u00dfig finden Gruppenstunden statt, \u00c2\u00a0bestehend aus \u201eallgemeiner Jugendarbeit\u201c und \u201efeuerwehrtechnischer Ausbildung\u201c, wo alle Jugendlichen sehr viel Spa\u00df haben.<\/p>\n<p>Zusammen mit dem Kreisjugendfeuerwehrwart Michael Knoth, B\u00fcrgermeister Klaus-Dieter Vogler, Gemeindebrandinspektor Martin R\u00fchl wurde den Jugendlichen je ein Schutzhelm, ein Jugendfeuerwehr-T-Shirt, eine Gr\u00fcndungsurkunde und die Nadel der Kreisjugendfeuerwehr Fulda \u00fcberreicht. Am Tag nach der Gr\u00fcndungsfeier f\u00fchre die neu gegr\u00fcndete Jugendfeuerwehr Friesenhausen-D\u00f6rmbach ein \u201eSpiele ohne Grenzen\u201c durch, wo die Nachbarjugendfeuerwehren die M\u00f6glichkeit hatten, ihr K\u00f6nnen unter Beweis zu stellen, wie beispielsweise das Best\u00e4tigen einer historischen Handspritze, ein Feuerwehrquiz sowie das Anlegen mehrerer Feuerwehrknoten. (sm)<\/p>\n","protected":false},"excerpt":{"rendered":"<div class=\"tmnf_excerpt\"><p>Dipperz. In der Gemeinde Dipperz \u2013Ortsteil Friesenhausen-D\u00f6rmbach wurde am 23. Juli 2011 im Rahmen des 75-j\u00e4hrigen Vereinsjubil\u00e4ums der Feuerwehr Friesenhausen\u2013D\u00f6rmbach die 135. Jugendfeuerwehr im Landkreis Fulda gegr\u00fcndet. Endlich war es soweit. Nach knapp einem Jahr Vorbereitungszeit wurde die Jugendfeuerwehr Friesenhausen-D\u00f6rmbach unter der Leitung der Jugendfeuerwehrwartin Desir\u00e8e Jordan gegr\u00fcndet. Es ist die 3. Jugendfeuerwehr in der &hellip;<\/p>\n<\/div>","protected":false},"author":1,"featured_media":0,"comment_status":"closed","ping_status":"closed","sticky":false,"template":"","format":"standard","meta":{"footnotes":""},"categories":[1,71,72],"tags":[],"class_list":["post-89006","post","type-post","status-publish","format-standard","hentry","category-startseite","category-feuerwehr","category-jugend"],"_links":{"self":[{"href":"https:\/\/www.fuldaernachrichten.de\/index.php?rest_route=\/wp\/v2\/posts\/89006","targetHints":{"allow":["GET"]}}],"collection":[{"href":"https:\/\/www.fuldaernachrichten.de\/index.php?rest_route=\/wp\/v2\/posts"}],"about":[{"href":"https:\/\/www.fuldaernachrichten.de\/index.php?rest_route=\/wp\/v2\/types\/post"}],"author":[{"embeddable":true,"href":"https:\/\/www.fuldaernachrichten.de\/index.php?rest_route=\/wp\/v2\/users\/1"}],"replies":[{"embeddable":true,"href":"https:\/\/www.fuldaernachrichten.de\/index.php?rest_route=%2Fwp%2Fv2%2Fcomments&post=89006"}],"version-history":[{"count":0,"href":"https:\/\/www.fuldaernachrichten.de\/index.php?rest_route=\/wp\/v2\/posts\/89006\/revisions"}],"wp:attachment":[{"href":"https:\/\/www.fuldaernachrichten.de\/index.php?rest_route=%2Fwp%2Fv2%2Fmedia&parent=89006"}],"wp:term":[{"taxonomy":"category","embeddable":true,"href":"https:\/\/www.fuldaernachrichten.de\/index.php?rest_route=%2Fwp%2Fv2%2Fcategories&post=89006"},{"taxonomy":"post_tag","embeddable":true,"href":"https:\/\/www.fuldaernachrichten.de\/index.php?rest_route=%2Fwp%2Fv2%2Ftags&post=89006"}],"curies":[{"name":"wp","href":"https:\/\/api.w.org\/{rel}","templated":true}]}}