{"id":8896,"date":"2008-04-22T00:59:01","date_gmt":"2008-04-21T22:59:01","guid":{"rendered":"http:\/\/www.schoene-nachrichten.de\/?p=8896"},"modified":"2008-04-21T23:27:21","modified_gmt":"2008-04-21T21:27:21","slug":"aok-beratungscenter-in-fulda-schliesst-morgen-bereits-um-1130-uhr","status":"publish","type":"post","link":"https:\/\/www.fuldaernachrichten.de\/?p=8896","title":{"rendered":"AOK-Beratungscenter in Fulda schlie\u00dft morgen bereits um 11.30 Uhr"},"content":{"rendered":"<p><strong>Fulda.<\/strong> Wegen einer Personalversammlung schlie\u00dfen die AOK-Beratungscenter in Osthessen am kommenden Mittwoch deutlich fr\u00fcher. So k\u00f6nnen die Kunden aus Fulda und Umgebung ausnahmsweise nur bis 11.30 Uhr beraten werden. Ab Donnerstag gelten selbstverst\u00e4ndlich wieder die regul\u00e4ren langen \u00d6ffnungszeiten. Unabh\u00e4ngig davon kann man die AOK-Kundenberatung unter 0 800  11 88 111* wie gewohnt bis 20 Uhr kontaktieren.<\/p>\n","protected":false},"excerpt":{"rendered":"<div class=\"tmnf_excerpt\"><p>Fulda. Wegen einer Personalversammlung schlie\u00dfen die AOK-Beratungscenter in Osthessen am kommenden Mittwoch deutlich fr\u00fcher. So k\u00f6nnen die Kunden aus Fulda und Umgebung ausnahmsweise nur bis 11.30 Uhr beraten werden. Ab Donnerstag gelten selbstverst\u00e4ndlich wieder die regul\u00e4ren langen \u00d6ffnungszeiten. Unabh\u00e4ngig davon kann man die AOK-Kundenberatung unter 0 800 11 88 111* wie gewohnt bis 20 Uhr &hellip;<\/p>\n<\/div>","protected":false},"author":1,"featured_media":0,"comment_status":"closed","ping_status":"closed","sticky":false,"template":"","format":"standard","meta":{"footnotes":""},"categories":[1],"tags":[],"class_list":["post-8896","post","type-post","status-publish","format-standard","hentry","category-startseite"],"_links":{"self":[{"href":"https:\/\/www.fuldaernachrichten.de\/index.php?rest_route=\/wp\/v2\/posts\/8896","targetHints":{"allow":["GET"]}}],"collection":[{"href":"https:\/\/www.fuldaernachrichten.de\/index.php?rest_route=\/wp\/v2\/posts"}],"about":[{"href":"https:\/\/www.fuldaernachrichten.de\/index.php?rest_route=\/wp\/v2\/types\/post"}],"author":[{"embeddable":true,"href":"https:\/\/www.fuldaernachrichten.de\/index.php?rest_route=\/wp\/v2\/users\/1"}],"replies":[{"embeddable":true,"href":"https:\/\/www.fuldaernachrichten.de\/index.php?rest_route=%2Fwp%2Fv2%2Fcomments&post=8896"}],"version-history":[{"count":0,"href":"https:\/\/www.fuldaernachrichten.de\/index.php?rest_route=\/wp\/v2\/posts\/8896\/revisions"}],"wp:attachment":[{"href":"https:\/\/www.fuldaernachrichten.de\/index.php?rest_route=%2Fwp%2Fv2%2Fmedia&parent=8896"}],"wp:term":[{"taxonomy":"category","embeddable":true,"href":"https:\/\/www.fuldaernachrichten.de\/index.php?rest_route=%2Fwp%2Fv2%2Fcategories&post=8896"},{"taxonomy":"post_tag","embeddable":true,"href":"https:\/\/www.fuldaernachrichten.de\/index.php?rest_route=%2Fwp%2Fv2%2Ftags&post=8896"}],"curies":[{"name":"wp","href":"https:\/\/api.w.org\/{rel}","templated":true}]}}