{"id":8888,"date":"2008-04-22T00:36:17","date_gmt":"2008-04-21T22:36:17","guid":{"rendered":"http:\/\/www.schoene-nachrichten.de\/?p=8888"},"modified":"2008-04-21T23:40:25","modified_gmt":"2008-04-21T21:40:25","slug":"gemeinsame-exkursion-von-verein-natur-und-lebensraum-rhoen","status":"publish","type":"post","link":"https:\/\/www.fuldaernachrichten.de\/?p=8888","title":{"rendered":"Gemeinsame Exkursion von Verein Natur- und Lebensraum Rh\u00f6n"},"content":{"rendered":"<p><strong>Rh\u00f6n.<\/strong> Auf Einladung des Vereins Natur- und Lebensraum Rh\u00f6n e.V. besuchten zahlreiche Landwirte und Vertreter des Kreisbauernverbandes Fulda-H\u00fcnfeld sowie der hessischen Verwaltungsstelle des Biosph\u00e4renreservates Rh\u00f6n die bayerische Rh\u00f6n, um sich \u00fcber die Nutzung alternativer Energietr\u00e4ger zu informieren.<\/p>\n<p><strong>Fotos (3): <\/strong>Biosp\u00e4renreservat Rh\u00f6n<\/p>\n<p><a rel=\"lightbox[roadtrip]\" href=\"http:\/\/www.schoene-nachrichten.de\/wp-content\/uploads\/2008\/04\/080421_exkursion-photovoltaik1.jpg\" target=\"_blank\"><img decoding=\"async\" class=\"alignleft size-thumbnail wp-image-8911\" title=\"080421_exkursion-photovoltaik1\" src=\"http:\/\/www.schoene-nachrichten.de\/wp-content\/uploads\/2008\/04\/080421_exkursion-photovoltaik1-128x85.jpg\" alt=\"\" width=\"128\" height=\"85\" \/><\/a> <a rel=\"lightbox[roadtrip]\" href=\"http:\/\/www.schoene-nachrichten.de\/wp-content\/uploads\/2008\/04\/080421_exkursion-photovoltaik2.jpg\" target=\"_blank\"><img decoding=\"async\" class=\"alignleft size-thumbnail wp-image-8912\" title=\"080421_exkursion-photovoltaik2\" src=\"http:\/\/www.schoene-nachrichten.de\/wp-content\/uploads\/2008\/04\/080421_exkursion-photovoltaik2-128x85.jpg\" alt=\"\" width=\"128\" height=\"85\" \/><\/a> <a rel=\"lightbox[roadtrip]\" href=\"http:\/\/www.schoene-nachrichten.de\/wp-content\/uploads\/2008\/04\/080421_exkursion-photovoltaik3.jpg\" target=\"_blank\"><img decoding=\"async\" class=\"alignleft size-thumbnail wp-image-8913\" title=\"080421_exkursion-photovoltaik3\" src=\"http:\/\/www.schoene-nachrichten.de\/wp-content\/uploads\/2008\/04\/080421_exkursion-photovoltaik3-128x85.jpg\" alt=\"\" width=\"128\" height=\"85\" \/><!--more--><\/a><\/p>\n<p>Zun\u00e4chst wurde das B\u00fcrgersolarkraftwerk bei Gro\u00dfbardorf angefahren. Dort informierte Kreisobmann Mathias Kl\u00f6ffel \u00fcber die beispielhafte Entwicklung dieser station\u00e4ren Photovoltaikanlage auf einer landwirtschaftlichen Nutzfl\u00e4che im Au\u00dfenbereich. Die Anlage wurde nach der Projektplanung durch einstimmige Beschl\u00fcsse der Gemeindevertretung zur \u00c4nderung des Fl\u00e4chennutzungsplans und des Bebauungsplans gest\u00fctzt. Die Finanzierung \u00fcbernahmen B\u00fcrger aus Gro\u00dfbardorf und dem \u00fcbrigen Landkreis Rh\u00f6n-Grabfeld je zur H\u00e4lfte nach einer gut vorbereiteten Informationsveranstaltung.<\/p>\n<p>Es konnten Anteile von mindestens 3.000 Euro gezeichnet werden. Insgesamt 100 Gesellschafter brachten in einer kurzen Zeit durchschnittlich 10.000 Euro ein. Die Investitionssumme f\u00fcr die zun\u00e4chst auf vier Hektar ausgelegte Anlage lag bei rund vier Millionen Euro. Die Nachfrage in der Bev\u00f6lkerung war so stark, dass umgehend noch eine weitere Anlage mit 3,5 Hektar in gleicher Weise finanziert und hergestellt werden konnte. Die Anlagen haben die angestrebten Erwartungen hinsichtlich der Kapitalverzinsung in den ersten beiden Jahren bereits \u00fcbertroffen.<\/p>\n<p>Danach stellte Kreisobmann die 625-KW-Biogasanlage der Firma Agrokraft, einer Tochter-gesellschaft des Bauernverbandes und des Maschinenringes Rh\u00f6n-Grabfeld, unmittelbar am Ortsrand von Bad K\u00f6nigshofen vor. Diese Anlage wurde ebenfalls als Gemeinschaftsprojekt durch 37 Landwirte finanziert. \u00dcberzeugend ist der Ansatz, dass die Maisanbaufl\u00e4che pro Betrieb so begrenzt wurde, dass sich die Rohstofferzeugung in die Fruchtfolge gut integrie-ren l\u00e4sst. Die Anlage mit drei Fermentern arbeitet ohne G\u00fclle fast ausschlie\u00dflich mit gen-technikfreiem Mais und zu geringen Anteilen mit Grassilage und Gefl\u00fcgelmist.<\/p>\n<p>Vorbildlich ist dieses Projekt insbesondere deshalb, weil neben der Erzeugung elektrischer Energie auch noch eine sehr gute W\u00e4rmeverwertung von Anfang an das Ziel war und auch realisiert werden konnte. Die Biogasanlage deckt zu 80 Prozent den W\u00e4rmebedarf der gesamten Frankentherme mit dem neuen beheizten Heilwassersee im Freien.<\/p>\n<p>\u201eDie Anlage ist ein Musterbeispiel f\u00fcr funktionierende regionale Wirtschaftskreisl\u00e4ufe\u201c, lobte der Leiter des Biosph\u00e4renreservats Rh\u00f6n, Otto Evers, das Projekt. Es bringe Landwirte, Kommunen und Wirtschaftsbetriebe zum Nutzen des Tourismus bei allseitigem wirtschaftlichem Erfolg zusammen. Auch die Teilnehmer zeigten sich beeindruckt vom sauberen und funktionierenden Zustand der Gesamtanlage.<\/p>\n<p>Kurdirektor Angerm\u00fcller stellte die Tourismusentwicklung aus der Sicht des Heilbadebetriebs dar. Die Zusammenarbeit der Landwirte, des Bauernverbands und des Maschinenrings mit der Stadt und der Frankentherme sei eine beeindruckende Erfolgsgeschichte, fasste Dr. Hubertus Beier abschlie\u00dfend als Vorsitzender des Vereins Natur- und Lebensraum Rh\u00f6n e.V. und als Gesch\u00e4ftsf\u00fchrer des Kreisbauernverbandes Fulda-H\u00fcnfeld das Res\u00fcmee der Veranstaltung zusammen. Es sei durchaus vorstellbar, ein \u00e4hnliches Gemeinschaftsprojekt auch im Landkreis Fulda zu realisieren.<\/p>\n","protected":false},"excerpt":{"rendered":"<div class=\"tmnf_excerpt\"><p>Rh\u00f6n. Auf Einladung des Vereins Natur- und Lebensraum Rh\u00f6n e.V. besuchten zahlreiche Landwirte und Vertreter des Kreisbauernverbandes Fulda-H\u00fcnfeld sowie der hessischen Verwaltungsstelle des Biosph\u00e4renreservates Rh\u00f6n die bayerische Rh\u00f6n, um sich \u00fcber die Nutzung alternativer Energietr\u00e4ger zu informieren. Fotos (3): Biosp\u00e4renreservat Rh\u00f6n<\/p>\n<\/div>","protected":false},"author":1,"featured_media":0,"comment_status":"closed","ping_status":"closed","sticky":false,"template":"","format":"standard","meta":{"footnotes":""},"categories":[1,29,52],"tags":[],"class_list":["post-8888","post","type-post","status-publish","format-standard","hentry","category-startseite","category-politik","category-umwelt"],"_links":{"self":[{"href":"https:\/\/www.fuldaernachrichten.de\/index.php?rest_route=\/wp\/v2\/posts\/8888","targetHints":{"allow":["GET"]}}],"collection":[{"href":"https:\/\/www.fuldaernachrichten.de\/index.php?rest_route=\/wp\/v2\/posts"}],"about":[{"href":"https:\/\/www.fuldaernachrichten.de\/index.php?rest_route=\/wp\/v2\/types\/post"}],"author":[{"embeddable":true,"href":"https:\/\/www.fuldaernachrichten.de\/index.php?rest_route=\/wp\/v2\/users\/1"}],"replies":[{"embeddable":true,"href":"https:\/\/www.fuldaernachrichten.de\/index.php?rest_route=%2Fwp%2Fv2%2Fcomments&post=8888"}],"version-history":[{"count":0,"href":"https:\/\/www.fuldaernachrichten.de\/index.php?rest_route=\/wp\/v2\/posts\/8888\/revisions"}],"wp:attachment":[{"href":"https:\/\/www.fuldaernachrichten.de\/index.php?rest_route=%2Fwp%2Fv2%2Fmedia&parent=8888"}],"wp:term":[{"taxonomy":"category","embeddable":true,"href":"https:\/\/www.fuldaernachrichten.de\/index.php?rest_route=%2Fwp%2Fv2%2Fcategories&post=8888"},{"taxonomy":"post_tag","embeddable":true,"href":"https:\/\/www.fuldaernachrichten.de\/index.php?rest_route=%2Fwp%2Fv2%2Ftags&post=8888"}],"curies":[{"name":"wp","href":"https:\/\/api.w.org\/{rel}","templated":true}]}}