{"id":8886,"date":"2008-04-22T00:57:50","date_gmt":"2008-04-21T22:57:50","guid":{"rendered":"http:\/\/www.schoene-nachrichten.de\/?p=8886"},"modified":"2008-04-21T23:26:54","modified_gmt":"2008-04-21T21:26:54","slug":"7-eichenzeller-gitarrentag-am-26-april","status":"publish","type":"post","link":"https:\/\/www.fuldaernachrichten.de\/?p=8886","title":{"rendered":"7. Eichenzeller Gitarrentag am 26. April"},"content":{"rendered":"<p><a rel=\"lightbox[roadtrip]\" href=\"http:\/\/www.schoene-nachrichten.de\/wp-content\/uploads\/2008\/04\/080421_gitarrentag.jpg\" target=\"_blank\"><img decoding=\"async\" class=\"alignleft size-thumbnail wp-image-8915\" title=\"080421_gitarrentag\" src=\"http:\/\/www.schoene-nachrichten.de\/wp-content\/uploads\/2008\/04\/080421_gitarrentag-128x85.jpg\" alt=\"\" hspace=\"5\" width=\"128\" height=\"85\" align=\"left\" \/><\/a><strong>Eichenzell.<\/strong> Mit eigenen Arrangements pr\u00e4sentieren am Samstag, 26.04.2008, um 19.00 Uhr, verschiedene Gitarrenensembles der Gitarrenklasse Peter Schmuck, Eichenzell, Themen aus Klassik, Pop und Jazz. Junge Gesangssolistinnen werden auch dieses Mal bekannte Songs interpretieren.<!--more--><\/p>\n<p>Mit eigener Klang\u00e4sthetik und improvisatorischem Zusammenspiel stellt die Band der Gitarrenklasse Themen des modalen Jazz vor. Mit dem Erl\u00f6s des Abends wird die weitere musikalische Ausbildung der jungen Sch\u00fclerinnen und Sch\u00fcler unterst\u00fctzt.<\/p>\n<p>Karten f\u00fcr das Konzert im Eichenzeller Kultursaal sind bei der Gemeinde Eichenzell, Tel. 06659 \/ 9 79 43 und der Lotto-Annahmestelle G\u00fcnther, Eichenzell, Tel. 06659 \/ 37 81 erh\u00e4ltlich. Vorverkauf 5,00 \u00e2\u201a\u00ac  \/ Abendkasse 6,00 \u00e2\u201a\u00ac Erm\u00e4\u00dfigung f\u00fcr Sch\u00fcler, Studenten, Behinderte<\/p>\n","protected":false},"excerpt":{"rendered":"<div class=\"tmnf_excerpt\"><p>Eichenzell. Mit eigenen Arrangements pr\u00e4sentieren am Samstag, 26.04.2008, um 19.00 Uhr, verschiedene Gitarrenensembles der Gitarrenklasse Peter Schmuck, Eichenzell, Themen aus Klassik, Pop und Jazz. Junge Gesangssolistinnen werden auch dieses Mal bekannte Songs interpretieren.<\/p>\n<\/div>","protected":false},"author":1,"featured_media":0,"comment_status":"closed","ping_status":"closed","sticky":false,"template":"","format":"standard","meta":{"footnotes":""},"categories":[1,72,44],"tags":[],"class_list":["post-8886","post","type-post","status-publish","format-standard","hentry","category-startseite","category-jugend","category-kultur"],"_links":{"self":[{"href":"https:\/\/www.fuldaernachrichten.de\/index.php?rest_route=\/wp\/v2\/posts\/8886","targetHints":{"allow":["GET"]}}],"collection":[{"href":"https:\/\/www.fuldaernachrichten.de\/index.php?rest_route=\/wp\/v2\/posts"}],"about":[{"href":"https:\/\/www.fuldaernachrichten.de\/index.php?rest_route=\/wp\/v2\/types\/post"}],"author":[{"embeddable":true,"href":"https:\/\/www.fuldaernachrichten.de\/index.php?rest_route=\/wp\/v2\/users\/1"}],"replies":[{"embeddable":true,"href":"https:\/\/www.fuldaernachrichten.de\/index.php?rest_route=%2Fwp%2Fv2%2Fcomments&post=8886"}],"version-history":[{"count":0,"href":"https:\/\/www.fuldaernachrichten.de\/index.php?rest_route=\/wp\/v2\/posts\/8886\/revisions"}],"wp:attachment":[{"href":"https:\/\/www.fuldaernachrichten.de\/index.php?rest_route=%2Fwp%2Fv2%2Fmedia&parent=8886"}],"wp:term":[{"taxonomy":"category","embeddable":true,"href":"https:\/\/www.fuldaernachrichten.de\/index.php?rest_route=%2Fwp%2Fv2%2Fcategories&post=8886"},{"taxonomy":"post_tag","embeddable":true,"href":"https:\/\/www.fuldaernachrichten.de\/index.php?rest_route=%2Fwp%2Fv2%2Ftags&post=8886"}],"curies":[{"name":"wp","href":"https:\/\/api.w.org\/{rel}","templated":true}]}}