{"id":88746,"date":"2011-08-01T01:00:55","date_gmt":"2011-08-01T01:00:55","guid":{"rendered":"http:\/\/www.fuldaer-nachrichten.de\/?p=88746"},"modified":"2011-08-02T06:42:47","modified_gmt":"2011-08-02T06:42:47","slug":"life-style-im-industriedenkmal-mobel-buhl-eroffnet-neues-mobelhaus-im-alten-lokschuppen","status":"publish","type":"post","link":"https:\/\/www.fuldaernachrichten.de\/?p=88746","title":{"rendered":"Life &#038; Style im Industriedenkmal &#8211; M\u00f6bel Buhl er\u00f6ffnet neues M\u00f6belhaus im Alten Lokschuppen"},"content":{"rendered":"<p><a title=\"Foto: Max Colin Heydenreich\" href=\"http:\/\/www.fuldaer-nachrichten.de\/wp-content\/uploads\/2011\/08\/110802_Buhl_037.jpg\" rel=\"lightbox[roadtrip]\" target=\"_blank\"><img decoding=\"async\" src=\"http:\/\/www.fuldaer-nachrichten.de\/wp-content\/uploads\/2011\/08\/110802_Buhl_037.jpg\" alt=\"110802_Buhl_037.jpg\" width=\"560\" \/><\/a><\/p>\n<p><strong>Fulda.<\/strong> <strong><\/strong> \u201eEin tolles Aush\u00e4ngeschild\u201c, \u201e ein attraktiver Anziehungspunkt\u201c, \u201eein Frequenzbringer f\u00fcr die gesamte Region\u201c \u2013 bei der exklusiven M\u00f6bel-Buhl-Preview mit rund 500 geladenen G\u00e4sten fanden Vertreter aus Politik und Wirtschaft am gestrigen Abend ausschlie\u00dflich lobende Worte f\u00fcr das Mammut-Projekt der Familie Buhl. Die hat in den letzten 17 Monaten rund 25 Millionen Euro in den Umbau des Alten Lokschuppen in der Heidelsteinstra\u00dfe investiert. Mit einer Verkaufsfl\u00e4che von 40.000 Quadratmetern z\u00e4hlt M\u00f6bel Buhl am Standort Fulda jetzt nicht nur zu den gr\u00f6\u00dften Einrichtungsh\u00e4usern Deutschlands, sondern wohl auch zu den au\u00dfergew\u00f6hnlichsten.<\/p>\n<p><strong>Fotos (78):<\/strong> Max Colin Heydenreich<!--more--><\/p>\n<p><a title=\"Foto: Max Colin Heydenreich\" href=\"http:\/\/www.fuldaer-nachrichten.de\/wp-content\/uploads\/2011\/08\/110802_Buhl_001.jpg\" rel=\"lightbox[roadtrip]\" target=\"_blank\"><img decoding=\"async\" src=\"http:\/\/www.fuldaer-nachrichten.de\/wp-content\/uploads\/2011\/08\/110802_Buhl_001.thumbnail.jpg\" alt=\"110802_Buhl_001.jpg\" width=\"265\" \/><\/a> <a title=\"Foto: Max Colin Heydenreich\" href=\"http:\/\/www.fuldaer-nachrichten.de\/wp-content\/uploads\/2011\/08\/110802_Buhl_002.jpg\" rel=\"lightbox[roadtrip]\" target=\"_blank\"><img decoding=\"async\" src=\"http:\/\/www.fuldaer-nachrichten.de\/wp-content\/uploads\/2011\/08\/110802_Buhl_002.thumbnail.jpg\" alt=\"110802_Buhl_002.jpg\" width=\"265\" \/><\/a><\/p>\n<p>Denn aus dem Industriedenkmal, in dem bis in die 1960er Jahre Dampflokomotiven gewartet und repariert wurden, ist ein modernes M\u00f6belkaufhaus mit einzigartigem Ambiente geworden. \u201eF\u00fcr die Architekten war es eine gro\u00dfe Herausforderung eine Harmonie zwischen Alt und Neu zu schaffen\u201c, betonte Firmenchef Hans-Dieter Buhl in seiner f\u00fcnfmin\u00fctigen Ansprache.<\/p>\n<p><a title=\"Foto: Max Colin Heydenreich\" href=\"http:\/\/www.fuldaer-nachrichten.de\/wp-content\/uploads\/2011\/08\/110802_Buhl_003.jpg\" rel=\"lightbox[roadtrip]\" target=\"_blank\"><img decoding=\"async\" src=\"http:\/\/www.fuldaer-nachrichten.de\/wp-content\/uploads\/2011\/08\/110802_Buhl_003.thumbnail.jpg\" alt=\"110802_Buhl_003.jpg\" width=\"265\" \/><\/a> <a title=\"Foto: Max Colin Heydenreich\" href=\"http:\/\/www.fuldaer-nachrichten.de\/wp-content\/uploads\/2011\/08\/110802_Buhl_004.jpg\" rel=\"lightbox[roadtrip]\" target=\"_blank\"><img decoding=\"async\" src=\"http:\/\/www.fuldaer-nachrichten.de\/wp-content\/uploads\/2011\/08\/110802_Buhl_004.thumbnail.jpg\" alt=\"110802_Buhl_004.jpg\" width=\"265\" \/><\/a><\/p>\n<p>Dass Buhl kein Freund langer Reden, sehr wohl aber ein Mann mit langem Atem zu sein scheint, wurde deutlich, als er seine pers\u00f6nliche Lokschuppen-Historie Revue passieren lie\u00df. Denn Buhls Verhandlungen mit der Deutsche Bundesbahn, in deren Besitz sich die Immobilie urspr\u00fcnglich befand, hatten bereits 1995 begonnen. Doch der Lokschuppen ging zwei Mal in den Besitz von Nachfolge-\/Tochterunternehmen der DB \u00fcber, ohne dass die Veranwortlichen Kenntnis von Buhls Pl\u00e4nen hatten. Und so musste der Gesch\u00e4ftsmann sein Vorhaben immer wieder von Neuem erkl\u00e4ren, verhandeln und \u00fcberzeugen.<\/p>\n<p><a title=\"Foto: Max Colin Heydenreich\" href=\"http:\/\/www.fuldaer-nachrichten.de\/wp-content\/uploads\/2011\/08\/110802_Buhl_005.jpg\" rel=\"lightbox[roadtrip]\" target=\"_blank\"><img decoding=\"async\" src=\"http:\/\/www.fuldaer-nachrichten.de\/wp-content\/uploads\/2011\/08\/110802_Buhl_005.thumbnail.jpg\" alt=\"110802_Buhl_005.jpg\" width=\"265\" \/><\/a> <a title=\"Foto: Max Colin Heydenreich\" href=\"http:\/\/www.fuldaer-nachrichten.de\/wp-content\/uploads\/2011\/08\/110802_Buhl_006.jpg\" rel=\"lightbox[roadtrip]\" target=\"_blank\"><img decoding=\"async\" src=\"http:\/\/www.fuldaer-nachrichten.de\/wp-content\/uploads\/2011\/08\/110802_Buhl_006.thumbnail.jpg\" alt=\"110802_Buhl_006.jpg\" width=\"265\" \/><\/a><\/p>\n<p>Zu Buhls Beharrlichkeit, Mut und Weitblick gratulierte der Hessische Finanzminister Dr. Thomas Sch\u00e4fer, der &#8211; wie er selbst mit einem Augenzwinkern erkl\u00e4rte &#8211; guten Steuerzahlern bei solchen Anl\u00e4ssen immer pers\u00f6nlich die Reverenz erweise. Angesichts potenzieller Gewerbesteuereinnahmen schlug wohl auch das Herz des Fuldaer Oberb\u00fcrgermeisters Gerhard M\u00f6ller h\u00f6her. \u201eM\u00f6ge die Drehscheibe, die die Loks zur Wartung immer in die richtige Position gebracht haben, zu einer modernen Drehscheibe des Handelsgeschehens werden\u201c, w\u00fcnschte M\u00f6ller der mutigen Unternehmerfamilie.<\/p>\n<p><a title=\"Foto: Max Colin Heydenreich\" href=\"http:\/\/www.fuldaer-nachrichten.de\/wp-content\/uploads\/2011\/08\/110802_Buhl_007.jpg\" rel=\"lightbox[roadtrip]\" target=\"_blank\"><img decoding=\"async\" src=\"http:\/\/www.fuldaer-nachrichten.de\/wp-content\/uploads\/2011\/08\/110802_Buhl_007.thumbnail.jpg\" alt=\"110802_Buhl_007.jpg\" width=\"265\" \/><\/a> <a title=\"Foto: Max Colin Heydenreich\" href=\"http:\/\/www.fuldaer-nachrichten.de\/wp-content\/uploads\/2011\/08\/110802_Buhl_008.jpg\" rel=\"lightbox[roadtrip]\" target=\"_blank\"><img decoding=\"async\" src=\"http:\/\/www.fuldaer-nachrichten.de\/wp-content\/uploads\/2011\/08\/110802_Buhl_008.thumbnail.jpg\" alt=\"110802_Buhl_008.jpg\" width=\"265\" \/><\/a><\/p>\n<p>Gl\u00fcckw\u00fcnsche zur Er\u00f6ffnung des M\u00f6belhauses \u00fcberbrachte auch IHK-Pr\u00e4sident Bernhard Juchheim. Er verwies in seiner Rede auf den Einzugsbereich des Einzelhandels. Dem Oberzentrum Fulda werde ein Einzugsbereich von 380.000 Einwohnern zugeschrieben. Die Familie Buhl habe dieses Potenzial erkannt und investiert, so Juchheim. \u201eM\u00f6bel Buhl hat erkannt, dass die Chancen im Wettbewerb steigen, wenn den Kunden ein gr\u00f6\u00dferes und insbesondere auch breiteres Angebot pr\u00e4sentiert wird\u201c, betonte der IHK-Pr\u00e4sident bevor Kaplan Dirk G\u00e4rtner und Pfarrer Matti Fischer das neue Haus einweihten und segneten.<\/p>\n<p><a title=\"Foto: Max Colin Heydenreich\" href=\"http:\/\/www.fuldaer-nachrichten.de\/wp-content\/uploads\/2011\/08\/110802_Buhl_009.jpg\" rel=\"lightbox[roadtrip]\" target=\"_blank\"><img decoding=\"async\" src=\"http:\/\/www.fuldaer-nachrichten.de\/wp-content\/uploads\/2011\/08\/110802_Buhl_009.thumbnail.jpg\" alt=\"110802_Buhl_009.jpg\" width=\"265\" \/><\/a> <a title=\"Foto: Max Colin Heydenreich\" href=\"http:\/\/www.fuldaer-nachrichten.de\/wp-content\/uploads\/2011\/08\/110802_Buhl_010.jpg\" rel=\"lightbox[roadtrip]\" target=\"_blank\"><img decoding=\"async\" src=\"http:\/\/www.fuldaer-nachrichten.de\/wp-content\/uploads\/2011\/08\/110802_Buhl_010.thumbnail.jpg\" alt=\"110802_Buhl_010.jpg\" width=\"265\" \/><\/a><\/p>\n<p>Angeboten wird im Alten Lokschuppen alles was im M\u00f6belsektor Rang und Namen hat. In den Abteilungen Wohnen und Schlafen finden sich viele bekannte Marken. Dar\u00fcber hinaus findet man im Einrichtungshaus K\u00fcchenm\u00f6bel, Teppiche, Textilien oder Haushaltswaren. Neu hinzugekommen ist ein Babyfachmarkt, in dem es sogar eine \u201eKinderwagen-Teststrecke\u201c mit verschiedenen Untergr\u00fcnden gibt.<\/p>\n<p><a title=\"Foto: Max Colin Heydenreich\" href=\"http:\/\/www.fuldaer-nachrichten.de\/wp-content\/uploads\/2011\/08\/110802_Buhl_011.jpg\" rel=\"lightbox[roadtrip]\" target=\"_blank\"><img decoding=\"async\" src=\"http:\/\/www.fuldaer-nachrichten.de\/wp-content\/uploads\/2011\/08\/110802_Buhl_011.thumbnail.jpg\" alt=\"110802_Buhl_011.jpg\" width=\"265\" \/><\/a> <a title=\"Foto: Max Colin Heydenreich\" href=\"http:\/\/www.fuldaer-nachrichten.de\/wp-content\/uploads\/2011\/08\/110802_Buhl_012.jpg\" rel=\"lightbox[roadtrip]\" target=\"_blank\"><img decoding=\"async\" src=\"http:\/\/www.fuldaer-nachrichten.de\/wp-content\/uploads\/2011\/08\/110802_Buhl_012.thumbnail.jpg\" alt=\"110802_Buhl_012.jpg\" width=\"265\" \/><\/a><\/p>\n<p>Gespannt sein darf man auf den Umbau des ehemaligen M\u00f6bel Buhl auf der gegen\u00fcberliegenden Stra\u00dfenseite. Ab Dezember dieses Jahres wird das Unternehmen dort die Bereiche Junges Wohnen, den SB-Markt, ein B\u00fcrocenter, Gartenm\u00f6bel und einen Bad-Fachmarkt beherbergen. Doch das ist Zukunftsmusik.<\/p>\n<p><a title=\"Foto: Max Colin Heydenreich\" href=\"http:\/\/www.fuldaer-nachrichten.de\/wp-content\/uploads\/2011\/08\/110802_Buhl_013.jpg\" rel=\"lightbox[roadtrip]\" target=\"_blank\"><img decoding=\"async\" src=\"http:\/\/www.fuldaer-nachrichten.de\/wp-content\/uploads\/2011\/08\/110802_Buhl_013.thumbnail.jpg\" alt=\"110802_Buhl_013.jpg\" width=\"265\" \/><\/a> <a title=\"Foto: Max Colin Heydenreich\" href=\"http:\/\/www.fuldaer-nachrichten.de\/wp-content\/uploads\/2011\/08\/110802_Buhl_014.jpg\" rel=\"lightbox[roadtrip]\" target=\"_blank\"><img decoding=\"async\" src=\"http:\/\/www.fuldaer-nachrichten.de\/wp-content\/uploads\/2011\/08\/110802_Buhl_014.thumbnail.jpg\" alt=\"110802_Buhl_014.jpg\" width=\"265\" \/><\/a><\/p>\n<p>Ab Mittwoch, 2. August, darf man im Lokschuppen ganz offiziell schauen, staunen und kaufen. Das M\u00f6belhaus \u00f6ffnet seine Pforten um 9.30 Uhr. Und weil Shoppen bei \u201esensationellen Er\u00f6ffnungangeboten\u201c so sch\u00f6n ist, wird die Kundschaft nicht wie \u00fcblich um 19 Uhr zum Gehen aufgefordert, sondern darf bis 22 Uhr bleiben. \u00d6ffnungszeiten und Angebote gelten aber nur bis zum Samstag, 6. August. Schade eigentlich! (Dorit Heydenreich)<\/p>\n<p><a title=\"Foto: Max Colin Heydenreich\" href=\"http:\/\/www.fuldaer-nachrichten.de\/wp-content\/uploads\/2011\/08\/110802_Buhl_015.jpg\" rel=\"lightbox[roadtrip]\" target=\"_blank\"><img decoding=\"async\" src=\"http:\/\/www.fuldaer-nachrichten.de\/wp-content\/uploads\/2011\/08\/110802_Buhl_015.thumbnail.jpg\" alt=\"110802_Buhl_015.jpg\" width=\"265\" \/><\/a> <a title=\"Foto: Max Colin Heydenreich\" href=\"http:\/\/www.fuldaer-nachrichten.de\/wp-content\/uploads\/2011\/08\/110802_Buhl_016.jpg\" rel=\"lightbox[roadtrip]\" target=\"_blank\"><img decoding=\"async\" src=\"http:\/\/www.fuldaer-nachrichten.de\/wp-content\/uploads\/2011\/08\/110802_Buhl_016.thumbnail.jpg\" alt=\"110802_Buhl_016.jpg\" width=\"265\" \/><\/a><\/p>\n<p><a title=\"Foto: Max Colin Heydenreich\" href=\"http:\/\/www.fuldaer-nachrichten.de\/wp-content\/uploads\/2011\/08\/110802_Buhl_017.jpg\" rel=\"lightbox[roadtrip]\" target=\"_blank\"><img decoding=\"async\" src=\"http:\/\/www.fuldaer-nachrichten.de\/wp-content\/uploads\/2011\/08\/110802_Buhl_017.thumbnail.jpg\" alt=\"110802_Buhl_017.jpg\" width=\"265\" \/><\/a> <a title=\"Foto: Max Colin Heydenreich\" href=\"http:\/\/www.fuldaer-nachrichten.de\/wp-content\/uploads\/2011\/08\/110802_Buhl_018.jpg\" rel=\"lightbox[roadtrip]\" target=\"_blank\"><img decoding=\"async\" src=\"http:\/\/www.fuldaer-nachrichten.de\/wp-content\/uploads\/2011\/08\/110802_Buhl_018.thumbnail.jpg\" alt=\"110802_Buhl_018.jpg\" width=\"265\" \/><\/a><\/p>\n<p><a title=\"Foto: Max Colin Heydenreich\" href=\"http:\/\/www.fuldaer-nachrichten.de\/wp-content\/uploads\/2011\/08\/110802_Buhl_019.jpg\" rel=\"lightbox[roadtrip]\" target=\"_blank\"><img decoding=\"async\" src=\"http:\/\/www.fuldaer-nachrichten.de\/wp-content\/uploads\/2011\/08\/110802_Buhl_019.thumbnail.jpg\" alt=\"110802_Buhl_019.jpg\" width=\"265\" \/><\/a> <a title=\"Foto: Max Colin Heydenreich\" href=\"http:\/\/www.fuldaer-nachrichten.de\/wp-content\/uploads\/2011\/08\/110802_Buhl_020.jpg\" rel=\"lightbox[roadtrip]\" target=\"_blank\"><img decoding=\"async\" src=\"http:\/\/www.fuldaer-nachrichten.de\/wp-content\/uploads\/2011\/08\/110802_Buhl_020.thumbnail.jpg\" alt=\"110802_Buhl_020.jpg\" width=\"265\" \/><\/a><\/p>\n<p><a title=\"Foto: Max Colin Heydenreich\" href=\"http:\/\/www.fuldaer-nachrichten.de\/wp-content\/uploads\/2011\/08\/110802_Buhl_021.jpg\" rel=\"lightbox[roadtrip]\" target=\"_blank\"><img decoding=\"async\" src=\"http:\/\/www.fuldaer-nachrichten.de\/wp-content\/uploads\/2011\/08\/110802_Buhl_021.thumbnail.jpg\" alt=\"110802_Buhl_021.jpg\" width=\"265\" \/><\/a> <a title=\"Foto: Max Colin Heydenreich\" href=\"http:\/\/www.fuldaer-nachrichten.de\/wp-content\/uploads\/2011\/08\/110802_Buhl_022.jpg\" rel=\"lightbox[roadtrip]\" target=\"_blank\"><img decoding=\"async\" src=\"http:\/\/www.fuldaer-nachrichten.de\/wp-content\/uploads\/2011\/08\/110802_Buhl_022.thumbnail.jpg\" alt=\"110802_Buhl_022.jpg\" width=\"265\" \/><\/a><\/p>\n<p><a title=\"Foto: Max Colin Heydenreich\" href=\"http:\/\/www.fuldaer-nachrichten.de\/wp-content\/uploads\/2011\/08\/110802_Buhl_023.jpg\" rel=\"lightbox[roadtrip]\" target=\"_blank\"><img decoding=\"async\" src=\"http:\/\/www.fuldaer-nachrichten.de\/wp-content\/uploads\/2011\/08\/110802_Buhl_023.thumbnail.jpg\" alt=\"110802_Buhl_023.jpg\" width=\"265\" \/><\/a> <a title=\"Foto: Max Colin Heydenreich\" href=\"http:\/\/www.fuldaer-nachrichten.de\/wp-content\/uploads\/2011\/08\/110802_Buhl_024.jpg\" rel=\"lightbox[roadtrip]\" target=\"_blank\"><img decoding=\"async\" src=\"http:\/\/www.fuldaer-nachrichten.de\/wp-content\/uploads\/2011\/08\/110802_Buhl_024.thumbnail.jpg\" alt=\"110802_Buhl_024.jpg\" width=\"265\" \/><\/a><\/p>\n<p><a title=\"Foto: Max Colin Heydenreich\" href=\"http:\/\/www.fuldaer-nachrichten.de\/wp-content\/uploads\/2011\/08\/110802_Buhl_025.jpg\" rel=\"lightbox[roadtrip]\" target=\"_blank\"><img decoding=\"async\" src=\"http:\/\/www.fuldaer-nachrichten.de\/wp-content\/uploads\/2011\/08\/110802_Buhl_025.thumbnail.jpg\" alt=\"110802_Buhl_025.jpg\" width=\"265\" \/><\/a> <a title=\"Foto: Max Colin Heydenreich\" href=\"http:\/\/www.fuldaer-nachrichten.de\/wp-content\/uploads\/2011\/08\/110802_Buhl_026.jpg\" rel=\"lightbox[roadtrip]\" target=\"_blank\"><img decoding=\"async\" src=\"http:\/\/www.fuldaer-nachrichten.de\/wp-content\/uploads\/2011\/08\/110802_Buhl_026.thumbnail.jpg\" alt=\"110802_Buhl_026.jpg\" width=\"265\" \/><\/a><\/p>\n<p><a title=\"Foto: Max Colin Heydenreich\" href=\"http:\/\/www.fuldaer-nachrichten.de\/wp-content\/uploads\/2011\/08\/110802_Buhl_027.jpg\" rel=\"lightbox[roadtrip]\" target=\"_blank\"><img decoding=\"async\" src=\"http:\/\/www.fuldaer-nachrichten.de\/wp-content\/uploads\/2011\/08\/110802_Buhl_027.thumbnail.jpg\" alt=\"110802_Buhl_027.jpg\" width=\"265\" \/><\/a> <a title=\"Foto: Max Colin Heydenreich\" href=\"http:\/\/www.fuldaer-nachrichten.de\/wp-content\/uploads\/2011\/08\/110802_Buhl_028.jpg\" rel=\"lightbox[roadtrip]\" target=\"_blank\"><img decoding=\"async\" src=\"http:\/\/www.fuldaer-nachrichten.de\/wp-content\/uploads\/2011\/08\/110802_Buhl_028.thumbnail.jpg\" alt=\"110802_Buhl_028.jpg\" width=\"265\" \/><\/a><\/p>\n<p><a title=\"Foto: Max Colin Heydenreich\" href=\"http:\/\/www.fuldaer-nachrichten.de\/wp-content\/uploads\/2011\/08\/110802_Buhl_029.jpg\" rel=\"lightbox[roadtrip]\" target=\"_blank\"><img decoding=\"async\" src=\"http:\/\/www.fuldaer-nachrichten.de\/wp-content\/uploads\/2011\/08\/110802_Buhl_029.thumbnail.jpg\" alt=\"110802_Buhl_029.jpg\" width=\"265\" \/><\/a> <a title=\"Foto: Max Colin Heydenreich\" href=\"http:\/\/www.fuldaer-nachrichten.de\/wp-content\/uploads\/2011\/08\/110802_Buhl_030.jpg\" rel=\"lightbox[roadtrip]\" target=\"_blank\"><img decoding=\"async\" src=\"http:\/\/www.fuldaer-nachrichten.de\/wp-content\/uploads\/2011\/08\/110802_Buhl_030.thumbnail.jpg\" alt=\"110802_Buhl_030.jpg\" width=\"265\" \/><\/a><\/p>\n<p><a title=\"Foto: Max Colin Heydenreich\" href=\"http:\/\/www.fuldaer-nachrichten.de\/wp-content\/uploads\/2011\/08\/110802_Buhl_031.jpg\" rel=\"lightbox[roadtrip]\" target=\"_blank\"><img decoding=\"async\" src=\"http:\/\/www.fuldaer-nachrichten.de\/wp-content\/uploads\/2011\/08\/110802_Buhl_031.thumbnail.jpg\" alt=\"110802_Buhl_031.jpg\" width=\"265\" \/><\/a> <a title=\"Foto: Max Colin Heydenreich\" href=\"http:\/\/www.fuldaer-nachrichten.de\/wp-content\/uploads\/2011\/08\/110802_Buhl_032.jpg\" rel=\"lightbox[roadtrip]\" target=\"_blank\"><img decoding=\"async\" src=\"http:\/\/www.fuldaer-nachrichten.de\/wp-content\/uploads\/2011\/08\/110802_Buhl_032.thumbnail.jpg\" alt=\"110802_Buhl_032.jpg\" width=\"265\" \/><\/a><\/p>\n<p><a title=\"Foto: Max Colin Heydenreich\" href=\"http:\/\/www.fuldaer-nachrichten.de\/wp-content\/uploads\/2011\/08\/110802_Buhl_033.jpg\" rel=\"lightbox[roadtrip]\" target=\"_blank\"><img decoding=\"async\" src=\"http:\/\/www.fuldaer-nachrichten.de\/wp-content\/uploads\/2011\/08\/110802_Buhl_033.thumbnail.jpg\" alt=\"110802_Buhl_033.jpg\" width=\"265\" \/><\/a> <a title=\"Foto: Max Colin Heydenreich\" href=\"http:\/\/www.fuldaer-nachrichten.de\/wp-content\/uploads\/2011\/08\/110802_Buhl_034.jpg\" rel=\"lightbox[roadtrip]\" target=\"_blank\"><img decoding=\"async\" src=\"http:\/\/www.fuldaer-nachrichten.de\/wp-content\/uploads\/2011\/08\/110802_Buhl_034.thumbnail.jpg\" alt=\"110802_Buhl_034.jpg\" width=\"265\" \/><\/a><\/p>\n<p><a title=\"Foto: Max Colin Heydenreich\" href=\"http:\/\/www.fuldaer-nachrichten.de\/wp-content\/uploads\/2011\/08\/110802_Buhl_035.jpg\" rel=\"lightbox[roadtrip]\" target=\"_blank\"><img decoding=\"async\" src=\"http:\/\/www.fuldaer-nachrichten.de\/wp-content\/uploads\/2011\/08\/110802_Buhl_035.thumbnail.jpg\" alt=\"110802_Buhl_035.jpg\" width=\"265\" \/><\/a> <a title=\"Foto: Max Colin Heydenreich\" href=\"http:\/\/www.fuldaer-nachrichten.de\/wp-content\/uploads\/2011\/08\/110802_Buhl_036.jpg\" rel=\"lightbox[roadtrip]\" target=\"_blank\"><img decoding=\"async\" src=\"http:\/\/www.fuldaer-nachrichten.de\/wp-content\/uploads\/2011\/08\/110802_Buhl_036.thumbnail.jpg\" alt=\"110802_Buhl_036.jpg\" width=\"265\" \/><\/a><\/p>\n<p><a title=\"Foto: Max Colin Heydenreich\" href=\"http:\/\/www.fuldaer-nachrichten.de\/wp-content\/uploads\/2011\/08\/110802_Buhl_037.jpg\" rel=\"lightbox[roadtrip]\" target=\"_blank\"><img decoding=\"async\" src=\"http:\/\/www.fuldaer-nachrichten.de\/wp-content\/uploads\/2011\/08\/110802_Buhl_037.thumbnail.jpg\" alt=\"110802_Buhl_037.jpg\" width=\"265\" \/><\/a> <a title=\"Foto: Max Colin Heydenreich\" href=\"http:\/\/www.fuldaer-nachrichten.de\/wp-content\/uploads\/2011\/08\/110802_Buhl_038.jpg\" rel=\"lightbox[roadtrip]\" target=\"_blank\"><img decoding=\"async\" src=\"http:\/\/www.fuldaer-nachrichten.de\/wp-content\/uploads\/2011\/08\/110802_Buhl_038.thumbnail.jpg\" alt=\"110802_Buhl_038.jpg\" width=\"265\" \/><\/a><\/p>\n<p><a title=\"Foto: Max Colin Heydenreich\" href=\"http:\/\/www.fuldaer-nachrichten.de\/wp-content\/uploads\/2011\/08\/110802_Buhl_039.jpg\" rel=\"lightbox[roadtrip]\" target=\"_blank\"><img decoding=\"async\" src=\"http:\/\/www.fuldaer-nachrichten.de\/wp-content\/uploads\/2011\/08\/110802_Buhl_039.thumbnail.jpg\" alt=\"110802_Buhl_039.jpg\" width=\"265\" \/><\/a> <a title=\"Foto: Max Colin Heydenreich\" href=\"http:\/\/www.fuldaer-nachrichten.de\/wp-content\/uploads\/2011\/08\/110802_Buhl_040.jpg\" rel=\"lightbox[roadtrip]\" target=\"_blank\"><img decoding=\"async\" src=\"http:\/\/www.fuldaer-nachrichten.de\/wp-content\/uploads\/2011\/08\/110802_Buhl_040.thumbnail.jpg\" alt=\"110802_Buhl_040.jpg\" width=\"265\" \/><\/a><\/p>\n<p><a title=\"Foto: Max Colin Heydenreich\" href=\"http:\/\/www.fuldaer-nachrichten.de\/wp-content\/uploads\/2011\/08\/110802_Buhl_041.jpg\" rel=\"lightbox[roadtrip]\" target=\"_blank\"><img decoding=\"async\" src=\"http:\/\/www.fuldaer-nachrichten.de\/wp-content\/uploads\/2011\/08\/110802_Buhl_041.thumbnail.jpg\" alt=\"110802_Buhl_041.jpg\" width=\"265\" \/><\/a> <a title=\"Foto: Max Colin Heydenreich\" href=\"http:\/\/www.fuldaer-nachrichten.de\/wp-content\/uploads\/2011\/08\/110802_Buhl_042.jpg\" rel=\"lightbox[roadtrip]\" target=\"_blank\"><img decoding=\"async\" src=\"http:\/\/www.fuldaer-nachrichten.de\/wp-content\/uploads\/2011\/08\/110802_Buhl_042.thumbnail.jpg\" alt=\"110802_Buhl_042.jpg\" width=\"265\" \/><\/a><\/p>\n<p><a title=\"Foto: Max Colin Heydenreich\" href=\"http:\/\/www.fuldaer-nachrichten.de\/wp-content\/uploads\/2011\/08\/110802_Buhl_043.jpg\" rel=\"lightbox[roadtrip]\" target=\"_blank\"><img decoding=\"async\" src=\"http:\/\/www.fuldaer-nachrichten.de\/wp-content\/uploads\/2011\/08\/110802_Buhl_043.thumbnail.jpg\" alt=\"110802_Buhl_043.jpg\" width=\"265\" \/><\/a> <a title=\"Foto: Max Colin Heydenreich\" href=\"http:\/\/www.fuldaer-nachrichten.de\/wp-content\/uploads\/2011\/08\/110802_Buhl_044.jpg\" rel=\"lightbox[roadtrip]\" target=\"_blank\"><img decoding=\"async\" src=\"http:\/\/www.fuldaer-nachrichten.de\/wp-content\/uploads\/2011\/08\/110802_Buhl_044.thumbnail.jpg\" alt=\"110802_Buhl_044.jpg\" width=\"265\" \/><\/a><\/p>\n<p><a title=\"Foto: Max Colin Heydenreich\" href=\"http:\/\/www.fuldaer-nachrichten.de\/wp-content\/uploads\/2011\/08\/110802_Buhl_045.jpg\" rel=\"lightbox[roadtrip]\" target=\"_blank\"><img decoding=\"async\" src=\"http:\/\/www.fuldaer-nachrichten.de\/wp-content\/uploads\/2011\/08\/110802_Buhl_045.thumbnail.jpg\" alt=\"110802_Buhl_045.jpg\" width=\"265\" \/><\/a> <a title=\"Foto: Max Colin Heydenreich\" href=\"http:\/\/www.fuldaer-nachrichten.de\/wp-content\/uploads\/2011\/08\/110802_Buhl_046.jpg\" rel=\"lightbox[roadtrip]\" target=\"_blank\"><img decoding=\"async\" src=\"http:\/\/www.fuldaer-nachrichten.de\/wp-content\/uploads\/2011\/08\/110802_Buhl_046.thumbnail.jpg\" alt=\"110802_Buhl_046.jpg\" width=\"265\" \/><\/a><\/p>\n<p><a title=\"Foto: Max Colin Heydenreich\" href=\"http:\/\/www.fuldaer-nachrichten.de\/wp-content\/uploads\/2011\/08\/110802_Buhl_047.jpg\" rel=\"lightbox[roadtrip]\" target=\"_blank\"><img decoding=\"async\" src=\"http:\/\/www.fuldaer-nachrichten.de\/wp-content\/uploads\/2011\/08\/110802_Buhl_047.thumbnail.jpg\" alt=\"110802_Buhl_047.jpg\" width=\"265\" \/><\/a> <a title=\"Foto: Max Colin Heydenreich\" href=\"http:\/\/www.fuldaer-nachrichten.de\/wp-content\/uploads\/2011\/08\/110802_Buhl_048.jpg\" rel=\"lightbox[roadtrip]\" target=\"_blank\"><img decoding=\"async\" src=\"http:\/\/www.fuldaer-nachrichten.de\/wp-content\/uploads\/2011\/08\/110802_Buhl_048.thumbnail.jpg\" alt=\"110802_Buhl_048.jpg\" width=\"265\" \/><\/a><\/p>\n<p><a title=\"Foto: Max Colin Heydenreich\" href=\"http:\/\/www.fuldaer-nachrichten.de\/wp-content\/uploads\/2011\/08\/110802_Buhl_049.jpg\" rel=\"lightbox[roadtrip]\" target=\"_blank\"><img decoding=\"async\" src=\"http:\/\/www.fuldaer-nachrichten.de\/wp-content\/uploads\/2011\/08\/110802_Buhl_049.thumbnail.jpg\" alt=\"110802_Buhl_049.jpg\" width=\"265\" \/><\/a> <a title=\"Foto: Max Colin Heydenreich\" href=\"http:\/\/www.fuldaer-nachrichten.de\/wp-content\/uploads\/2011\/08\/110802_Buhl_050.jpg\" rel=\"lightbox[roadtrip]\" target=\"_blank\"><img decoding=\"async\" src=\"http:\/\/www.fuldaer-nachrichten.de\/wp-content\/uploads\/2011\/08\/110802_Buhl_050.thumbnail.jpg\" alt=\"110802_Buhl_050.jpg\" width=\"265\" \/><\/a><\/p>\n<p><a title=\"Foto: Max Colin Heydenreich\" href=\"http:\/\/www.fuldaer-nachrichten.de\/wp-content\/uploads\/2011\/08\/110802_Buhl_051.jpg\" rel=\"lightbox[roadtrip]\" target=\"_blank\"><img decoding=\"async\" src=\"http:\/\/www.fuldaer-nachrichten.de\/wp-content\/uploads\/2011\/08\/110802_Buhl_051.thumbnail.jpg\" alt=\"110802_Buhl_051.jpg\" width=\"265\" \/><\/a> <a title=\"Foto: Max Colin Heydenreich\" href=\"http:\/\/www.fuldaer-nachrichten.de\/wp-content\/uploads\/2011\/08\/110802_Buhl_052.jpg\" rel=\"lightbox[roadtrip]\" target=\"_blank\"><img decoding=\"async\" src=\"http:\/\/www.fuldaer-nachrichten.de\/wp-content\/uploads\/2011\/08\/110802_Buhl_052.thumbnail.jpg\" alt=\"110802_Buhl_052.jpg\" width=\"265\" \/><\/a><\/p>\n<p><a title=\"Foto: Max Colin Heydenreich\" href=\"http:\/\/www.fuldaer-nachrichten.de\/wp-content\/uploads\/2011\/08\/110802_Buhl_053.jpg\" rel=\"lightbox[roadtrip]\" target=\"_blank\"><img decoding=\"async\" src=\"http:\/\/www.fuldaer-nachrichten.de\/wp-content\/uploads\/2011\/08\/110802_Buhl_053.thumbnail.jpg\" alt=\"110802_Buhl_053.jpg\" width=\"265\" \/><\/a> <a title=\"Foto: Max Colin Heydenreich\" href=\"http:\/\/www.fuldaer-nachrichten.de\/wp-content\/uploads\/2011\/08\/110802_Buhl_054.jpg\" rel=\"lightbox[roadtrip]\" target=\"_blank\"><img decoding=\"async\" src=\"http:\/\/www.fuldaer-nachrichten.de\/wp-content\/uploads\/2011\/08\/110802_Buhl_054.thumbnail.jpg\" alt=\"110802_Buhl_054.jpg\" width=\"265\" \/><\/a><\/p>\n<p><a title=\"Foto: Max Colin Heydenreich\" href=\"http:\/\/www.fuldaer-nachrichten.de\/wp-content\/uploads\/2011\/08\/110802_Buhl_055.jpg\" rel=\"lightbox[roadtrip]\" target=\"_blank\"><img decoding=\"async\" src=\"http:\/\/www.fuldaer-nachrichten.de\/wp-content\/uploads\/2011\/08\/110802_Buhl_055.thumbnail.jpg\" alt=\"110802_Buhl_055.jpg\" width=\"265\" \/><\/a> <a title=\"Foto: Max Colin Heydenreich\" href=\"http:\/\/www.fuldaer-nachrichten.de\/wp-content\/uploads\/2011\/08\/110802_Buhl_056.jpg\" rel=\"lightbox[roadtrip]\" target=\"_blank\"><img decoding=\"async\" src=\"http:\/\/www.fuldaer-nachrichten.de\/wp-content\/uploads\/2011\/08\/110802_Buhl_056.thumbnail.jpg\" alt=\"110802_Buhl_056.jpg\" width=\"265\" \/><\/a><\/p>\n<p><a title=\"Foto: Max Colin Heydenreich\" href=\"http:\/\/www.fuldaer-nachrichten.de\/wp-content\/uploads\/2011\/08\/110802_Buhl_057.jpg\" rel=\"lightbox[roadtrip]\" target=\"_blank\"><img decoding=\"async\" src=\"http:\/\/www.fuldaer-nachrichten.de\/wp-content\/uploads\/2011\/08\/110802_Buhl_057.thumbnail.jpg\" alt=\"110802_Buhl_057.jpg\" width=\"265\" \/><\/a> <a title=\"Foto: Max Colin Heydenreich\" href=\"http:\/\/www.fuldaer-nachrichten.de\/wp-content\/uploads\/2011\/08\/110802_Buhl_058.jpg\" rel=\"lightbox[roadtrip]\" target=\"_blank\"><img decoding=\"async\" src=\"http:\/\/www.fuldaer-nachrichten.de\/wp-content\/uploads\/2011\/08\/110802_Buhl_058.thumbnail.jpg\" alt=\"110802_Buhl_058.jpg\" width=\"265\" \/><\/a><\/p>\n<p><a title=\"Foto: Max Colin Heydenreich\" href=\"http:\/\/www.fuldaer-nachrichten.de\/wp-content\/uploads\/2011\/08\/110802_Buhl_059.jpg\" rel=\"lightbox[roadtrip]\" target=\"_blank\"><img decoding=\"async\" src=\"http:\/\/www.fuldaer-nachrichten.de\/wp-content\/uploads\/2011\/08\/110802_Buhl_059.thumbnail.jpg\" alt=\"110802_Buhl_059.jpg\" width=\"265\" \/><\/a> <a title=\"Foto: Max Colin Heydenreich\" href=\"http:\/\/www.fuldaer-nachrichten.de\/wp-content\/uploads\/2011\/08\/110802_Buhl_060.jpg\" rel=\"lightbox[roadtrip]\" target=\"_blank\"><img decoding=\"async\" src=\"http:\/\/www.fuldaer-nachrichten.de\/wp-content\/uploads\/2011\/08\/110802_Buhl_060.thumbnail.jpg\" alt=\"110802_Buhl_060.jpg\" width=\"265\" \/><\/a><\/p>\n<p><a title=\"Foto: Max Colin Heydenreich\" href=\"http:\/\/www.fuldaer-nachrichten.de\/wp-content\/uploads\/2011\/08\/110802_Buhl_061.jpg\" rel=\"lightbox[roadtrip]\" target=\"_blank\"><img decoding=\"async\" src=\"http:\/\/www.fuldaer-nachrichten.de\/wp-content\/uploads\/2011\/08\/110802_Buhl_061.thumbnail.jpg\" alt=\"110802_Buhl_061.jpg\" width=\"265\" \/><\/a> <a title=\"Foto: Max Colin Heydenreich\" href=\"http:\/\/www.fuldaer-nachrichten.de\/wp-content\/uploads\/2011\/08\/110802_Buhl_062.jpg\" rel=\"lightbox[roadtrip]\" target=\"_blank\"><img decoding=\"async\" src=\"http:\/\/www.fuldaer-nachrichten.de\/wp-content\/uploads\/2011\/08\/110802_Buhl_062.thumbnail.jpg\" alt=\"110802_Buhl_062.jpg\" width=\"265\" \/><\/a><\/p>\n<p><a title=\"Foto: Max Colin Heydenreich\" href=\"http:\/\/www.fuldaer-nachrichten.de\/wp-content\/uploads\/2011\/08\/110802_Buhl_063.jpg\" rel=\"lightbox[roadtrip]\" target=\"_blank\"><img decoding=\"async\" src=\"http:\/\/www.fuldaer-nachrichten.de\/wp-content\/uploads\/2011\/08\/110802_Buhl_063.thumbnail.jpg\" alt=\"110802_Buhl_063.jpg\" width=\"265\" \/><\/a> <a title=\"Foto: Max Colin Heydenreich\" href=\"http:\/\/www.fuldaer-nachrichten.de\/wp-content\/uploads\/2011\/08\/110802_Buhl_064.jpg\" rel=\"lightbox[roadtrip]\" target=\"_blank\"><img decoding=\"async\" src=\"http:\/\/www.fuldaer-nachrichten.de\/wp-content\/uploads\/2011\/08\/110802_Buhl_064.thumbnail.jpg\" alt=\"110802_Buhl_064.jpg\" width=\"265\" \/><\/a><\/p>\n<p><a title=\"Foto: Max Colin Heydenreich\" href=\"http:\/\/www.fuldaer-nachrichten.de\/wp-content\/uploads\/2011\/08\/110802_Buhl_065.jpg\" rel=\"lightbox[roadtrip]\" target=\"_blank\"><img decoding=\"async\" src=\"http:\/\/www.fuldaer-nachrichten.de\/wp-content\/uploads\/2011\/08\/110802_Buhl_065.thumbnail.jpg\" alt=\"110802_Buhl_065.jpg\" width=\"265\" \/><\/a> <a title=\"Foto: Max Colin Heydenreich\" href=\"http:\/\/www.fuldaer-nachrichten.de\/wp-content\/uploads\/2011\/08\/110802_Buhl_066.jpg\" rel=\"lightbox[roadtrip]\" target=\"_blank\"><img decoding=\"async\" src=\"http:\/\/www.fuldaer-nachrichten.de\/wp-content\/uploads\/2011\/08\/110802_Buhl_066.thumbnail.jpg\" alt=\"110802_Buhl_066.jpg\" width=\"265\" \/><\/a><\/p>\n<p><a title=\"Foto: Max Colin Heydenreich\" href=\"http:\/\/www.fuldaer-nachrichten.de\/wp-content\/uploads\/2011\/08\/110802_Buhl_067.jpg\" rel=\"lightbox[roadtrip]\" target=\"_blank\"><img decoding=\"async\" src=\"http:\/\/www.fuldaer-nachrichten.de\/wp-content\/uploads\/2011\/08\/110802_Buhl_067.thumbnail.jpg\" alt=\"110802_Buhl_067.jpg\" width=\"265\" \/><\/a> <a title=\"Foto: Max Colin Heydenreich\" href=\"http:\/\/www.fuldaer-nachrichten.de\/wp-content\/uploads\/2011\/08\/110802_Buhl_068.jpg\" rel=\"lightbox[roadtrip]\" target=\"_blank\"><img decoding=\"async\" src=\"http:\/\/www.fuldaer-nachrichten.de\/wp-content\/uploads\/2011\/08\/110802_Buhl_068.thumbnail.jpg\" alt=\"110802_Buhl_068.jpg\" width=\"265\" \/><\/a><\/p>\n<p><a title=\"Foto: Max Colin Heydenreich\" href=\"http:\/\/www.fuldaer-nachrichten.de\/wp-content\/uploads\/2011\/08\/110802_Buhl_069.jpg\" rel=\"lightbox[roadtrip]\" target=\"_blank\"><img decoding=\"async\" src=\"http:\/\/www.fuldaer-nachrichten.de\/wp-content\/uploads\/2011\/08\/110802_Buhl_069.thumbnail.jpg\" alt=\"110802_Buhl_069.jpg\" width=\"265\" \/><\/a> <a title=\"Foto: Max Colin Heydenreich\" href=\"http:\/\/www.fuldaer-nachrichten.de\/wp-content\/uploads\/2011\/08\/110802_Buhl_070.jpg\" rel=\"lightbox[roadtrip]\" target=\"_blank\"><img decoding=\"async\" src=\"http:\/\/www.fuldaer-nachrichten.de\/wp-content\/uploads\/2011\/08\/110802_Buhl_070.thumbnail.jpg\" alt=\"110802_Buhl_070.jpg\" width=\"265\" \/><\/a><\/p>\n<p><a title=\"Foto: Max Colin Heydenreich\" href=\"http:\/\/www.fuldaer-nachrichten.de\/wp-content\/uploads\/2011\/08\/110802_Buhl_071.jpg\" rel=\"lightbox[roadtrip]\" target=\"_blank\"><img decoding=\"async\" src=\"http:\/\/www.fuldaer-nachrichten.de\/wp-content\/uploads\/2011\/08\/110802_Buhl_071.thumbnail.jpg\" alt=\"110802_Buhl_071.jpg\" width=\"265\" \/><\/a> <a title=\"Foto: Max Colin Heydenreich\" href=\"http:\/\/www.fuldaer-nachrichten.de\/wp-content\/uploads\/2011\/08\/110802_Buhl_072.jpg\" rel=\"lightbox[roadtrip]\" target=\"_blank\"><img decoding=\"async\" src=\"http:\/\/www.fuldaer-nachrichten.de\/wp-content\/uploads\/2011\/08\/110802_Buhl_072.thumbnail.jpg\" alt=\"110802_Buhl_072.jpg\" width=\"265\" \/><\/a><\/p>\n<p><a title=\"Foto: Max Colin Heydenreich\" href=\"http:\/\/www.fuldaer-nachrichten.de\/wp-content\/uploads\/2011\/08\/110802_Buhl_073.jpg\" rel=\"lightbox[roadtrip]\" target=\"_blank\"><img decoding=\"async\" src=\"http:\/\/www.fuldaer-nachrichten.de\/wp-content\/uploads\/2011\/08\/110802_Buhl_073.thumbnail.jpg\" alt=\"110802_Buhl_073.jpg\" width=\"265\" \/><\/a> <a title=\"Foto: Max Colin Heydenreich\" href=\"http:\/\/www.fuldaer-nachrichten.de\/wp-content\/uploads\/2011\/08\/110802_Buhl_074.jpg\" rel=\"lightbox[roadtrip]\" target=\"_blank\"><img decoding=\"async\" src=\"http:\/\/www.fuldaer-nachrichten.de\/wp-content\/uploads\/2011\/08\/110802_Buhl_074.thumbnail.jpg\" alt=\"110802_Buhl_074.jpg\" width=\"265\" \/><\/a><\/p>\n<p><a title=\"Foto: Max Colin Heydenreich\" href=\"http:\/\/www.fuldaer-nachrichten.de\/wp-content\/uploads\/2011\/08\/110802_Buhl_075.jpg\" rel=\"lightbox[roadtrip]\" target=\"_blank\"><img decoding=\"async\" src=\"http:\/\/www.fuldaer-nachrichten.de\/wp-content\/uploads\/2011\/08\/110802_Buhl_075.thumbnail.jpg\" alt=\"110802_Buhl_075.jpg\" width=\"265\" \/><\/a> <a title=\"Foto: Max Colin Heydenreich\" href=\"http:\/\/www.fuldaer-nachrichten.de\/wp-content\/uploads\/2011\/08\/110802_Buhl_076.jpg\" rel=\"lightbox[roadtrip]\" target=\"_blank\"><img decoding=\"async\" src=\"http:\/\/www.fuldaer-nachrichten.de\/wp-content\/uploads\/2011\/08\/110802_Buhl_076.thumbnail.jpg\" alt=\"110802_Buhl_076.jpg\" width=\"265\" \/><\/a><\/p>\n<p><a title=\"Foto: Max Colin Heydenreich\" href=\"http:\/\/www.fuldaer-nachrichten.de\/wp-content\/uploads\/2011\/08\/110802_Buhl_077.jpg\" rel=\"lightbox[roadtrip]\" target=\"_blank\"><img decoding=\"async\" src=\"http:\/\/www.fuldaer-nachrichten.de\/wp-content\/uploads\/2011\/08\/110802_Buhl_077.thumbnail.jpg\" alt=\"110802_Buhl_077.jpg\" width=\"265\" \/><\/a> <a title=\"Foto: Max Colin Heydenreich\" href=\"http:\/\/www.fuldaer-nachrichten.de\/wp-content\/uploads\/2011\/08\/110802_Buhl_078.jpg\" rel=\"lightbox[roadtrip]\" target=\"_blank\"><img decoding=\"async\" src=\"http:\/\/www.fuldaer-nachrichten.de\/wp-content\/uploads\/2011\/08\/110802_Buhl_078.thumbnail.jpg\" alt=\"110802_Buhl_078.jpg\" width=\"265\" \/><\/a><\/p>\n","protected":false},"excerpt":{"rendered":"<div class=\"tmnf_excerpt\"><p>Fulda. \u201eEin tolles Aush\u00e4ngeschild\u201c, \u201e ein attraktiver Anziehungspunkt\u201c, \u201eein Frequenzbringer f\u00fcr die gesamte Region\u201c \u2013 bei der exklusiven M\u00f6bel-Buhl-Preview mit rund 500 geladenen G\u00e4sten fanden Vertreter aus Politik und Wirtschaft am gestrigen Abend ausschlie\u00dflich lobende Worte f\u00fcr das Mammut-Projekt der Familie Buhl. Die hat in den letzten 17 Monaten rund 25 Millionen Euro in den &hellip;<\/p>\n<\/div>","protected":false},"author":1,"featured_media":0,"comment_status":"closed","ping_status":"closed","sticky":false,"template":"","format":"standard","meta":{"footnotes":""},"categories":[1,54,29,78],"tags":[],"class_list":["post-88746","post","type-post","status-publish","format-standard","hentry","category-startseite","category-bildergalerien","category-politik","category-topthema"],"_links":{"self":[{"href":"https:\/\/www.fuldaernachrichten.de\/index.php?rest_route=\/wp\/v2\/posts\/88746","targetHints":{"allow":["GET"]}}],"collection":[{"href":"https:\/\/www.fuldaernachrichten.de\/index.php?rest_route=\/wp\/v2\/posts"}],"about":[{"href":"https:\/\/www.fuldaernachrichten.de\/index.php?rest_route=\/wp\/v2\/types\/post"}],"author":[{"embeddable":true,"href":"https:\/\/www.fuldaernachrichten.de\/index.php?rest_route=\/wp\/v2\/users\/1"}],"replies":[{"embeddable":true,"href":"https:\/\/www.fuldaernachrichten.de\/index.php?rest_route=%2Fwp%2Fv2%2Fcomments&post=88746"}],"version-history":[{"count":1,"href":"https:\/\/www.fuldaernachrichten.de\/index.php?rest_route=\/wp\/v2\/posts\/88746\/revisions"}],"predecessor-version":[{"id":88747,"href":"https:\/\/www.fuldaernachrichten.de\/index.php?rest_route=\/wp\/v2\/posts\/88746\/revisions\/88747"}],"wp:attachment":[{"href":"https:\/\/www.fuldaernachrichten.de\/index.php?rest_route=%2Fwp%2Fv2%2Fmedia&parent=88746"}],"wp:term":[{"taxonomy":"category","embeddable":true,"href":"https:\/\/www.fuldaernachrichten.de\/index.php?rest_route=%2Fwp%2Fv2%2Fcategories&post=88746"},{"taxonomy":"post_tag","embeddable":true,"href":"https:\/\/www.fuldaernachrichten.de\/index.php?rest_route=%2Fwp%2Fv2%2Ftags&post=88746"}],"curies":[{"name":"wp","href":"https:\/\/api.w.org\/{rel}","templated":true}]}}