{"id":8873,"date":"2008-04-21T00:20:02","date_gmt":"2008-04-20T22:20:02","guid":{"rendered":"http:\/\/www.schoene-nachrichten.de\/?p=8873"},"modified":"2008-04-20T23:21:02","modified_gmt":"2008-04-20T21:21:02","slug":"2-hammelburger-weinmesse-im-fuldaer-kaisersaal","status":"publish","type":"post","link":"https:\/\/www.fuldaernachrichten.de\/?p=8873","title":{"rendered":"2. Hammelburger Weinmesse im Fuldaer Kaisersaal"},"content":{"rendered":"<p><a rel=\"lightbox[roadtrip]\" href=\"http:\/\/www.schoene-nachrichten.de\/wp-content\/uploads\/2008\/04\/hammelburger_wein.jpg\" target=\"_blank\"><img decoding=\"async\" class=\"alignleft size-thumbnail wp-image-8875\" title=\"hammelburger_wein\" src=\"http:\/\/www.schoene-nachrichten.de\/wp-content\/uploads\/2008\/04\/hammelburger_wein-128x85.jpg\" alt=\"\" hspace=\"5\" width=\"128\" height=\"85\" align=\"left\" \/><\/a><strong>Fulda.<\/strong> Die Weine der \u00e4ltesten fr\u00e4nkischen Weinstadt Hammelburg kennt man in der Barockstadt Fulda schon seit vielen Jahrhunderten, denn auch die Fuldaer F\u00fcrst\u00e4bte wussten sie einst zu sch\u00e4tzen. Diese historisch gewachsene Verbindung zwischen den St\u00e4dten wieder aufleben zu lassen, ist das Anliegen des Weinbauverein Hammelburg, der nun zum zweiten Mal zusammen mit der Stadt Fulda die Hammelburger Weinmesse  im Kaisersaal des Fuldaer Stadtschlosses veranstaltet.<!--more--><\/p>\n<p>Die Idee dazu hatten im Jahre 2007 der Fuldaer Oberb\u00fcrgermeister Gerhard M\u00f6ller und der 1. B\u00fcrgermeister der Stadt Hammelburg, Ernst Stross. Die Winzerbetriebe aus Hammelburg stellen dem interessierten Fach- und Laienpublikum auch in diesem Jahr wieder eine repr\u00e4sentative Auswahl von \u00fcber 40 Weinen, Sektsorten und Perlweinen vor. Dabei reicht das Sortenspektrum von den \u201efr\u00e4nkischen Klassikern\u201c wie Silvaner und M\u00fcller-Thurgau \u00fcber verschiedene Burgundersorten bis hin zu neueren Z\u00fcchtungen wie der Rotweinsorte Regent.<\/p>\n<p>Besonderer Ehrengast der 2. Hammelburger Weinmesse ist die frisch gek\u00fcrte Fr\u00e4nkische Weink\u00f6nigin 2008, Marlies Dumbsky, die die Schau der Winzer und Vollerwerbsbetriebe am Samstag, den 26. April, um 14.00 offiziell er\u00f6ffnen wird.<\/p>\n<p>Das kulinarische Rahmenprogramm gestaltet in diesem Jahr das Jagdschloss Fasanerie aus der Th\u00fcringischen Rh\u00f6n mit selbst gemachten Fingerfood-Delikatessen aus der Rh\u00f6ner Naturk\u00fcche wie u.a. B\u00e4rlauchr\u00f6llchen, Wraps, K\u00e4sewindbeutel und Forellencrostinis.<\/p>\n<p>Der Kaisersaal im Stadtschloss Fulda ist Samstag den 26. April von 11.00 bis 18.00 und Sonntag, den 27. April von 11.00 bis 18.00 Uhr ge\u00f6ffnet. Eine Reservierung ist nicht n\u00f6tig. Eintritt ist frei. Weitere Infos \u00fcber Hammelburger Weine gibt es unter: <a href=\"http:\/\/www.hammelburger-wein.de\" target=\"_blank\">www.hammelburger-wein.de<\/a>,<\/p>\n","protected":false},"excerpt":{"rendered":"<div class=\"tmnf_excerpt\"><p>Fulda. Die Weine der \u00e4ltesten fr\u00e4nkischen Weinstadt Hammelburg kennt man in der Barockstadt Fulda schon seit vielen Jahrhunderten, denn auch die Fuldaer F\u00fcrst\u00e4bte wussten sie einst zu sch\u00e4tzen. Diese historisch gewachsene Verbindung zwischen den St\u00e4dten wieder aufleben zu lassen, ist das Anliegen des Weinbauverein Hammelburg, der nun zum zweiten Mal zusammen mit der Stadt Fulda &hellip;<\/p>\n<\/div>","protected":false},"author":1,"featured_media":0,"comment_status":"closed","ping_status":"closed","sticky":false,"template":"","format":"standard","meta":{"footnotes":""},"categories":[1,37,44],"tags":[],"class_list":["post-8873","post","type-post","status-publish","format-standard","hentry","category-startseite","category-essen-und-trinken","category-kultur"],"_links":{"self":[{"href":"https:\/\/www.fuldaernachrichten.de\/index.php?rest_route=\/wp\/v2\/posts\/8873","targetHints":{"allow":["GET"]}}],"collection":[{"href":"https:\/\/www.fuldaernachrichten.de\/index.php?rest_route=\/wp\/v2\/posts"}],"about":[{"href":"https:\/\/www.fuldaernachrichten.de\/index.php?rest_route=\/wp\/v2\/types\/post"}],"author":[{"embeddable":true,"href":"https:\/\/www.fuldaernachrichten.de\/index.php?rest_route=\/wp\/v2\/users\/1"}],"replies":[{"embeddable":true,"href":"https:\/\/www.fuldaernachrichten.de\/index.php?rest_route=%2Fwp%2Fv2%2Fcomments&post=8873"}],"version-history":[{"count":0,"href":"https:\/\/www.fuldaernachrichten.de\/index.php?rest_route=\/wp\/v2\/posts\/8873\/revisions"}],"wp:attachment":[{"href":"https:\/\/www.fuldaernachrichten.de\/index.php?rest_route=%2Fwp%2Fv2%2Fmedia&parent=8873"}],"wp:term":[{"taxonomy":"category","embeddable":true,"href":"https:\/\/www.fuldaernachrichten.de\/index.php?rest_route=%2Fwp%2Fv2%2Fcategories&post=8873"},{"taxonomy":"post_tag","embeddable":true,"href":"https:\/\/www.fuldaernachrichten.de\/index.php?rest_route=%2Fwp%2Fv2%2Ftags&post=8873"}],"curies":[{"name":"wp","href":"https:\/\/api.w.org\/{rel}","templated":true}]}}