{"id":88708,"date":"2011-08-02T01:18:24","date_gmt":"2011-08-02T01:18:24","guid":{"rendered":"http:\/\/www.fuldaer-nachrichten.de\/?p=88708"},"modified":"2011-08-02T06:43:36","modified_gmt":"2011-08-02T06:43:36","slug":"4-alpintriathlon-des-dav-fulda","status":"publish","type":"post","link":"https:\/\/www.fuldaernachrichten.de\/?p=88708","title":{"rendered":"Leidensf\u00e4higkeit und Begeisterung beim 4. Alpintriathlon des DAV Fulda"},"content":{"rendered":"<p><strong><a href=\"http:\/\/www.fuldaer-nachrichten.de\/wp-content\/uploads\/2011\/08\/110801_Alpintriathlon_1611.jpg\"><img decoding=\"async\" class=\"alignleft size-thumbnail wp-image-88709\" title=\"110801_Alpintriathlon_161\" src=\"http:\/\/www.fuldaer-nachrichten.de\/wp-content\/uploads\/2011\/08\/110801_Alpintriathlon_1611.jpg\" alt=\"\" width=\"560\" srcset=\"https:\/\/www.fuldaernachrichten.de\/wp-content\/uploads\/2011\/08\/110801_Alpintriathlon_1611.jpg 592w, https:\/\/www.fuldaernachrichten.de\/wp-content\/uploads\/2011\/08\/110801_Alpintriathlon_1611-265x175.jpg 265w\" sizes=\"(max-width: 592px) 100vw, 592px\" \/><\/a>Rh\u00f6n. <\/strong>Trotz Regenwetters kamen \u00fcber 60 Sportler und zahlreiche Zuschauer am vergangenen Samstag zur 4. Auflage des Rh\u00f6ner Alpintriathlons. Dabei stand die Ausf\u00fchrung des Wettkampfes bis kurz vor Beginn noch auf der Kippe, hatte doch der p\u00fcnktlich zum Wettkampfbeginn einsetzende Regen die zun\u00e4chst vorgesehenen Klettertouren an der Gro\u00dfen Steinwand unm\u00f6glich gemacht. Deshalb wurden spontan\u00c2\u00a0 die \u00fcberh\u00e4ngenden und dadurch vor direktem Regen gesch\u00fctzten W\u00e4nde der Hinteren Steinwand als Ausweichziel gew\u00e4hlt. Dort galt es bestens gesichert vier aufeinanderfolgende Klettertouren vom Schwierigkeitsgrad 4+ bis 6+ in jeweils 2 Minuten zu meistern, was freilich nicht jeder Teilnehmer schaffen konnte. F\u00fcr die bew\u00e4ltigte Kletterstrecke bekamen die Sportler einen entsprechenden Zeitvorsprung f\u00fcr die zweite Disziplin, das Mountainbike fahren.<!--more--><\/p>\n<p><a title=\"Foto: Marzena Traber\" href=\"http:\/\/www.fuldaer-nachrichten.de\/wp-content\/uploads\/2011\/08\/110801_Alpintriathlon_054.jpg\" rel=\"lightbox[roadtrip]\" target=\"_blank\"><img decoding=\"async\" src=\"http:\/\/www.fuldaer-nachrichten.de\/wp-content\/uploads\/2011\/08\/110801_Alpintriathlon_054.thumbnail.jpg\" alt=\"110801_Alpintriathlon_054.jpg\" width=\"265\" \/><\/a> <a title=\"Foto: Marzena Traber\" href=\"http:\/\/www.fuldaer-nachrichten.de\/wp-content\/uploads\/2011\/08\/110801_Alpintriathlon_055.jpg\" rel=\"lightbox[roadtrip]\" target=\"_blank\"><img decoding=\"async\" src=\"http:\/\/www.fuldaer-nachrichten.de\/wp-content\/uploads\/2011\/08\/110801_Alpintriathlon_055.thumbnail.jpg\" alt=\"110801_Alpintriathlon_055.jpg\" width=\"265\" \/><\/a><\/p>\n<p>Auf die mit 16km und 620Hm bei feuchtem Untergrund konditionell und fahrerisch \u00e4u\u00dferst anspruchsvolle Radstrecke gingen die besten Kletterer zuerst, im jeweiligen Minutenabstand gefolgt von den anderen Teilnehmern. Auf der Enzianh\u00fctte wurde ohne Pause auf die Laufstrecke (5km, 150Hm) gewechselt, die \u00fcber Abtsroda, Sieblos und das Grabenh\u00f6fchen wieder zur\u00fcck zur Enzianh\u00fctte f\u00fchrte. Der extrem steile Dr. Bl\u00fcmel Weg kurz vor der Enzianh\u00fctte forderte den Teilnehmern die letzten Reserven ab.<\/p>\n<p><a title=\"Foto: Marzena Traber\" href=\"http:\/\/www.fuldaer-nachrichten.de\/wp-content\/uploads\/2011\/08\/110801_Alpintriathlon_017.jpg\" rel=\"lightbox[roadtrip]\" target=\"_blank\"><img decoding=\"async\" src=\"http:\/\/www.fuldaer-nachrichten.de\/wp-content\/uploads\/2011\/08\/110801_Alpintriathlon_017.thumbnail.jpg\" alt=\"110801_Alpintriathlon_017.jpg\" width=\"265\" \/><\/a> <a title=\"Foto: Marzena Traber\" href=\"http:\/\/www.fuldaer-nachrichten.de\/wp-content\/uploads\/2011\/08\/110801_Alpintriathlon_024.jpg\" rel=\"lightbox[roadtrip]\" target=\"_blank\"><img decoding=\"async\" src=\"http:\/\/www.fuldaer-nachrichten.de\/wp-content\/uploads\/2011\/08\/110801_Alpintriathlon_024.thumbnail.jpg\" alt=\"110801_Alpintriathlon_024.jpg\" width=\"265\" \/><\/a><\/p>\n<p>Als erster \u00fcberquerte Andreas Grau aus Bad Kissingen die Ziellinie und gewann den einzigartigen aus Basaltgestein gefertigten Siegerpokal. Er zeigte nicht nur auf der Rad- und Laufstrecke Topleistungen, sondern war auch einer von drei Teilnehmern, die alle Klettertouren komplett geschafft haben. Kurz danach kam Thomas Pilzer (W\u00fcrzburg) ins Ziel, knapp gefolgt von Marian Balting (Abtsroda), der mit 49:30 die schnellste Radzeit der Einzelstarter erreichte.<\/p>\n<p><a title=\"Foto: Marzena Traber\" href=\"http:\/\/www.fuldaer-nachrichten.de\/wp-content\/uploads\/2011\/08\/110801_Alpintriathlon_099.jpg\" rel=\"lightbox[roadtrip]\" target=\"_blank\"><img decoding=\"async\" src=\"http:\/\/www.fuldaer-nachrichten.de\/wp-content\/uploads\/2011\/08\/110801_Alpintriathlon_099.thumbnail.jpg\" alt=\"110801_Alpintriathlon_099.jpg\" width=\"265\" \/><\/a> <a title=\"Foto: Marzena Traber\" href=\"http:\/\/www.fuldaer-nachrichten.de\/wp-content\/uploads\/2011\/08\/110801_Alpintriathlon_100.jpg\" rel=\"lightbox[roadtrip]\" target=\"_blank\"><img decoding=\"async\" src=\"http:\/\/www.fuldaer-nachrichten.de\/wp-content\/uploads\/2011\/08\/110801_Alpintriathlon_100.thumbnail.jpg\" alt=\"110801_Alpintriathlon_100.jpg\" width=\"265\" \/><\/a><\/p>\n<p>Als erste Frau kam Katrin Weth (Bad Kissingen) ins Ziel. Sie konnte ihren gro\u00dfen Vorsprung aus dem Klettern (18 von 20 m\u00f6glichen Minuten) knapp ins Ziel retten, denn die Zweitplatzierte Jutta Weigel (Poppenhausen) hatte durch eine starke Rad- und Laufleistung ihren R\u00fcckstand von 9 Minuten fast wieder wett gemacht. Dritte wurde Alexandra Plunien (Fulda). Auch der Siegerpokal des Teamwettbewerbs, bei dem sich drei Sportler die Disziplinen teilen, ging ins benachbarte Franken. Die Bad Kissinger Pascal Reiss, Benedikt Hergenhan (Radbestzeit 47:52) und Martin Grau (Laufbestzeit 19:40) kamen vor Nathanael Seuring, Thorsten Noll und Sebastian Gross ins Ziel, gefolgt von Thomas Majunke, Thomas Kirsch und Yannic Knacker.<\/p>\n<p><a title=\"Foto: Marzena Traber\" href=\"http:\/\/www.fuldaer-nachrichten.de\/wp-content\/uploads\/2011\/08\/110801_Alpintriathlon_111.jpg\" rel=\"lightbox[roadtrip]\" target=\"_blank\"><img decoding=\"async\" src=\"http:\/\/www.fuldaer-nachrichten.de\/wp-content\/uploads\/2011\/08\/110801_Alpintriathlon_111.thumbnail.jpg\" alt=\"110801_Alpintriathlon_111.jpg\" width=\"265\" \/><\/a> <a title=\"Foto: Marzena Traber\" href=\"http:\/\/www.fuldaer-nachrichten.de\/wp-content\/uploads\/2011\/08\/110801_Alpintriathlon_112.jpg\" rel=\"lightbox[roadtrip]\" target=\"_blank\"><img decoding=\"async\" src=\"http:\/\/www.fuldaer-nachrichten.de\/wp-content\/uploads\/2011\/08\/110801_Alpintriathlon_112.thumbnail.jpg\" alt=\"110801_Alpintriathlon_112.jpg\" width=\"265\" \/><\/a><\/p>\n<p>In seinem Gru\u00dfwort zeigte sich Frank Unger als Vertreter der Gemeinde Poppenhausen beeindruckt von der Leidensf\u00e4higkeit so mancher Teilnehmer, die bei den widrigen Bedingungen mit Begeisterung die sportliche Herausforderung bew\u00e4ltigten. Der 1. Vorsitzende des Fuldaer Alpenvereins, Norbert Weber, zeigte sich erfreut \u00fcber die Begeisterung der Teilnehmer und dankte besonders dem kompetenten Helferteam um Organisator Uli Detig f\u00fcr die reibungslose Durchf\u00fchrung dieses au\u00dfergew\u00f6hnlichen Wettkampfes.<\/p>\n<p><a title=\"Foto: Marzena Traber\" href=\"http:\/\/www.fuldaer-nachrichten.de\/wp-content\/uploads\/2011\/08\/110801_Alpintriathlon_149.jpg\" rel=\"lightbox[roadtrip]\" target=\"_blank\"><img decoding=\"async\" src=\"http:\/\/www.fuldaer-nachrichten.de\/wp-content\/uploads\/2011\/08\/110801_Alpintriathlon_149.thumbnail.jpg\" alt=\"110801_Alpintriathlon_149.jpg\" width=\"265\" \/><\/a> <a title=\"Foto: Marzena Traber\" href=\"http:\/\/www.fuldaer-nachrichten.de\/wp-content\/uploads\/2011\/08\/110801_Alpintriathlon_158.jpg\" rel=\"lightbox[roadtrip]\" target=\"_blank\"><img decoding=\"async\" src=\"http:\/\/www.fuldaer-nachrichten.de\/wp-content\/uploads\/2011\/08\/110801_Alpintriathlon_158.thumbnail.jpg\" alt=\"110801_Alpintriathlon_158.jpg\" width=\"265\" \/><\/a><\/p>\n<p>Neben dem Dank an seine Helfer erw\u00e4hnte der Organisationschef Uli Detig auch das gro\u00dfe Engagement der Sponsoren. So bekamen alle Teilnehmer und Helfer ein Funktionsshirt vom Bergsteigerausr\u00fcster \u201eAuf und davon\u201c. Die Siegerpokale wurden von der \u201eFahrradwelt Seng\u201c gestiftet. Die \u201eGleitschirmschule Papillon\u201c stellte einen Snowkitekurs zur Verf\u00fcgung. Die besten Teams wurden von den Gastst\u00e4tten \u201eHotel Rh\u00f6n Garden\u201c, \u201ePeterchens Mondfahrt\u201c, \u201eH\u00e4hnchen Paula\u201c und \u201eEnzianh\u00fctte\u201c zum Essen eingeladen. Die \u201eSchlitzer Destillerie\u201c spendierte f\u00fcr Sieger und Platzierte Br\u00e4nde und Lik\u00f6re. Zur St\u00e4rkung der Sportler gab es Riegel und Obst von der Firma \u201eTegut\u201c.<\/p>\n<p>Aktuelle Informationen auch unter <a href=\"http:\/\/www.dav-fulda.de\" target=\"_blank\">www.dav-fulda.de<\/a><\/p>\n<p><strong><\/strong><strong>Fotos (164):<\/strong> Marzena Traber<\/p>\n<p><a title=\"Foto: Marzena Traber\" href=\"http:\/\/www.fuldaer-nachrichten.de\/wp-content\/uploads\/2011\/08\/110801_Alpintriathlon_001.jpg\" rel=\"lightbox[roadtrip]\" target=\"_blank\"><img decoding=\"async\" src=\"http:\/\/www.fuldaer-nachrichten.de\/wp-content\/uploads\/2011\/08\/110801_Alpintriathlon_001.thumbnail.jpg\" alt=\"110801_Alpintriathlon_001.jpg\" width=\"265\" \/><\/a> <a title=\"Foto: Marzena Traber\" href=\"http:\/\/www.fuldaer-nachrichten.de\/wp-content\/uploads\/2011\/08\/110801_Alpintriathlon_002.jpg\" rel=\"lightbox[roadtrip]\" target=\"_blank\"><img decoding=\"async\" src=\"http:\/\/www.fuldaer-nachrichten.de\/wp-content\/uploads\/2011\/08\/110801_Alpintriathlon_002.thumbnail.jpg\" alt=\"110801_Alpintriathlon_002.jpg\" width=\"265\" \/><\/a><\/p>\n<p><a title=\"Foto: Marzena Traber\" href=\"http:\/\/www.fuldaer-nachrichten.de\/wp-content\/uploads\/2011\/08\/110801_Alpintriathlon_016.jpg\" rel=\"lightbox[roadtrip]\" target=\"_blank\"><img decoding=\"async\" src=\"http:\/\/www.fuldaer-nachrichten.de\/wp-content\/uploads\/2011\/08\/110801_Alpintriathlon_016.thumbnail.jpg\" alt=\"110801_Alpintriathlon_016.jpg\" width=\"265\" \/><\/a> <a title=\"Foto: Marzena Traber\" href=\"http:\/\/www.fuldaer-nachrichten.de\/wp-content\/uploads\/2011\/08\/110801_Alpintriathlon_018.jpg\" rel=\"lightbox[roadtrip]\" target=\"_blank\"><img decoding=\"async\" src=\"http:\/\/www.fuldaer-nachrichten.de\/wp-content\/uploads\/2011\/08\/110801_Alpintriathlon_018.thumbnail.jpg\" alt=\"110801_Alpintriathlon_018.jpg\" width=\"265\" \/><\/a><\/p>\n<p><a title=\"Foto: Marzena Traber\" href=\"http:\/\/www.fuldaer-nachrichten.de\/wp-content\/uploads\/2011\/08\/110801_Alpintriathlon_007.jpg\" rel=\"lightbox[roadtrip]\" target=\"_blank\"><img decoding=\"async\" src=\"http:\/\/www.fuldaer-nachrichten.de\/wp-content\/uploads\/2011\/08\/110801_Alpintriathlon_007.thumbnail.jpg\" alt=\"110801_Alpintriathlon_007.jpg\" width=\"265\" \/><\/a> <a title=\"Foto: Marzena Traber\" href=\"http:\/\/www.fuldaer-nachrichten.de\/wp-content\/uploads\/2011\/08\/110801_Alpintriathlon_023.jpg\" rel=\"lightbox[roadtrip]\" target=\"_blank\"><img decoding=\"async\" src=\"http:\/\/www.fuldaer-nachrichten.de\/wp-content\/uploads\/2011\/08\/110801_Alpintriathlon_023.thumbnail.jpg\" alt=\"110801_Alpintriathlon_023.jpg\" width=\"265\" \/><\/a><\/p>\n<p><a title=\"Foto: Marzena Traber\" href=\"http:\/\/www.fuldaer-nachrichten.de\/wp-content\/uploads\/2011\/08\/110801_Alpintriathlon_003.jpg\" rel=\"lightbox[roadtrip]\" target=\"_blank\"><img decoding=\"async\" src=\"http:\/\/www.fuldaer-nachrichten.de\/wp-content\/uploads\/2011\/08\/110801_Alpintriathlon_003.thumbnail.jpg\" alt=\"110801_Alpintriathlon_003.jpg\" width=\"265\" \/><\/a> <a title=\"Foto: Marzena Traber\" href=\"http:\/\/www.fuldaer-nachrichten.de\/wp-content\/uploads\/2011\/08\/110801_Alpintriathlon_004.jpg\" rel=\"lightbox[roadtrip]\" target=\"_blank\"><img decoding=\"async\" src=\"http:\/\/www.fuldaer-nachrichten.de\/wp-content\/uploads\/2011\/08\/110801_Alpintriathlon_004.thumbnail.jpg\" alt=\"110801_Alpintriathlon_004.jpg\" width=\"265\" \/><\/a><\/p>\n<p><a title=\"Foto: Marzena Traber\" href=\"http:\/\/www.fuldaer-nachrichten.de\/wp-content\/uploads\/2011\/08\/110801_Alpintriathlon_005.jpg\" rel=\"lightbox[roadtrip]\" target=\"_blank\"><img decoding=\"async\" src=\"http:\/\/www.fuldaer-nachrichten.de\/wp-content\/uploads\/2011\/08\/110801_Alpintriathlon_005.thumbnail.jpg\" alt=\"110801_Alpintriathlon_005.jpg\" width=\"265\" \/><\/a> <a title=\"Foto: Marzena Traber\" href=\"http:\/\/www.fuldaer-nachrichten.de\/wp-content\/uploads\/2011\/08\/110801_Alpintriathlon_006.jpg\" rel=\"lightbox[roadtrip]\" target=\"_blank\"><img decoding=\"async\" src=\"http:\/\/www.fuldaer-nachrichten.de\/wp-content\/uploads\/2011\/08\/110801_Alpintriathlon_006.thumbnail.jpg\" alt=\"110801_Alpintriathlon_006.jpg\" width=\"265\" \/><\/a><\/p>\n<p><a title=\"Foto: Marzena Traber\" href=\"http:\/\/www.fuldaer-nachrichten.de\/wp-content\/uploads\/2011\/08\/110801_Alpintriathlon_009.jpg\" rel=\"lightbox[roadtrip]\" target=\"_blank\"><img decoding=\"async\" src=\"http:\/\/www.fuldaer-nachrichten.de\/wp-content\/uploads\/2011\/08\/110801_Alpintriathlon_009.thumbnail.jpg\" alt=\"110801_Alpintriathlon_009.jpg\" width=\"265\" \/><\/a> <a title=\"Foto: Marzena Traber\" href=\"http:\/\/www.fuldaer-nachrichten.de\/wp-content\/uploads\/2011\/08\/110801_Alpintriathlon_010.jpg\" rel=\"lightbox[roadtrip]\" target=\"_blank\"><img decoding=\"async\" src=\"http:\/\/www.fuldaer-nachrichten.de\/wp-content\/uploads\/2011\/08\/110801_Alpintriathlon_010.thumbnail.jpg\" alt=\"110801_Alpintriathlon_010.jpg\" width=\"265\" \/><\/a><\/p>\n<p><a title=\"Foto: Marzena Traber\" href=\"http:\/\/www.fuldaer-nachrichten.de\/wp-content\/uploads\/2011\/08\/110801_Alpintriathlon_013.jpg\" rel=\"lightbox[roadtrip]\" target=\"_blank\"><img decoding=\"async\" src=\"http:\/\/www.fuldaer-nachrichten.de\/wp-content\/uploads\/2011\/08\/110801_Alpintriathlon_013.thumbnail.jpg\" alt=\"110801_Alpintriathlon_013.jpg\" width=\"265\" \/><\/a> <a title=\"Foto: Marzena Traber\" href=\"http:\/\/www.fuldaer-nachrichten.de\/wp-content\/uploads\/2011\/08\/110801_Alpintriathlon_014.jpg\" rel=\"lightbox[roadtrip]\" target=\"_blank\"><img decoding=\"async\" src=\"http:\/\/www.fuldaer-nachrichten.de\/wp-content\/uploads\/2011\/08\/110801_Alpintriathlon_014.thumbnail.jpg\" alt=\"110801_Alpintriathlon_014.jpg\" width=\"265\" \/><\/a><\/p>\n<p><a title=\"Foto: Marzena Traber\" href=\"http:\/\/www.fuldaer-nachrichten.de\/wp-content\/uploads\/2011\/08\/110801_Alpintriathlon_015.jpg\" rel=\"lightbox[roadtrip]\" target=\"_blank\"><img decoding=\"async\" src=\"http:\/\/www.fuldaer-nachrichten.de\/wp-content\/uploads\/2011\/08\/110801_Alpintriathlon_015.thumbnail.jpg\" alt=\"110801_Alpintriathlon_015.jpg\" width=\"265\" \/><\/a>\u00c2\u00a0<a title=\"Foto: Marzena Traber\" href=\"http:\/\/www.fuldaer-nachrichten.de\/wp-content\/uploads\/2011\/08\/110801_Alpintriathlon_008.jpg\" rel=\"lightbox[roadtrip]\" target=\"_blank\"><img decoding=\"async\" src=\"http:\/\/www.fuldaer-nachrichten.de\/wp-content\/uploads\/2011\/08\/110801_Alpintriathlon_008.thumbnail.jpg\" alt=\"110801_Alpintriathlon_008.jpg\" width=\"265\" \/><\/a><\/p>\n<p><a title=\"Foto: Marzena Traber\" href=\"http:\/\/www.fuldaer-nachrichten.de\/wp-content\/uploads\/2011\/08\/110801_Alpintriathlon_019.jpg\" rel=\"lightbox[roadtrip]\" target=\"_blank\"><img decoding=\"async\" src=\"http:\/\/www.fuldaer-nachrichten.de\/wp-content\/uploads\/2011\/08\/110801_Alpintriathlon_019.thumbnail.jpg\" alt=\"110801_Alpintriathlon_019.jpg\" width=\"265\" \/><\/a> <a title=\"Foto: Marzena Traber\" href=\"http:\/\/www.fuldaer-nachrichten.de\/wp-content\/uploads\/2011\/08\/110801_Alpintriathlon_020.jpg\" rel=\"lightbox[roadtrip]\" target=\"_blank\"><img decoding=\"async\" src=\"http:\/\/www.fuldaer-nachrichten.de\/wp-content\/uploads\/2011\/08\/110801_Alpintriathlon_020.thumbnail.jpg\" alt=\"110801_Alpintriathlon_020.jpg\" width=\"265\" \/><\/a><\/p>\n<p><a title=\"Foto: Marzena Traber\" href=\"http:\/\/www.fuldaer-nachrichten.de\/wp-content\/uploads\/2011\/08\/110801_Alpintriathlon_021.jpg\" rel=\"lightbox[roadtrip]\" target=\"_blank\"><img decoding=\"async\" src=\"http:\/\/www.fuldaer-nachrichten.de\/wp-content\/uploads\/2011\/08\/110801_Alpintriathlon_021.thumbnail.jpg\" alt=\"110801_Alpintriathlon_021.jpg\" width=\"265\" \/><\/a> <a title=\"Foto: Marzena Traber\" href=\"http:\/\/www.fuldaer-nachrichten.de\/wp-content\/uploads\/2011\/08\/110801_Alpintriathlon_022.jpg\" rel=\"lightbox[roadtrip]\" target=\"_blank\"><img decoding=\"async\" src=\"http:\/\/www.fuldaer-nachrichten.de\/wp-content\/uploads\/2011\/08\/110801_Alpintriathlon_022.thumbnail.jpg\" alt=\"110801_Alpintriathlon_022.jpg\" width=\"265\" \/><\/a><\/p>\n<p><a title=\"Foto: Marzena Traber\" href=\"http:\/\/www.fuldaer-nachrichten.de\/wp-content\/uploads\/2011\/08\/110801_Alpintriathlon_025.jpg\" rel=\"lightbox[roadtrip]\" target=\"_blank\"><img decoding=\"async\" src=\"http:\/\/www.fuldaer-nachrichten.de\/wp-content\/uploads\/2011\/08\/110801_Alpintriathlon_025.thumbnail.jpg\" alt=\"110801_Alpintriathlon_025.jpg\" width=\"265\" \/><\/a> <a title=\"Foto: Marzena Traber\" href=\"http:\/\/www.fuldaer-nachrichten.de\/wp-content\/uploads\/2011\/08\/110801_Alpintriathlon_026.jpg\" rel=\"lightbox[roadtrip]\" target=\"_blank\"><img decoding=\"async\" src=\"http:\/\/www.fuldaer-nachrichten.de\/wp-content\/uploads\/2011\/08\/110801_Alpintriathlon_026.thumbnail.jpg\" alt=\"110801_Alpintriathlon_026.jpg\" width=\"265\" \/><\/a><\/p>\n<p><a title=\"Foto: Marzena Traber\" href=\"http:\/\/www.fuldaer-nachrichten.de\/wp-content\/uploads\/2011\/08\/110801_Alpintriathlon_027.jpg\" rel=\"lightbox[roadtrip]\" target=\"_blank\"><img decoding=\"async\" src=\"http:\/\/www.fuldaer-nachrichten.de\/wp-content\/uploads\/2011\/08\/110801_Alpintriathlon_027.thumbnail.jpg\" alt=\"110801_Alpintriathlon_027.jpg\" width=\"265\" \/><\/a> <a title=\"Foto: Marzena Traber\" href=\"http:\/\/www.fuldaer-nachrichten.de\/wp-content\/uploads\/2011\/08\/110801_Alpintriathlon_028.jpg\" rel=\"lightbox[roadtrip]\" target=\"_blank\"><img decoding=\"async\" src=\"http:\/\/www.fuldaer-nachrichten.de\/wp-content\/uploads\/2011\/08\/110801_Alpintriathlon_028.thumbnail.jpg\" alt=\"110801_Alpintriathlon_028.jpg\" width=\"265\" \/><\/a><\/p>\n<p><a title=\"Foto: Marzena Traber\" href=\"http:\/\/www.fuldaer-nachrichten.de\/wp-content\/uploads\/2011\/08\/110801_Alpintriathlon_029.jpg\" rel=\"lightbox[roadtrip]\" target=\"_blank\"><img decoding=\"async\" src=\"http:\/\/www.fuldaer-nachrichten.de\/wp-content\/uploads\/2011\/08\/110801_Alpintriathlon_029.thumbnail.jpg\" alt=\"110801_Alpintriathlon_029.jpg\" width=\"265\" \/><\/a> <a title=\"Foto: Marzena Traber\" href=\"http:\/\/www.fuldaer-nachrichten.de\/wp-content\/uploads\/2011\/08\/110801_Alpintriathlon_030.jpg\" rel=\"lightbox[roadtrip]\" target=\"_blank\"><img decoding=\"async\" src=\"http:\/\/www.fuldaer-nachrichten.de\/wp-content\/uploads\/2011\/08\/110801_Alpintriathlon_030.thumbnail.jpg\" alt=\"110801_Alpintriathlon_030.jpg\" width=\"265\" \/><\/a><\/p>\n<p><a title=\"Foto: Marzena Traber\" href=\"http:\/\/www.fuldaer-nachrichten.de\/wp-content\/uploads\/2011\/08\/110801_Alpintriathlon_031.jpg\" rel=\"lightbox[roadtrip]\" target=\"_blank\"><img decoding=\"async\" src=\"http:\/\/www.fuldaer-nachrichten.de\/wp-content\/uploads\/2011\/08\/110801_Alpintriathlon_031.thumbnail.jpg\" alt=\"110801_Alpintriathlon_031.jpg\" width=\"265\" \/><\/a> <a title=\"Foto: Marzena Traber\" href=\"http:\/\/www.fuldaer-nachrichten.de\/wp-content\/uploads\/2011\/08\/110801_Alpintriathlon_032.jpg\" rel=\"lightbox[roadtrip]\" target=\"_blank\"><img decoding=\"async\" src=\"http:\/\/www.fuldaer-nachrichten.de\/wp-content\/uploads\/2011\/08\/110801_Alpintriathlon_032.thumbnail.jpg\" alt=\"110801_Alpintriathlon_032.jpg\" width=\"265\" \/><\/a><\/p>\n<p><a title=\"Foto: Marzena Traber\" href=\"http:\/\/www.fuldaer-nachrichten.de\/wp-content\/uploads\/2011\/08\/110801_Alpintriathlon_033.jpg\" rel=\"lightbox[roadtrip]\" target=\"_blank\"><img decoding=\"async\" src=\"http:\/\/www.fuldaer-nachrichten.de\/wp-content\/uploads\/2011\/08\/110801_Alpintriathlon_033.thumbnail.jpg\" alt=\"110801_Alpintriathlon_033.jpg\" width=\"265\" \/><\/a> <a title=\"Foto: Marzena Traber\" href=\"http:\/\/www.fuldaer-nachrichten.de\/wp-content\/uploads\/2011\/08\/110801_Alpintriathlon_034.jpg\" rel=\"lightbox[roadtrip]\" target=\"_blank\"><img decoding=\"async\" src=\"http:\/\/www.fuldaer-nachrichten.de\/wp-content\/uploads\/2011\/08\/110801_Alpintriathlon_034.thumbnail.jpg\" alt=\"110801_Alpintriathlon_034.jpg\" width=\"265\" \/><\/a><\/p>\n<p><a title=\"Foto: Marzena Traber\" href=\"http:\/\/www.fuldaer-nachrichten.de\/wp-content\/uploads\/2011\/08\/110801_Alpintriathlon_035.jpg\" rel=\"lightbox[roadtrip]\" target=\"_blank\"><img decoding=\"async\" src=\"http:\/\/www.fuldaer-nachrichten.de\/wp-content\/uploads\/2011\/08\/110801_Alpintriathlon_035.thumbnail.jpg\" alt=\"110801_Alpintriathlon_035.jpg\" width=\"265\" \/><\/a> <a title=\"Foto: Marzena Traber\" href=\"http:\/\/www.fuldaer-nachrichten.de\/wp-content\/uploads\/2011\/08\/110801_Alpintriathlon_036.jpg\" rel=\"lightbox[roadtrip]\" target=\"_blank\"><img decoding=\"async\" src=\"http:\/\/www.fuldaer-nachrichten.de\/wp-content\/uploads\/2011\/08\/110801_Alpintriathlon_036.thumbnail.jpg\" alt=\"110801_Alpintriathlon_036.jpg\" width=\"265\" \/><\/a><\/p>\n<p><a title=\"Foto: Marzena Traber\" href=\"http:\/\/www.fuldaer-nachrichten.de\/wp-content\/uploads\/2011\/08\/110801_Alpintriathlon_042.jpg\" rel=\"lightbox[roadtrip]\" target=\"_blank\"><img decoding=\"async\" src=\"http:\/\/www.fuldaer-nachrichten.de\/wp-content\/uploads\/2011\/08\/110801_Alpintriathlon_042.thumbnail.jpg\" alt=\"110801_Alpintriathlon_042.jpg\" width=\"265\" \/><\/a><a title=\"Foto: Marzena Traber\" href=\"http:\/\/www.fuldaer-nachrichten.de\/wp-content\/uploads\/2011\/08\/110801_Alpintriathlon_038.jpg\" rel=\"lightbox[roadtrip]\" target=\"_blank\">\u00c2\u00a0<img decoding=\"async\" src=\"http:\/\/www.fuldaer-nachrichten.de\/wp-content\/uploads\/2011\/08\/110801_Alpintriathlon_038.thumbnail.jpg\" alt=\"110801_Alpintriathlon_038.jpg\" width=\"265\" \/><\/a><\/p>\n<p><a title=\"Foto: Marzena Traber\" href=\"http:\/\/www.fuldaer-nachrichten.de\/wp-content\/uploads\/2011\/08\/110801_Alpintriathlon_039.jpg\" rel=\"lightbox[roadtrip]\" target=\"_blank\"><img decoding=\"async\" src=\"http:\/\/www.fuldaer-nachrichten.de\/wp-content\/uploads\/2011\/08\/110801_Alpintriathlon_039.thumbnail.jpg\" alt=\"110801_Alpintriathlon_039.jpg\" width=\"265\" \/><\/a> <a title=\"Foto: Marzena Traber\" href=\"http:\/\/www.fuldaer-nachrichten.de\/wp-content\/uploads\/2011\/08\/110801_Alpintriathlon_040.jpg\" rel=\"lightbox[roadtrip]\" target=\"_blank\"><img decoding=\"async\" src=\"http:\/\/www.fuldaer-nachrichten.de\/wp-content\/uploads\/2011\/08\/110801_Alpintriathlon_040.thumbnail.jpg\" alt=\"110801_Alpintriathlon_040.jpg\" width=\"265\" \/><\/a><\/p>\n<p><a title=\"Foto: Marzena Traber\" href=\"http:\/\/www.fuldaer-nachrichten.de\/wp-content\/uploads\/2011\/08\/110801_Alpintriathlon_011.jpg\" rel=\"lightbox[roadtrip]\" target=\"_blank\"><img decoding=\"async\" src=\"http:\/\/www.fuldaer-nachrichten.de\/wp-content\/uploads\/2011\/08\/110801_Alpintriathlon_011.thumbnail.jpg\" alt=\"110801_Alpintriathlon_011.jpg\" width=\"265\" \/><\/a> <a title=\"Foto: Marzena Traber\" href=\"http:\/\/www.fuldaer-nachrichten.de\/wp-content\/uploads\/2011\/08\/110801_Alpintriathlon_012.jpg\" rel=\"lightbox[roadtrip]\" target=\"_blank\"><img decoding=\"async\" src=\"http:\/\/www.fuldaer-nachrichten.de\/wp-content\/uploads\/2011\/08\/110801_Alpintriathlon_012.thumbnail.jpg\" alt=\"110801_Alpintriathlon_012.jpg\" width=\"265\" \/><\/a><\/p>\n<p><a title=\"Foto: Marzena Traber\" href=\"http:\/\/www.fuldaer-nachrichten.de\/wp-content\/uploads\/2011\/08\/110801_Alpintriathlon_037.jpg\" rel=\"lightbox[roadtrip]\" target=\"_blank\"><img decoding=\"async\" src=\"http:\/\/www.fuldaer-nachrichten.de\/wp-content\/uploads\/2011\/08\/110801_Alpintriathlon_037.thumbnail.jpg\" alt=\"110801_Alpintriathlon_037.jpg\" width=\"265\" \/><\/a><a title=\"Foto: Marzena Traber\" href=\"http:\/\/www.fuldaer-nachrichten.de\/wp-content\/uploads\/2011\/08\/110801_Alpintriathlon_041.jpg\" rel=\"lightbox[roadtrip]\" target=\"_blank\">\u00c2\u00a0<img decoding=\"async\" src=\"http:\/\/www.fuldaer-nachrichten.de\/wp-content\/uploads\/2011\/08\/110801_Alpintriathlon_041.thumbnail.jpg\" alt=\"110801_Alpintriathlon_041.jpg\" width=\"265\" \/><\/a><\/p>\n<p><a title=\"Foto: Marzena Traber\" href=\"http:\/\/www.fuldaer-nachrichten.de\/wp-content\/uploads\/2011\/08\/110801_Alpintriathlon_043.jpg\" rel=\"lightbox[roadtrip]\" target=\"_blank\"><img decoding=\"async\" src=\"http:\/\/www.fuldaer-nachrichten.de\/wp-content\/uploads\/2011\/08\/110801_Alpintriathlon_043.thumbnail.jpg\" alt=\"110801_Alpintriathlon_043.jpg\" width=\"265\" \/><\/a> <a title=\"Foto: Marzena Traber\" href=\"http:\/\/www.fuldaer-nachrichten.de\/wp-content\/uploads\/2011\/08\/110801_Alpintriathlon_044.jpg\" rel=\"lightbox[roadtrip]\" target=\"_blank\"><img decoding=\"async\" src=\"http:\/\/www.fuldaer-nachrichten.de\/wp-content\/uploads\/2011\/08\/110801_Alpintriathlon_044.thumbnail.jpg\" alt=\"110801_Alpintriathlon_044.jpg\" width=\"265\" \/><\/a><\/p>\n<p><a title=\"Foto: Marzena Traber\" href=\"http:\/\/www.fuldaer-nachrichten.de\/wp-content\/uploads\/2011\/08\/110801_Alpintriathlon_045.jpg\" rel=\"lightbox[roadtrip]\" target=\"_blank\"><img decoding=\"async\" src=\"http:\/\/www.fuldaer-nachrichten.de\/wp-content\/uploads\/2011\/08\/110801_Alpintriathlon_045.thumbnail.jpg\" alt=\"110801_Alpintriathlon_045.jpg\" width=\"265\" \/><\/a> <a title=\"Foto: Marzena Traber\" href=\"http:\/\/www.fuldaer-nachrichten.de\/wp-content\/uploads\/2011\/08\/110801_Alpintriathlon_046.jpg\" rel=\"lightbox[roadtrip]\" target=\"_blank\"><img decoding=\"async\" src=\"http:\/\/www.fuldaer-nachrichten.de\/wp-content\/uploads\/2011\/08\/110801_Alpintriathlon_046.thumbnail.jpg\" alt=\"110801_Alpintriathlon_046.jpg\" width=\"265\" \/><\/a><\/p>\n<p><a title=\"Foto: Marzena Traber\" href=\"http:\/\/www.fuldaer-nachrichten.de\/wp-content\/uploads\/2011\/08\/110801_Alpintriathlon_047.jpg\" rel=\"lightbox[roadtrip]\" target=\"_blank\"><img decoding=\"async\" src=\"http:\/\/www.fuldaer-nachrichten.de\/wp-content\/uploads\/2011\/08\/110801_Alpintriathlon_047.thumbnail.jpg\" alt=\"110801_Alpintriathlon_047.jpg\" width=\"265\" \/><\/a> <a title=\"Foto: Marzena Traber\" href=\"http:\/\/www.fuldaer-nachrichten.de\/wp-content\/uploads\/2011\/08\/110801_Alpintriathlon_048.jpg\" rel=\"lightbox[roadtrip]\" target=\"_blank\"><img decoding=\"async\" src=\"http:\/\/www.fuldaer-nachrichten.de\/wp-content\/uploads\/2011\/08\/110801_Alpintriathlon_048.thumbnail.jpg\" alt=\"110801_Alpintriathlon_048.jpg\" width=\"265\" \/><\/a><\/p>\n<p><a title=\"Foto: Marzena Traber\" href=\"http:\/\/www.fuldaer-nachrichten.de\/wp-content\/uploads\/2011\/08\/110801_Alpintriathlon_049.jpg\" rel=\"lightbox[roadtrip]\" target=\"_blank\"><img decoding=\"async\" src=\"http:\/\/www.fuldaer-nachrichten.de\/wp-content\/uploads\/2011\/08\/110801_Alpintriathlon_049.thumbnail.jpg\" alt=\"110801_Alpintriathlon_049.jpg\" width=\"265\" \/><\/a> <a title=\"Foto: Marzena Traber\" href=\"http:\/\/www.fuldaer-nachrichten.de\/wp-content\/uploads\/2011\/08\/110801_Alpintriathlon_051.jpg\" rel=\"lightbox[roadtrip]\" target=\"_blank\"><img decoding=\"async\" src=\"http:\/\/www.fuldaer-nachrichten.de\/wp-content\/uploads\/2011\/08\/110801_Alpintriathlon_051.thumbnail.jpg\" alt=\"110801_Alpintriathlon_051.jpg\" width=\"265\" \/><\/a><\/p>\n<p><a title=\"Foto: Marzena Traber\" href=\"http:\/\/www.fuldaer-nachrichten.de\/wp-content\/uploads\/2011\/08\/110801_Alpintriathlon_050.jpg\" rel=\"lightbox[roadtrip]\" target=\"_blank\"><img decoding=\"async\" src=\"http:\/\/www.fuldaer-nachrichten.de\/wp-content\/uploads\/2011\/08\/110801_Alpintriathlon_050.thumbnail.jpg\" alt=\"110801_Alpintriathlon_050.jpg\" width=\"265\" \/><\/a> <a title=\"Foto: Marzena Traber\" href=\"http:\/\/www.fuldaer-nachrichten.de\/wp-content\/uploads\/2011\/08\/110801_Alpintriathlon_052.jpg\" rel=\"lightbox[roadtrip]\" target=\"_blank\"><img decoding=\"async\" src=\"http:\/\/www.fuldaer-nachrichten.de\/wp-content\/uploads\/2011\/08\/110801_Alpintriathlon_052.thumbnail.jpg\" alt=\"110801_Alpintriathlon_052.jpg\" width=\"265\" \/><\/a><\/p>\n<p><a title=\"Foto: Marzena Traber\" href=\"http:\/\/www.fuldaer-nachrichten.de\/wp-content\/uploads\/2011\/08\/110801_Alpintriathlon_055.jpg\" rel=\"lightbox[roadtrip]\" target=\"_blank\">\u00c2\u00a0<\/a><a title=\"Foto: Marzena Traber\" href=\"http:\/\/www.fuldaer-nachrichten.de\/wp-content\/uploads\/2011\/08\/110801_Alpintriathlon_053.jpg\" rel=\"lightbox[roadtrip]\" target=\"_blank\"><img decoding=\"async\" src=\"http:\/\/www.fuldaer-nachrichten.de\/wp-content\/uploads\/2011\/08\/110801_Alpintriathlon_053.thumbnail.jpg\" alt=\"110801_Alpintriathlon_053.jpg\" width=\"265\" \/><\/a> <a title=\"Foto: Marzena Traber\" href=\"http:\/\/www.fuldaer-nachrichten.de\/wp-content\/uploads\/2011\/08\/110801_Alpintriathlon_056.jpg\" rel=\"lightbox[roadtrip]\" target=\"_blank\"><img decoding=\"async\" src=\"http:\/\/www.fuldaer-nachrichten.de\/wp-content\/uploads\/2011\/08\/110801_Alpintriathlon_056.thumbnail.jpg\" alt=\"110801_Alpintriathlon_056.jpg\" width=\"265\" \/><\/a><\/p>\n<p><a title=\"Foto: Marzena Traber\" href=\"http:\/\/www.fuldaer-nachrichten.de\/wp-content\/uploads\/2011\/08\/110801_Alpintriathlon_057.jpg\" rel=\"lightbox[roadtrip]\" target=\"_blank\"><img decoding=\"async\" src=\"http:\/\/www.fuldaer-nachrichten.de\/wp-content\/uploads\/2011\/08\/110801_Alpintriathlon_057.thumbnail.jpg\" alt=\"110801_Alpintriathlon_057.jpg\" width=\"265\" \/><\/a> <a title=\"Foto: Marzena Traber\" href=\"http:\/\/www.fuldaer-nachrichten.de\/wp-content\/uploads\/2011\/08\/110801_Alpintriathlon_061.jpg\" rel=\"lightbox[roadtrip]\" target=\"_blank\"><img decoding=\"async\" src=\"http:\/\/www.fuldaer-nachrichten.de\/wp-content\/uploads\/2011\/08\/110801_Alpintriathlon_061.thumbnail.jpg\" alt=\"110801_Alpintriathlon_061.jpg\" width=\"265\" \/><\/a><\/p>\n<p><a title=\"Foto: Marzena Traber\" href=\"http:\/\/www.fuldaer-nachrichten.de\/wp-content\/uploads\/2011\/08\/110801_Alpintriathlon_059.jpg\" rel=\"lightbox[roadtrip]\" target=\"_blank\"><img decoding=\"async\" src=\"http:\/\/www.fuldaer-nachrichten.de\/wp-content\/uploads\/2011\/08\/110801_Alpintriathlon_059.thumbnail.jpg\" alt=\"110801_Alpintriathlon_059.jpg\" width=\"265\" \/><\/a> <a title=\"Foto: Marzena Traber\" href=\"http:\/\/www.fuldaer-nachrichten.de\/wp-content\/uploads\/2011\/08\/110801_Alpintriathlon_060.jpg\" rel=\"lightbox[roadtrip]\" target=\"_blank\"><img decoding=\"async\" src=\"http:\/\/www.fuldaer-nachrichten.de\/wp-content\/uploads\/2011\/08\/110801_Alpintriathlon_060.thumbnail.jpg\" alt=\"110801_Alpintriathlon_060.jpg\" width=\"265\" \/><\/a><\/p>\n<p><a title=\"Foto: Marzena Traber\" href=\"http:\/\/www.fuldaer-nachrichten.de\/wp-content\/uploads\/2011\/08\/110801_Alpintriathlon_062.jpg\" rel=\"lightbox[roadtrip]\" target=\"_blank\"><img decoding=\"async\" src=\"http:\/\/www.fuldaer-nachrichten.de\/wp-content\/uploads\/2011\/08\/110801_Alpintriathlon_062.thumbnail.jpg\" alt=\"110801_Alpintriathlon_062.jpg\" width=\"265\" \/><\/a> <a title=\"Foto: Marzena Traber\" href=\"http:\/\/www.fuldaer-nachrichten.de\/wp-content\/uploads\/2011\/08\/110801_Alpintriathlon_058.jpg\" rel=\"lightbox[roadtrip]\" target=\"_blank\"><img decoding=\"async\" src=\"http:\/\/www.fuldaer-nachrichten.de\/wp-content\/uploads\/2011\/08\/110801_Alpintriathlon_058.thumbnail.jpg\" alt=\"110801_Alpintriathlon_058.jpg\" width=\"265\" \/><\/a><\/p>\n<p><a title=\"Foto: Marzena Traber\" href=\"http:\/\/www.fuldaer-nachrichten.de\/wp-content\/uploads\/2011\/08\/110801_Alpintriathlon_063.jpg\" rel=\"lightbox[roadtrip]\" target=\"_blank\"><img decoding=\"async\" src=\"http:\/\/www.fuldaer-nachrichten.de\/wp-content\/uploads\/2011\/08\/110801_Alpintriathlon_063.thumbnail.jpg\" alt=\"110801_Alpintriathlon_063.jpg\" width=\"265\" \/><\/a> <a title=\"Foto: Marzena Traber\" href=\"http:\/\/www.fuldaer-nachrichten.de\/wp-content\/uploads\/2011\/08\/110801_Alpintriathlon_064.jpg\" rel=\"lightbox[roadtrip]\" target=\"_blank\"><img decoding=\"async\" src=\"http:\/\/www.fuldaer-nachrichten.de\/wp-content\/uploads\/2011\/08\/110801_Alpintriathlon_064.thumbnail.jpg\" alt=\"110801_Alpintriathlon_064.jpg\" width=\"265\" \/><\/a><\/p>\n<p><a title=\"Foto: Marzena Traber\" href=\"http:\/\/www.fuldaer-nachrichten.de\/wp-content\/uploads\/2011\/08\/110801_Alpintriathlon_066.jpg\" rel=\"lightbox[roadtrip]\" target=\"_blank\"><img decoding=\"async\" src=\"http:\/\/www.fuldaer-nachrichten.de\/wp-content\/uploads\/2011\/08\/110801_Alpintriathlon_066.thumbnail.jpg\" alt=\"110801_Alpintriathlon_066.jpg\" width=\"265\" \/><\/a> <a title=\"Foto: Marzena Traber\" href=\"http:\/\/www.fuldaer-nachrichten.de\/wp-content\/uploads\/2011\/08\/110801_Alpintriathlon_074.jpg\" rel=\"lightbox[roadtrip]\" target=\"_blank\"><img decoding=\"async\" src=\"http:\/\/www.fuldaer-nachrichten.de\/wp-content\/uploads\/2011\/08\/110801_Alpintriathlon_074.thumbnail.jpg\" alt=\"110801_Alpintriathlon_074.jpg\" width=\"265\" \/><\/a><\/p>\n<p><a title=\"Foto: Marzena Traber\" href=\"http:\/\/www.fuldaer-nachrichten.de\/wp-content\/uploads\/2011\/08\/110801_Alpintriathlon_067.jpg\" rel=\"lightbox[roadtrip]\" target=\"_blank\"><img decoding=\"async\" src=\"http:\/\/www.fuldaer-nachrichten.de\/wp-content\/uploads\/2011\/08\/110801_Alpintriathlon_067.thumbnail.jpg\" alt=\"110801_Alpintriathlon_067.jpg\" width=\"265\" \/><\/a> <a title=\"Foto: Marzena Traber\" href=\"http:\/\/www.fuldaer-nachrichten.de\/wp-content\/uploads\/2011\/08\/110801_Alpintriathlon_068.jpg\" rel=\"lightbox[roadtrip]\" target=\"_blank\"><img decoding=\"async\" src=\"http:\/\/www.fuldaer-nachrichten.de\/wp-content\/uploads\/2011\/08\/110801_Alpintriathlon_068.thumbnail.jpg\" alt=\"110801_Alpintriathlon_068.jpg\" width=\"265\" \/><\/a><\/p>\n<p><a title=\"Foto: Marzena Traber\" href=\"http:\/\/www.fuldaer-nachrichten.de\/wp-content\/uploads\/2011\/08\/110801_Alpintriathlon_069.jpg\" rel=\"lightbox[roadtrip]\" target=\"_blank\"><img decoding=\"async\" src=\"http:\/\/www.fuldaer-nachrichten.de\/wp-content\/uploads\/2011\/08\/110801_Alpintriathlon_069.thumbnail.jpg\" alt=\"110801_Alpintriathlon_069.jpg\" width=\"265\" \/><\/a> <a title=\"Foto: Marzena Traber\" href=\"http:\/\/www.fuldaer-nachrichten.de\/wp-content\/uploads\/2011\/08\/110801_Alpintriathlon_070.jpg\" rel=\"lightbox[roadtrip]\" target=\"_blank\"><img decoding=\"async\" src=\"http:\/\/www.fuldaer-nachrichten.de\/wp-content\/uploads\/2011\/08\/110801_Alpintriathlon_070.thumbnail.jpg\" alt=\"110801_Alpintriathlon_070.jpg\" width=\"265\" \/><\/a><\/p>\n<p><a title=\"Foto: Marzena Traber\" href=\"http:\/\/www.fuldaer-nachrichten.de\/wp-content\/uploads\/2011\/08\/110801_Alpintriathlon_071.jpg\" rel=\"lightbox[roadtrip]\" target=\"_blank\"><img decoding=\"async\" src=\"http:\/\/www.fuldaer-nachrichten.de\/wp-content\/uploads\/2011\/08\/110801_Alpintriathlon_071.thumbnail.jpg\" alt=\"110801_Alpintriathlon_071.jpg\" width=\"265\" \/><\/a> <a title=\"Foto: Marzena Traber\" href=\"http:\/\/www.fuldaer-nachrichten.de\/wp-content\/uploads\/2011\/08\/110801_Alpintriathlon_072.jpg\" rel=\"lightbox[roadtrip]\" target=\"_blank\"><img decoding=\"async\" src=\"http:\/\/www.fuldaer-nachrichten.de\/wp-content\/uploads\/2011\/08\/110801_Alpintriathlon_072.thumbnail.jpg\" alt=\"110801_Alpintriathlon_072.jpg\" width=\"265\" \/><\/a><\/p>\n<p><a title=\"Foto: Marzena Traber\" href=\"http:\/\/www.fuldaer-nachrichten.de\/wp-content\/uploads\/2011\/08\/110801_Alpintriathlon_073.jpg\" rel=\"lightbox[roadtrip]\" target=\"_blank\"><img decoding=\"async\" src=\"http:\/\/www.fuldaer-nachrichten.de\/wp-content\/uploads\/2011\/08\/110801_Alpintriathlon_073.thumbnail.jpg\" alt=\"110801_Alpintriathlon_073.jpg\" width=\"265\" \/><\/a>\u00c2\u00a0<a title=\"Foto: Marzena Traber\" href=\"http:\/\/www.fuldaer-nachrichten.de\/wp-content\/uploads\/2011\/08\/110801_Alpintriathlon_065.jpg\" rel=\"lightbox[roadtrip]\" target=\"_blank\"><img decoding=\"async\" src=\"http:\/\/www.fuldaer-nachrichten.de\/wp-content\/uploads\/2011\/08\/110801_Alpintriathlon_065.thumbnail.jpg\" alt=\"110801_Alpintriathlon_065.jpg\" width=\"265\" \/><\/a><\/p>\n<p><a title=\"Foto: Marzena Traber\" href=\"http:\/\/www.fuldaer-nachrichten.de\/wp-content\/uploads\/2011\/08\/110801_Alpintriathlon_078.jpg\" rel=\"lightbox[roadtrip]\" target=\"_blank\"><img decoding=\"async\" src=\"http:\/\/www.fuldaer-nachrichten.de\/wp-content\/uploads\/2011\/08\/110801_Alpintriathlon_078.thumbnail.jpg\" alt=\"110801_Alpintriathlon_078.jpg\" width=\"265\" \/><\/a> <a title=\"Foto: Marzena Traber\" href=\"http:\/\/www.fuldaer-nachrichten.de\/wp-content\/uploads\/2011\/08\/110801_Alpintriathlon_080.jpg\" rel=\"lightbox[roadtrip]\" target=\"_blank\"><img decoding=\"async\" src=\"http:\/\/www.fuldaer-nachrichten.de\/wp-content\/uploads\/2011\/08\/110801_Alpintriathlon_080.thumbnail.jpg\" alt=\"110801_Alpintriathlon_080.jpg\" width=\"265\" \/><\/a><\/p>\n<p><a title=\"Foto: Marzena Traber\" href=\"http:\/\/www.fuldaer-nachrichten.de\/wp-content\/uploads\/2011\/08\/110801_Alpintriathlon_077.jpg\" rel=\"lightbox[roadtrip]\" target=\"_blank\"><img decoding=\"async\" src=\"http:\/\/www.fuldaer-nachrichten.de\/wp-content\/uploads\/2011\/08\/110801_Alpintriathlon_077.thumbnail.jpg\" alt=\"110801_Alpintriathlon_077.jpg\" width=\"265\" \/><\/a>\u00c2\u00a0<a title=\"Foto: Marzena Traber\" href=\"http:\/\/www.fuldaer-nachrichten.de\/wp-content\/uploads\/2011\/08\/110801_Alpintriathlon_097.jpg\" rel=\"lightbox[roadtrip]\" target=\"_blank\"><img decoding=\"async\" src=\"http:\/\/www.fuldaer-nachrichten.de\/wp-content\/uploads\/2011\/08\/110801_Alpintriathlon_097.thumbnail.jpg\" alt=\"110801_Alpintriathlon_097.jpg\" width=\"265\" \/><\/a><\/p>\n<p><a title=\"Foto: Marzena Traber\" href=\"http:\/\/www.fuldaer-nachrichten.de\/wp-content\/uploads\/2011\/08\/110801_Alpintriathlon_079.jpg\" rel=\"lightbox[roadtrip]\" target=\"_blank\"><img decoding=\"async\" src=\"http:\/\/www.fuldaer-nachrichten.de\/wp-content\/uploads\/2011\/08\/110801_Alpintriathlon_079.thumbnail.jpg\" alt=\"110801_Alpintriathlon_079.jpg\" width=\"265\" \/><\/a>\u00c2\u00a0<a title=\"Foto: Marzena Traber\" href=\"http:\/\/www.fuldaer-nachrichten.de\/wp-content\/uploads\/2011\/08\/110801_Alpintriathlon_076.jpg\" rel=\"lightbox[roadtrip]\" target=\"_blank\"><img decoding=\"async\" src=\"http:\/\/www.fuldaer-nachrichten.de\/wp-content\/uploads\/2011\/08\/110801_Alpintriathlon_076.thumbnail.jpg\" alt=\"110801_Alpintriathlon_076.jpg\" width=\"265\" \/><\/a><\/p>\n<p><a title=\"Foto: Marzena Traber\" href=\"http:\/\/www.fuldaer-nachrichten.de\/wp-content\/uploads\/2011\/08\/110801_Alpintriathlon_083.jpg\" rel=\"lightbox[roadtrip]\" target=\"_blank\"><img decoding=\"async\" src=\"http:\/\/www.fuldaer-nachrichten.de\/wp-content\/uploads\/2011\/08\/110801_Alpintriathlon_083.thumbnail.jpg\" alt=\"110801_Alpintriathlon_083.jpg\" width=\"265\" \/><\/a> <a title=\"Foto: Marzena Traber\" href=\"http:\/\/www.fuldaer-nachrichten.de\/wp-content\/uploads\/2011\/08\/110801_Alpintriathlon_087.jpg\" rel=\"lightbox[roadtrip]\" target=\"_blank\"><img decoding=\"async\" src=\"http:\/\/www.fuldaer-nachrichten.de\/wp-content\/uploads\/2011\/08\/110801_Alpintriathlon_087.thumbnail.jpg\" alt=\"110801_Alpintriathlon_087.jpg\" width=\"265\" \/><\/a><\/p>\n<p><a title=\"Foto: Marzena Traber\" href=\"http:\/\/www.fuldaer-nachrichten.de\/wp-content\/uploads\/2011\/08\/110801_Alpintriathlon_084.jpg\" rel=\"lightbox[roadtrip]\" target=\"_blank\"><img decoding=\"async\" src=\"http:\/\/www.fuldaer-nachrichten.de\/wp-content\/uploads\/2011\/08\/110801_Alpintriathlon_084.thumbnail.jpg\" alt=\"110801_Alpintriathlon_084.jpg\" width=\"265\" \/><\/a> <a title=\"Foto: Marzena Traber\" href=\"http:\/\/www.fuldaer-nachrichten.de\/wp-content\/uploads\/2011\/08\/110801_Alpintriathlon_082.jpg\" rel=\"lightbox[roadtrip]\" target=\"_blank\"><img decoding=\"async\" src=\"http:\/\/www.fuldaer-nachrichten.de\/wp-content\/uploads\/2011\/08\/110801_Alpintriathlon_082.thumbnail.jpg\" alt=\"110801_Alpintriathlon_082.jpg\" width=\"265\" \/><\/a><\/p>\n<p><a title=\"Foto: Marzena Traber\" href=\"http:\/\/www.fuldaer-nachrichten.de\/wp-content\/uploads\/2011\/08\/110801_Alpintriathlon_085.jpg\" rel=\"lightbox[roadtrip]\" target=\"_blank\"><img decoding=\"async\" src=\"http:\/\/www.fuldaer-nachrichten.de\/wp-content\/uploads\/2011\/08\/110801_Alpintriathlon_085.thumbnail.jpg\" alt=\"110801_Alpintriathlon_085.jpg\" width=\"265\" \/><\/a> <a title=\"Foto: Marzena Traber\" href=\"http:\/\/www.fuldaer-nachrichten.de\/wp-content\/uploads\/2011\/08\/110801_Alpintriathlon_086.jpg\" rel=\"lightbox[roadtrip]\" target=\"_blank\"><img decoding=\"async\" src=\"http:\/\/www.fuldaer-nachrichten.de\/wp-content\/uploads\/2011\/08\/110801_Alpintriathlon_086.thumbnail.jpg\" alt=\"110801_Alpintriathlon_086.jpg\" width=\"265\" \/><\/a><\/p>\n<p><a title=\"Foto: Marzena Traber\" href=\"http:\/\/www.fuldaer-nachrichten.de\/wp-content\/uploads\/2011\/08\/110801_Alpintriathlon_087.jpg\" rel=\"lightbox[roadtrip]\" target=\"_blank\">\u00c2\u00a0<\/a><a title=\"Foto: Marzena Traber\" href=\"http:\/\/www.fuldaer-nachrichten.de\/wp-content\/uploads\/2011\/08\/110801_Alpintriathlon_081.jpg\" rel=\"lightbox[roadtrip]\" target=\"_blank\"><img decoding=\"async\" src=\"http:\/\/www.fuldaer-nachrichten.de\/wp-content\/uploads\/2011\/08\/110801_Alpintriathlon_081.thumbnail.jpg\" alt=\"110801_Alpintriathlon_081.jpg\" width=\"265\" \/><\/a> <a title=\"Foto: Marzena Traber\" href=\"http:\/\/www.fuldaer-nachrichten.de\/wp-content\/uploads\/2011\/08\/110801_Alpintriathlon_088.jpg\" rel=\"lightbox[roadtrip]\" target=\"_blank\"><img decoding=\"async\" src=\"http:\/\/www.fuldaer-nachrichten.de\/wp-content\/uploads\/2011\/08\/110801_Alpintriathlon_088.thumbnail.jpg\" alt=\"110801_Alpintriathlon_088.jpg\" width=\"265\" \/><\/a><\/p>\n<p><a title=\"Foto: Marzena Traber\" href=\"http:\/\/www.fuldaer-nachrichten.de\/wp-content\/uploads\/2011\/08\/110801_Alpintriathlon_091.jpg\" rel=\"lightbox[roadtrip]\" target=\"_blank\">\u00c2\u00a0<\/a><a title=\"Foto: Marzena Traber\" href=\"http:\/\/www.fuldaer-nachrichten.de\/wp-content\/uploads\/2011\/08\/110801_Alpintriathlon_089.jpg\" rel=\"lightbox[roadtrip]\" target=\"_blank\"><img decoding=\"async\" src=\"http:\/\/www.fuldaer-nachrichten.de\/wp-content\/uploads\/2011\/08\/110801_Alpintriathlon_089.thumbnail.jpg\" alt=\"110801_Alpintriathlon_089.jpg\" width=\"265\" \/><\/a> <a title=\"Foto: Marzena Traber\" href=\"http:\/\/www.fuldaer-nachrichten.de\/wp-content\/uploads\/2011\/08\/110801_Alpintriathlon_092.jpg\" rel=\"lightbox[roadtrip]\" target=\"_blank\"><img decoding=\"async\" src=\"http:\/\/www.fuldaer-nachrichten.de\/wp-content\/uploads\/2011\/08\/110801_Alpintriathlon_092.thumbnail.jpg\" alt=\"110801_Alpintriathlon_092.jpg\" width=\"265\" \/><\/a><\/p>\n<p><a title=\"Foto: Marzena Traber\" href=\"http:\/\/www.fuldaer-nachrichten.de\/wp-content\/uploads\/2011\/08\/110801_Alpintriathlon_093.jpg\" rel=\"lightbox[roadtrip]\" target=\"_blank\"><img decoding=\"async\" src=\"http:\/\/www.fuldaer-nachrichten.de\/wp-content\/uploads\/2011\/08\/110801_Alpintriathlon_093.thumbnail.jpg\" alt=\"110801_Alpintriathlon_093.jpg\" width=\"265\" \/><\/a> <a title=\"Foto: Marzena Traber\" href=\"http:\/\/www.fuldaer-nachrichten.de\/wp-content\/uploads\/2011\/08\/110801_Alpintriathlon_094.jpg\" rel=\"lightbox[roadtrip]\" target=\"_blank\"><img decoding=\"async\" src=\"http:\/\/www.fuldaer-nachrichten.de\/wp-content\/uploads\/2011\/08\/110801_Alpintriathlon_094.thumbnail.jpg\" alt=\"110801_Alpintriathlon_094.jpg\" width=\"265\" \/><\/a><\/p>\n<p><a title=\"Foto: Marzena Traber\" href=\"http:\/\/www.fuldaer-nachrichten.de\/wp-content\/uploads\/2011\/08\/110801_Alpintriathlon_095.jpg\" rel=\"lightbox[roadtrip]\" target=\"_blank\"><img decoding=\"async\" src=\"http:\/\/www.fuldaer-nachrichten.de\/wp-content\/uploads\/2011\/08\/110801_Alpintriathlon_095.thumbnail.jpg\" alt=\"110801_Alpintriathlon_095.jpg\" width=\"265\" \/><\/a> <a title=\"Foto: Marzena Traber\" href=\"http:\/\/www.fuldaer-nachrichten.de\/wp-content\/uploads\/2011\/08\/110801_Alpintriathlon_096.jpg\" rel=\"lightbox[roadtrip]\" target=\"_blank\"><img decoding=\"async\" src=\"http:\/\/www.fuldaer-nachrichten.de\/wp-content\/uploads\/2011\/08\/110801_Alpintriathlon_096.thumbnail.jpg\" alt=\"110801_Alpintriathlon_096.jpg\" width=\"265\" \/><\/a><\/p>\n<p><a title=\"Foto: Marzena Traber\" href=\"http:\/\/www.fuldaer-nachrichten.de\/wp-content\/uploads\/2011\/08\/110801_Alpintriathlon_090.jpg\" rel=\"lightbox[roadtrip]\" target=\"_blank\"><img decoding=\"async\" src=\"http:\/\/www.fuldaer-nachrichten.de\/wp-content\/uploads\/2011\/08\/110801_Alpintriathlon_090.thumbnail.jpg\" alt=\"110801_Alpintriathlon_090.jpg\" width=\"265\" \/><\/a> <a title=\"Foto: Marzena Traber\" href=\"http:\/\/www.fuldaer-nachrichten.de\/wp-content\/uploads\/2011\/08\/110801_Alpintriathlon_098.jpg\" rel=\"lightbox[roadtrip]\" target=\"_blank\"><img decoding=\"async\" src=\"http:\/\/www.fuldaer-nachrichten.de\/wp-content\/uploads\/2011\/08\/110801_Alpintriathlon_098.thumbnail.jpg\" alt=\"110801_Alpintriathlon_098.jpg\" width=\"265\" \/><\/a><\/p>\n<p><a title=\"Foto: Marzena Traber\" href=\"http:\/\/www.fuldaer-nachrichten.de\/wp-content\/uploads\/2011\/08\/110801_Alpintriathlon_091.jpg\" rel=\"lightbox[roadtrip]\" target=\"_blank\"><img decoding=\"async\" src=\"http:\/\/www.fuldaer-nachrichten.de\/wp-content\/uploads\/2011\/08\/110801_Alpintriathlon_091.thumbnail.jpg\" alt=\"110801_Alpintriathlon_091.jpg\" width=\"265\" \/><\/a><a title=\"Foto: Marzena Traber\" href=\"http:\/\/www.fuldaer-nachrichten.de\/wp-content\/uploads\/2011\/08\/110801_Alpintriathlon_102.jpg\" rel=\"lightbox[roadtrip]\" target=\"_blank\">\u00c2\u00a0<img decoding=\"async\" src=\"http:\/\/www.fuldaer-nachrichten.de\/wp-content\/uploads\/2011\/08\/110801_Alpintriathlon_102.thumbnail.jpg\" alt=\"110801_Alpintriathlon_102.jpg\" width=\"265\" \/><\/a><\/p>\n<p><a title=\"Foto: Marzena Traber\" href=\"http:\/\/www.fuldaer-nachrichten.de\/wp-content\/uploads\/2011\/08\/110801_Alpintriathlon_103.jpg\" rel=\"lightbox[roadtrip]\" target=\"_blank\"><img decoding=\"async\" src=\"http:\/\/www.fuldaer-nachrichten.de\/wp-content\/uploads\/2011\/08\/110801_Alpintriathlon_103.thumbnail.jpg\" alt=\"110801_Alpintriathlon_103.jpg\" width=\"265\" \/><\/a> <a title=\"Foto: Marzena Traber\" href=\"http:\/\/www.fuldaer-nachrichten.de\/wp-content\/uploads\/2011\/08\/110801_Alpintriathlon_104.jpg\" rel=\"lightbox[roadtrip]\" target=\"_blank\"><img decoding=\"async\" src=\"http:\/\/www.fuldaer-nachrichten.de\/wp-content\/uploads\/2011\/08\/110801_Alpintriathlon_104.thumbnail.jpg\" alt=\"110801_Alpintriathlon_104.jpg\" width=\"265\" \/><\/a><\/p>\n<p><a title=\"Foto: Marzena Traber\" href=\"http:\/\/www.fuldaer-nachrichten.de\/wp-content\/uploads\/2011\/08\/110801_Alpintriathlon_105.jpg\" rel=\"lightbox[roadtrip]\" target=\"_blank\"><img decoding=\"async\" src=\"http:\/\/www.fuldaer-nachrichten.de\/wp-content\/uploads\/2011\/08\/110801_Alpintriathlon_105.thumbnail.jpg\" alt=\"110801_Alpintriathlon_105.jpg\" width=\"265\" \/><\/a> <a title=\"Foto: Marzena Traber\" href=\"http:\/\/www.fuldaer-nachrichten.de\/wp-content\/uploads\/2011\/08\/110801_Alpintriathlon_101.jpg\" rel=\"lightbox[roadtrip]\" target=\"_blank\"><img decoding=\"async\" src=\"http:\/\/www.fuldaer-nachrichten.de\/wp-content\/uploads\/2011\/08\/110801_Alpintriathlon_101.thumbnail.jpg\" alt=\"110801_Alpintriathlon_101.jpg\" width=\"265\" \/><\/a><\/p>\n<p><a title=\"Foto: Marzena Traber\" href=\"http:\/\/www.fuldaer-nachrichten.de\/wp-content\/uploads\/2011\/08\/110801_Alpintriathlon_107.jpg\" rel=\"lightbox[roadtrip]\" target=\"_blank\"><img decoding=\"async\" src=\"http:\/\/www.fuldaer-nachrichten.de\/wp-content\/uploads\/2011\/08\/110801_Alpintriathlon_107.thumbnail.jpg\" alt=\"110801_Alpintriathlon_107.jpg\" width=\"265\" \/><\/a> <a title=\"Foto: Marzena Traber\" href=\"http:\/\/www.fuldaer-nachrichten.de\/wp-content\/uploads\/2011\/08\/110801_Alpintriathlon_108.jpg\" rel=\"lightbox[roadtrip]\" target=\"_blank\"><img decoding=\"async\" src=\"http:\/\/www.fuldaer-nachrichten.de\/wp-content\/uploads\/2011\/08\/110801_Alpintriathlon_108.thumbnail.jpg\" alt=\"110801_Alpintriathlon_108.jpg\" width=\"265\" \/><\/a><\/p>\n<p><a title=\"Foto: Marzena Traber\" href=\"http:\/\/www.fuldaer-nachrichten.de\/wp-content\/uploads\/2011\/08\/110801_Alpintriathlon_106.jpg\" rel=\"lightbox[roadtrip]\" target=\"_blank\"><img decoding=\"async\" src=\"http:\/\/www.fuldaer-nachrichten.de\/wp-content\/uploads\/2011\/08\/110801_Alpintriathlon_106.thumbnail.jpg\" alt=\"110801_Alpintriathlon_106.jpg\" width=\"265\" \/><\/a><a title=\"Foto: Marzena Traber\" href=\"http:\/\/www.fuldaer-nachrichten.de\/wp-content\/uploads\/2011\/08\/110801_Alpintriathlon_109.jpg\" rel=\"lightbox[roadtrip]\" target=\"_blank\">\u00c2\u00a0<img decoding=\"async\" src=\"http:\/\/www.fuldaer-nachrichten.de\/wp-content\/uploads\/2011\/08\/110801_Alpintriathlon_109.thumbnail.jpg\" alt=\"110801_Alpintriathlon_109.jpg\" width=\"265\" \/><\/a><\/p>\n<p><a title=\"Foto: Marzena Traber\" href=\"http:\/\/www.fuldaer-nachrichten.de\/wp-content\/uploads\/2011\/08\/110801_Alpintriathlon_113.jpg\" rel=\"lightbox[roadtrip]\" target=\"_blank\"><img decoding=\"async\" src=\"http:\/\/www.fuldaer-nachrichten.de\/wp-content\/uploads\/2011\/08\/110801_Alpintriathlon_113.thumbnail.jpg\" alt=\"110801_Alpintriathlon_113.jpg\" width=\"265\" \/><\/a> <a title=\"Foto: Marzena Traber\" href=\"http:\/\/www.fuldaer-nachrichten.de\/wp-content\/uploads\/2011\/08\/110801_Alpintriathlon_114.jpg\" rel=\"lightbox[roadtrip]\" target=\"_blank\"><img decoding=\"async\" src=\"http:\/\/www.fuldaer-nachrichten.de\/wp-content\/uploads\/2011\/08\/110801_Alpintriathlon_114.thumbnail.jpg\" alt=\"110801_Alpintriathlon_114.jpg\" width=\"265\" \/><\/a><\/p>\n<p><a title=\"Foto: Marzena Traber\" href=\"http:\/\/www.fuldaer-nachrichten.de\/wp-content\/uploads\/2011\/08\/110801_Alpintriathlon_115.jpg\" rel=\"lightbox[roadtrip]\" target=\"_blank\"><img decoding=\"async\" src=\"http:\/\/www.fuldaer-nachrichten.de\/wp-content\/uploads\/2011\/08\/110801_Alpintriathlon_115.thumbnail.jpg\" alt=\"110801_Alpintriathlon_115.jpg\" width=\"265\" \/><\/a> <a title=\"Foto: Marzena Traber\" href=\"http:\/\/www.fuldaer-nachrichten.de\/wp-content\/uploads\/2011\/08\/110801_Alpintriathlon_116.jpg\" rel=\"lightbox[roadtrip]\" target=\"_blank\"><img decoding=\"async\" src=\"http:\/\/www.fuldaer-nachrichten.de\/wp-content\/uploads\/2011\/08\/110801_Alpintriathlon_116.thumbnail.jpg\" alt=\"110801_Alpintriathlon_116.jpg\" width=\"265\" \/><\/a><\/p>\n<p><a title=\"Foto: Marzena Traber\" href=\"http:\/\/www.fuldaer-nachrichten.de\/wp-content\/uploads\/2011\/08\/110801_Alpintriathlon_117.jpg\" rel=\"lightbox[roadtrip]\" target=\"_blank\"><img decoding=\"async\" src=\"http:\/\/www.fuldaer-nachrichten.de\/wp-content\/uploads\/2011\/08\/110801_Alpintriathlon_117.thumbnail.jpg\" alt=\"110801_Alpintriathlon_117.jpg\" width=\"265\" \/><\/a> <a title=\"Foto: Marzena Traber\" href=\"http:\/\/www.fuldaer-nachrichten.de\/wp-content\/uploads\/2011\/08\/110801_Alpintriathlon_118.jpg\" rel=\"lightbox[roadtrip]\" target=\"_blank\"><img decoding=\"async\" src=\"http:\/\/www.fuldaer-nachrichten.de\/wp-content\/uploads\/2011\/08\/110801_Alpintriathlon_118.thumbnail.jpg\" alt=\"110801_Alpintriathlon_118.jpg\" width=\"265\" \/><\/a><\/p>\n<p><a title=\"Foto: Marzena Traber\" href=\"http:\/\/www.fuldaer-nachrichten.de\/wp-content\/uploads\/2011\/08\/110801_Alpintriathlon_119.jpg\" rel=\"lightbox[roadtrip]\" target=\"_blank\"><img decoding=\"async\" src=\"http:\/\/www.fuldaer-nachrichten.de\/wp-content\/uploads\/2011\/08\/110801_Alpintriathlon_119.thumbnail.jpg\" alt=\"110801_Alpintriathlon_119.jpg\" width=\"265\" \/><\/a> <a title=\"Foto: Marzena Traber\" href=\"http:\/\/www.fuldaer-nachrichten.de\/wp-content\/uploads\/2011\/08\/110801_Alpintriathlon_120.jpg\" rel=\"lightbox[roadtrip]\" target=\"_blank\"><img decoding=\"async\" src=\"http:\/\/www.fuldaer-nachrichten.de\/wp-content\/uploads\/2011\/08\/110801_Alpintriathlon_120.thumbnail.jpg\" alt=\"110801_Alpintriathlon_120.jpg\" width=\"265\" \/><\/a><\/p>\n<p><a title=\"Foto: Marzena Traber\" href=\"http:\/\/www.fuldaer-nachrichten.de\/wp-content\/uploads\/2011\/08\/110801_Alpintriathlon_121.jpg\" rel=\"lightbox[roadtrip]\" target=\"_blank\"><img decoding=\"async\" src=\"http:\/\/www.fuldaer-nachrichten.de\/wp-content\/uploads\/2011\/08\/110801_Alpintriathlon_121.thumbnail.jpg\" alt=\"110801_Alpintriathlon_121.jpg\" width=\"265\" \/><\/a> <a title=\"Foto: Marzena Traber\" href=\"http:\/\/www.fuldaer-nachrichten.de\/wp-content\/uploads\/2011\/08\/110801_Alpintriathlon_122.jpg\" rel=\"lightbox[roadtrip]\" target=\"_blank\"><img decoding=\"async\" src=\"http:\/\/www.fuldaer-nachrichten.de\/wp-content\/uploads\/2011\/08\/110801_Alpintriathlon_122.thumbnail.jpg\" alt=\"110801_Alpintriathlon_122.jpg\" width=\"265\" \/><\/a><\/p>\n<p><a title=\"Foto: Marzena Traber\" href=\"http:\/\/www.fuldaer-nachrichten.de\/wp-content\/uploads\/2011\/08\/110801_Alpintriathlon_110.jpg\" rel=\"lightbox[roadtrip]\" target=\"_blank\"><img decoding=\"async\" src=\"http:\/\/www.fuldaer-nachrichten.de\/wp-content\/uploads\/2011\/08\/110801_Alpintriathlon_110.thumbnail.jpg\" alt=\"110801_Alpintriathlon_110.jpg\" width=\"265\" \/><\/a> <a title=\"Foto: Marzena Traber\" href=\"http:\/\/www.fuldaer-nachrichten.de\/wp-content\/uploads\/2011\/08\/110801_Alpintriathlon_124.jpg\" rel=\"lightbox[roadtrip]\" target=\"_blank\"><img decoding=\"async\" src=\"http:\/\/www.fuldaer-nachrichten.de\/wp-content\/uploads\/2011\/08\/110801_Alpintriathlon_124.thumbnail.jpg\" alt=\"110801_Alpintriathlon_124.jpg\" width=\"265\" \/><\/a><\/p>\n<p><a title=\"Foto: Marzena Traber\" href=\"http:\/\/www.fuldaer-nachrichten.de\/wp-content\/uploads\/2011\/08\/110801_Alpintriathlon_126.jpg\" rel=\"lightbox[roadtrip]\" target=\"_blank\"><img decoding=\"async\" src=\"http:\/\/www.fuldaer-nachrichten.de\/wp-content\/uploads\/2011\/08\/110801_Alpintriathlon_126.thumbnail.jpg\" alt=\"110801_Alpintriathlon_126.jpg\" width=\"265\" \/><\/a> <a title=\"Foto: Marzena Traber\" href=\"http:\/\/www.fuldaer-nachrichten.de\/wp-content\/uploads\/2011\/08\/110801_Alpintriathlon_123.jpg\" rel=\"lightbox[roadtrip]\" target=\"_blank\"><img decoding=\"async\" src=\"http:\/\/www.fuldaer-nachrichten.de\/wp-content\/uploads\/2011\/08\/110801_Alpintriathlon_123.thumbnail.jpg\" alt=\"110801_Alpintriathlon_123.jpg\" width=\"265\" \/><\/a><\/p>\n<p><a title=\"Foto: Marzena Traber\" href=\"http:\/\/www.fuldaer-nachrichten.de\/wp-content\/uploads\/2011\/08\/110801_Alpintriathlon_125.jpg\" rel=\"lightbox[roadtrip]\" target=\"_blank\"><img decoding=\"async\" src=\"http:\/\/www.fuldaer-nachrichten.de\/wp-content\/uploads\/2011\/08\/110801_Alpintriathlon_125.thumbnail.jpg\" alt=\"110801_Alpintriathlon_125.jpg\" width=\"265\" \/><\/a> <a title=\"Foto: Marzena Traber\" href=\"http:\/\/www.fuldaer-nachrichten.de\/wp-content\/uploads\/2011\/08\/110801_Alpintriathlon_128.jpg\" rel=\"lightbox[roadtrip]\" target=\"_blank\"><img decoding=\"async\" src=\"http:\/\/www.fuldaer-nachrichten.de\/wp-content\/uploads\/2011\/08\/110801_Alpintriathlon_128.thumbnail.jpg\" alt=\"110801_Alpintriathlon_128.jpg\" width=\"265\" \/><\/a><\/p>\n<p><a title=\"Foto: Marzena Traber\" href=\"http:\/\/www.fuldaer-nachrichten.de\/wp-content\/uploads\/2011\/08\/110801_Alpintriathlon_129.jpg\" rel=\"lightbox[roadtrip]\" target=\"_blank\"><img decoding=\"async\" src=\"http:\/\/www.fuldaer-nachrichten.de\/wp-content\/uploads\/2011\/08\/110801_Alpintriathlon_129.thumbnail.jpg\" alt=\"110801_Alpintriathlon_129.jpg\" width=\"265\" \/><\/a> <a title=\"Foto: Marzena Traber\" href=\"http:\/\/www.fuldaer-nachrichten.de\/wp-content\/uploads\/2011\/08\/110801_Alpintriathlon_130.jpg\" rel=\"lightbox[roadtrip]\" target=\"_blank\"><img decoding=\"async\" src=\"http:\/\/www.fuldaer-nachrichten.de\/wp-content\/uploads\/2011\/08\/110801_Alpintriathlon_130.thumbnail.jpg\" alt=\"110801_Alpintriathlon_130.jpg\" width=\"265\" \/><\/a><\/p>\n<p><a title=\"Foto: Marzena Traber\" href=\"http:\/\/www.fuldaer-nachrichten.de\/wp-content\/uploads\/2011\/08\/110801_Alpintriathlon_127.jpg\" rel=\"lightbox[roadtrip]\" target=\"_blank\"><img decoding=\"async\" src=\"http:\/\/www.fuldaer-nachrichten.de\/wp-content\/uploads\/2011\/08\/110801_Alpintriathlon_127.thumbnail.jpg\" alt=\"110801_Alpintriathlon_127.jpg\" width=\"265\" \/><\/a> <a title=\"Foto: Marzena Traber\" href=\"http:\/\/www.fuldaer-nachrichten.de\/wp-content\/uploads\/2011\/08\/110801_Alpintriathlon_132.jpg\" rel=\"lightbox[roadtrip]\" target=\"_blank\"><img decoding=\"async\" src=\"http:\/\/www.fuldaer-nachrichten.de\/wp-content\/uploads\/2011\/08\/110801_Alpintriathlon_132.thumbnail.jpg\" alt=\"110801_Alpintriathlon_132.jpg\" width=\"265\" \/><\/a><\/p>\n<p><a title=\"Foto: Marzena Traber\" href=\"http:\/\/www.fuldaer-nachrichten.de\/wp-content\/uploads\/2011\/08\/110801_Alpintriathlon_143.jpg\" rel=\"lightbox[roadtrip]\" target=\"_blank\"><img decoding=\"async\" src=\"http:\/\/www.fuldaer-nachrichten.de\/wp-content\/uploads\/2011\/08\/110801_Alpintriathlon_143.thumbnail.jpg\" alt=\"110801_Alpintriathlon_143.jpg\" width=\"265\" \/><\/a> <a title=\"Foto: Marzena Traber\" href=\"http:\/\/www.fuldaer-nachrichten.de\/wp-content\/uploads\/2011\/08\/110801_Alpintriathlon_144.jpg\" rel=\"lightbox[roadtrip]\" target=\"_blank\"><img decoding=\"async\" src=\"http:\/\/www.fuldaer-nachrichten.de\/wp-content\/uploads\/2011\/08\/110801_Alpintriathlon_144.thumbnail.jpg\" alt=\"110801_Alpintriathlon_144.jpg\" width=\"265\" \/><\/a><\/p>\n<p><a title=\"Foto: Marzena Traber\" href=\"http:\/\/www.fuldaer-nachrichten.de\/wp-content\/uploads\/2011\/08\/110801_Alpintriathlon_145.jpg\" rel=\"lightbox[roadtrip]\" target=\"_blank\"><img decoding=\"async\" src=\"http:\/\/www.fuldaer-nachrichten.de\/wp-content\/uploads\/2011\/08\/110801_Alpintriathlon_145.thumbnail.jpg\" alt=\"110801_Alpintriathlon_145.jpg\" width=\"265\" \/><\/a> <a title=\"Foto: Marzena Traber\" href=\"http:\/\/www.fuldaer-nachrichten.de\/wp-content\/uploads\/2011\/08\/110801_Alpintriathlon_146.jpg\" rel=\"lightbox[roadtrip]\" target=\"_blank\"><img decoding=\"async\" src=\"http:\/\/www.fuldaer-nachrichten.de\/wp-content\/uploads\/2011\/08\/110801_Alpintriathlon_146.thumbnail.jpg\" alt=\"110801_Alpintriathlon_146.jpg\" width=\"265\" \/><\/a><\/p>\n<p><a title=\"Foto: Marzena Traber\" href=\"http:\/\/www.fuldaer-nachrichten.de\/wp-content\/uploads\/2011\/08\/110801_Alpintriathlon_133.jpg\" rel=\"lightbox[roadtrip]\" target=\"_blank\"><img decoding=\"async\" src=\"http:\/\/www.fuldaer-nachrichten.de\/wp-content\/uploads\/2011\/08\/110801_Alpintriathlon_133.thumbnail.jpg\" alt=\"110801_Alpintriathlon_133.jpg\" width=\"265\" \/><\/a> <a title=\"Foto: Marzena Traber\" href=\"http:\/\/www.fuldaer-nachrichten.de\/wp-content\/uploads\/2011\/08\/110801_Alpintriathlon_134.jpg\" rel=\"lightbox[roadtrip]\" target=\"_blank\"><img decoding=\"async\" src=\"http:\/\/www.fuldaer-nachrichten.de\/wp-content\/uploads\/2011\/08\/110801_Alpintriathlon_134.thumbnail.jpg\" alt=\"110801_Alpintriathlon_134.jpg\" width=\"265\" \/><\/a><\/p>\n<p><a title=\"Foto: Marzena Traber\" href=\"http:\/\/www.fuldaer-nachrichten.de\/wp-content\/uploads\/2011\/08\/110801_Alpintriathlon_136.jpg\" rel=\"lightbox[roadtrip]\" target=\"_blank\"><img decoding=\"async\" src=\"http:\/\/www.fuldaer-nachrichten.de\/wp-content\/uploads\/2011\/08\/110801_Alpintriathlon_136.thumbnail.jpg\" alt=\"110801_Alpintriathlon_136.jpg\" width=\"265\" \/><\/a> <a title=\"Foto: Marzena Traber\" href=\"http:\/\/www.fuldaer-nachrichten.de\/wp-content\/uploads\/2011\/08\/110801_Alpintriathlon_131.jpg\" rel=\"lightbox[roadtrip]\" target=\"_blank\"><img decoding=\"async\" src=\"http:\/\/www.fuldaer-nachrichten.de\/wp-content\/uploads\/2011\/08\/110801_Alpintriathlon_131.thumbnail.jpg\" alt=\"110801_Alpintriathlon_131.jpg\" width=\"265\" \/><\/a><\/p>\n<p><a title=\"Foto: Marzena Traber\" href=\"http:\/\/www.fuldaer-nachrichten.de\/wp-content\/uploads\/2011\/08\/110801_Alpintriathlon_137.jpg\" rel=\"lightbox[roadtrip]\" target=\"_blank\"><img decoding=\"async\" src=\"http:\/\/www.fuldaer-nachrichten.de\/wp-content\/uploads\/2011\/08\/110801_Alpintriathlon_137.thumbnail.jpg\" alt=\"110801_Alpintriathlon_137.jpg\" width=\"265\" \/><\/a> <a title=\"Foto: Marzena Traber\" href=\"http:\/\/www.fuldaer-nachrichten.de\/wp-content\/uploads\/2011\/08\/110801_Alpintriathlon_138.jpg\" rel=\"lightbox[roadtrip]\" target=\"_blank\"><img decoding=\"async\" src=\"http:\/\/www.fuldaer-nachrichten.de\/wp-content\/uploads\/2011\/08\/110801_Alpintriathlon_138.thumbnail.jpg\" alt=\"110801_Alpintriathlon_138.jpg\" width=\"265\" \/><\/a><\/p>\n<p><a title=\"Foto: Marzena Traber\" href=\"http:\/\/www.fuldaer-nachrichten.de\/wp-content\/uploads\/2011\/08\/110801_Alpintriathlon_147.jpg\" rel=\"lightbox[roadtrip]\" target=\"_blank\"><img decoding=\"async\" src=\"http:\/\/www.fuldaer-nachrichten.de\/wp-content\/uploads\/2011\/08\/110801_Alpintriathlon_147.thumbnail.jpg\" alt=\"110801_Alpintriathlon_147.jpg\" width=\"265\" \/><\/a> <a title=\"Foto: Marzena Traber\" href=\"http:\/\/www.fuldaer-nachrichten.de\/wp-content\/uploads\/2011\/08\/110801_Alpintriathlon_148.jpg\" rel=\"lightbox[roadtrip]\" target=\"_blank\"><img decoding=\"async\" src=\"http:\/\/www.fuldaer-nachrichten.de\/wp-content\/uploads\/2011\/08\/110801_Alpintriathlon_148.thumbnail.jpg\" alt=\"110801_Alpintriathlon_148.jpg\" width=\"265\" \/><\/a><\/p>\n<p><a title=\"Foto: Marzena Traber\" href=\"http:\/\/www.fuldaer-nachrichten.de\/wp-content\/uploads\/2011\/08\/110801_Alpintriathlon_141.jpg\" rel=\"lightbox[roadtrip]\" target=\"_blank\"><img decoding=\"async\" src=\"http:\/\/www.fuldaer-nachrichten.de\/wp-content\/uploads\/2011\/08\/110801_Alpintriathlon_141.thumbnail.jpg\" alt=\"110801_Alpintriathlon_141.jpg\" width=\"265\" \/><\/a> <a title=\"Foto: Marzena Traber\" href=\"http:\/\/www.fuldaer-nachrichten.de\/wp-content\/uploads\/2011\/08\/110801_Alpintriathlon_150.jpg\" rel=\"lightbox[roadtrip]\" target=\"_blank\"><img decoding=\"async\" src=\"http:\/\/www.fuldaer-nachrichten.de\/wp-content\/uploads\/2011\/08\/110801_Alpintriathlon_150.thumbnail.jpg\" alt=\"110801_Alpintriathlon_150.jpg\" width=\"265\" \/><\/a><\/p>\n<p><a title=\"Foto: Marzena Traber\" href=\"http:\/\/www.fuldaer-nachrichten.de\/wp-content\/uploads\/2011\/08\/110801_Alpintriathlon_139.jpg\" rel=\"lightbox[roadtrip]\" target=\"_blank\"><img decoding=\"async\" src=\"http:\/\/www.fuldaer-nachrichten.de\/wp-content\/uploads\/2011\/08\/110801_Alpintriathlon_139.thumbnail.jpg\" alt=\"110801_Alpintriathlon_139.jpg\" width=\"265\" \/><\/a> <a title=\"Foto: Marzena Traber\" href=\"http:\/\/www.fuldaer-nachrichten.de\/wp-content\/uploads\/2011\/08\/110801_Alpintriathlon_140.jpg\" rel=\"lightbox[roadtrip]\" target=\"_blank\"><img decoding=\"async\" src=\"http:\/\/www.fuldaer-nachrichten.de\/wp-content\/uploads\/2011\/08\/110801_Alpintriathlon_140.thumbnail.jpg\" alt=\"110801_Alpintriathlon_140.jpg\" width=\"265\" \/><\/a><\/p>\n<p><a title=\"Foto: Marzena Traber\" href=\"http:\/\/www.fuldaer-nachrichten.de\/wp-content\/uploads\/2011\/08\/110801_Alpintriathlon_135.jpg\" rel=\"lightbox[roadtrip]\" target=\"_blank\"><img decoding=\"async\" src=\"http:\/\/www.fuldaer-nachrichten.de\/wp-content\/uploads\/2011\/08\/110801_Alpintriathlon_135.thumbnail.jpg\" alt=\"110801_Alpintriathlon_135.jpg\" width=\"265\" \/><\/a> <a title=\"Foto: Marzena Traber\" href=\"http:\/\/www.fuldaer-nachrichten.de\/wp-content\/uploads\/2011\/08\/110801_Alpintriathlon_142.jpg\" rel=\"lightbox[roadtrip]\" target=\"_blank\"><img decoding=\"async\" src=\"http:\/\/www.fuldaer-nachrichten.de\/wp-content\/uploads\/2011\/08\/110801_Alpintriathlon_142.thumbnail.jpg\" alt=\"110801_Alpintriathlon_142.jpg\" width=\"265\" \/><\/a><\/p>\n<p><a title=\"Foto: Marzena Traber\" href=\"http:\/\/www.fuldaer-nachrichten.de\/wp-content\/uploads\/2011\/08\/110801_Alpintriathlon_155.jpg\" rel=\"lightbox[roadtrip]\" target=\"_blank\"><img decoding=\"async\" src=\"http:\/\/www.fuldaer-nachrichten.de\/wp-content\/uploads\/2011\/08\/110801_Alpintriathlon_155.thumbnail.jpg\" alt=\"110801_Alpintriathlon_155.jpg\" width=\"265\" \/><\/a> <a title=\"Foto: Marzena Traber\" href=\"http:\/\/www.fuldaer-nachrichten.de\/wp-content\/uploads\/2011\/08\/110801_Alpintriathlon_156.jpg\" rel=\"lightbox[roadtrip]\" target=\"_blank\"><img decoding=\"async\" src=\"http:\/\/www.fuldaer-nachrichten.de\/wp-content\/uploads\/2011\/08\/110801_Alpintriathlon_156.thumbnail.jpg\" alt=\"110801_Alpintriathlon_156.jpg\" width=\"265\" \/><\/a><\/p>\n<p><a title=\"Foto: Marzena Traber\" href=\"http:\/\/www.fuldaer-nachrichten.de\/wp-content\/uploads\/2011\/08\/110801_Alpintriathlon_159.jpg\" rel=\"lightbox[roadtrip]\" target=\"_blank\"><img decoding=\"async\" src=\"http:\/\/www.fuldaer-nachrichten.de\/wp-content\/uploads\/2011\/08\/110801_Alpintriathlon_159.thumbnail.jpg\" alt=\"110801_Alpintriathlon_159.jpg\" width=\"265\" \/><\/a> <a title=\"Foto: Marzena Traber\" href=\"http:\/\/www.fuldaer-nachrichten.de\/wp-content\/uploads\/2011\/08\/110801_Alpintriathlon_160.jpg\" rel=\"lightbox[roadtrip]\" target=\"_blank\"><img decoding=\"async\" src=\"http:\/\/www.fuldaer-nachrichten.de\/wp-content\/uploads\/2011\/08\/110801_Alpintriathlon_160.thumbnail.jpg\" alt=\"110801_Alpintriathlon_160.jpg\" width=\"265\" \/><\/a><\/p>\n<p><a title=\"Foto: Marzena Traber\" href=\"http:\/\/www.fuldaer-nachrichten.de\/wp-content\/uploads\/2011\/08\/110801_Alpintriathlon_153.jpg\" rel=\"lightbox[roadtrip]\" target=\"_blank\"><img decoding=\"async\" src=\"http:\/\/www.fuldaer-nachrichten.de\/wp-content\/uploads\/2011\/08\/110801_Alpintriathlon_153.thumbnail.jpg\" alt=\"110801_Alpintriathlon_153.jpg\" width=\"265\" \/><\/a> <a title=\"Foto: Marzena Traber\" href=\"http:\/\/www.fuldaer-nachrichten.de\/wp-content\/uploads\/2011\/08\/110801_Alpintriathlon_154.jpg\" rel=\"lightbox[roadtrip]\" target=\"_blank\"><img decoding=\"async\" src=\"http:\/\/www.fuldaer-nachrichten.de\/wp-content\/uploads\/2011\/08\/110801_Alpintriathlon_154.thumbnail.jpg\" alt=\"110801_Alpintriathlon_154.jpg\" width=\"265\" \/><\/a><\/p>\n<p><a title=\"Foto: Marzena Traber\" href=\"http:\/\/www.fuldaer-nachrichten.de\/wp-content\/uploads\/2011\/08\/110801_Alpintriathlon_161.jpg\" rel=\"lightbox[roadtrip]\" target=\"_blank\"><img decoding=\"async\" src=\"http:\/\/www.fuldaer-nachrichten.de\/wp-content\/uploads\/2011\/08\/110801_Alpintriathlon_161.thumbnail.jpg\" alt=\"110801_Alpintriathlon_161.jpg\" width=\"265\" \/><\/a> <a title=\"Foto: Marzena Traber\" href=\"http:\/\/www.fuldaer-nachrichten.de\/wp-content\/uploads\/2011\/08\/110801_Alpintriathlon_162.jpg\" rel=\"lightbox[roadtrip]\" target=\"_blank\"><img decoding=\"async\" src=\"http:\/\/www.fuldaer-nachrichten.de\/wp-content\/uploads\/2011\/08\/110801_Alpintriathlon_162.thumbnail.jpg\" alt=\"110801_Alpintriathlon_162.jpg\" width=\"265\" \/><\/a><\/p>\n<p><a title=\"Foto: Marzena Traber\" href=\"http:\/\/www.fuldaer-nachrichten.de\/wp-content\/uploads\/2011\/08\/110801_Alpintriathlon_163.jpg\" rel=\"lightbox[roadtrip]\" target=\"_blank\"><img decoding=\"async\" src=\"http:\/\/www.fuldaer-nachrichten.de\/wp-content\/uploads\/2011\/08\/110801_Alpintriathlon_163.thumbnail.jpg\" alt=\"110801_Alpintriathlon_163.jpg\" width=\"265\" \/><\/a>\u00c2\u00a0<a title=\"Foto: Marzena Traber\" href=\"http:\/\/www.fuldaer-nachrichten.de\/wp-content\/uploads\/2011\/08\/110801_Alpintriathlon_157.jpg\" rel=\"lightbox[roadtrip]\" target=\"_blank\"><img decoding=\"async\" src=\"http:\/\/www.fuldaer-nachrichten.de\/wp-content\/uploads\/2011\/08\/110801_Alpintriathlon_157.thumbnail.jpg\" alt=\"110801_Alpintriathlon_157.jpg\" width=\"265\" \/><\/a><\/p>\n<p><a title=\"Foto: Marzena Traber\" href=\"http:\/\/www.fuldaer-nachrichten.de\/wp-content\/uploads\/2011\/08\/110801_Alpintriathlon_164.jpg\" rel=\"lightbox[roadtrip]\" target=\"_blank\"><img decoding=\"async\" src=\"http:\/\/www.fuldaer-nachrichten.de\/wp-content\/uploads\/2011\/08\/110801_Alpintriathlon_164.thumbnail.jpg\" alt=\"110801_Alpintriathlon_164.jpg\" width=\"265\" \/><\/a> <a title=\"Foto: Marzena Traber\" href=\"http:\/\/www.fuldaer-nachrichten.de\/wp-content\/uploads\/2011\/08\/110801_Alpintriathlon_152.jpg\" rel=\"lightbox[roadtrip]\" target=\"_blank\"><img decoding=\"async\" src=\"http:\/\/www.fuldaer-nachrichten.de\/wp-content\/uploads\/2011\/08\/110801_Alpintriathlon_152.thumbnail.jpg\" alt=\"110801_Alpintriathlon_152.jpg\" width=\"265\" \/><\/a><\/p>\n<p><a title=\"Foto: Marzena Traber\" href=\"http:\/\/www.fuldaer-nachrichten.de\/wp-content\/uploads\/2011\/08\/110801_Alpintriathlon_151.jpg\" rel=\"lightbox[roadtrip]\" target=\"_blank\"><img decoding=\"async\" src=\"http:\/\/www.fuldaer-nachrichten.de\/wp-content\/uploads\/2011\/08\/110801_Alpintriathlon_151.thumbnail.jpg\" alt=\"110801_Alpintriathlon_151.jpg\" width=\"265\" \/><\/a><\/p>\n<p>&nbsp;<\/p>\n","protected":false},"excerpt":{"rendered":"<div class=\"tmnf_excerpt\"><p>Rh\u00f6n. Trotz Regenwetters kamen \u00fcber 60 Sportler und zahlreiche Zuschauer am vergangenen Samstag zur 4. Auflage des Rh\u00f6ner Alpintriathlons. Dabei stand die Ausf\u00fchrung des Wettkampfes bis kurz vor Beginn noch auf der Kippe, hatte doch der p\u00fcnktlich zum Wettkampfbeginn einsetzende Regen die zun\u00e4chst vorgesehenen Klettertouren an der Gro\u00dfen Steinwand unm\u00f6glich gemacht. Deshalb wurden spontan\u00c2\u00a0 die &hellip;<\/p>\n<\/div>","protected":false},"author":1,"featured_media":0,"comment_status":"closed","ping_status":"closed","sticky":false,"template":"","format":"standard","meta":{"footnotes":""},"categories":[1,54,46],"tags":[],"class_list":["post-88708","post","type-post","status-publish","format-standard","hentry","category-startseite","category-bildergalerien","category-sport"],"_links":{"self":[{"href":"https:\/\/www.fuldaernachrichten.de\/index.php?rest_route=\/wp\/v2\/posts\/88708","targetHints":{"allow":["GET"]}}],"collection":[{"href":"https:\/\/www.fuldaernachrichten.de\/index.php?rest_route=\/wp\/v2\/posts"}],"about":[{"href":"https:\/\/www.fuldaernachrichten.de\/index.php?rest_route=\/wp\/v2\/types\/post"}],"author":[{"embeddable":true,"href":"https:\/\/www.fuldaernachrichten.de\/index.php?rest_route=\/wp\/v2\/users\/1"}],"replies":[{"embeddable":true,"href":"https:\/\/www.fuldaernachrichten.de\/index.php?rest_route=%2Fwp%2Fv2%2Fcomments&post=88708"}],"version-history":[{"count":1,"href":"https:\/\/www.fuldaernachrichten.de\/index.php?rest_route=\/wp\/v2\/posts\/88708\/revisions"}],"predecessor-version":[{"id":88745,"href":"https:\/\/www.fuldaernachrichten.de\/index.php?rest_route=\/wp\/v2\/posts\/88708\/revisions\/88745"}],"wp:attachment":[{"href":"https:\/\/www.fuldaernachrichten.de\/index.php?rest_route=%2Fwp%2Fv2%2Fmedia&parent=88708"}],"wp:term":[{"taxonomy":"category","embeddable":true,"href":"https:\/\/www.fuldaernachrichten.de\/index.php?rest_route=%2Fwp%2Fv2%2Fcategories&post=88708"},{"taxonomy":"post_tag","embeddable":true,"href":"https:\/\/www.fuldaernachrichten.de\/index.php?rest_route=%2Fwp%2Fv2%2Ftags&post=88708"}],"curies":[{"name":"wp","href":"https:\/\/api.w.org\/{rel}","templated":true}]}}