{"id":88696,"date":"2011-07-31T00:14:57","date_gmt":"2011-07-31T00:14:57","guid":{"rendered":"http:\/\/www.fuldaer-nachrichten.de\/?p=88696"},"modified":"2011-07-31T08:41:18","modified_gmt":"2011-07-31T08:41:18","slug":"kreiswahlleiter-dr-wingenfeld-briefwahl-jetzt-schon-moglich","status":"publish","type":"post","link":"https:\/\/www.fuldaernachrichten.de\/?p=88696","title":{"rendered":"Kreiswahlleiter Dr. Wingenfeld: \u201eBriefwahl jetzt schon m\u00f6glich\u201c"},"content":{"rendered":"<p><strong>Fulda. <\/strong>Am 4. September 2011 findet die Direktwahl des Landrats des Landkreises Fulda statt. Bereits ab kommenden Montag, 1. August, besteht die M\u00f6glichkeit, Briefwahlunterlagen bei den Wahl\u00e4mtern der St\u00e4dte und Gemeinden zu erhalten. Die Wahlbenachrichtigungskarten, auf deren R\u00fcckseite ein entsprechendes Antragsformular abgedruckt ist, werden zwar erst noch zugestellt. Antr\u00e4ge k\u00f6nnen aber auch ohne diesen Vordruck per Brief oder E-Mail gestellt werden. Einige St\u00e4dte und Gemeinden haben als besonderen Service ein elektronisches Antragsformular in ihr Internetangebot eingestellt, so dass die Briefwahlunterlagen auf einfache Weise beantragt werden k\u00f6nnen. Eine telefonische Beantragung ist nicht m\u00f6glich.<!--more--><\/p>\n<p>Der Briefwahlantrag kann auch m\u00fcndlich im Wahlamt gestellt werden. Dazu gen\u00fcgt die Vorlage des Personalausweises. Dies hat den Vorteil, dass die Unterlagen sofort in Empfang genommen werden k\u00f6nnen und die Briefwahl an Ort und Stelle in einer Wahlkabine durchgef\u00fchrt werden kann. Wer die Unterlagen auch f\u00fcr eine andere Person wie etwa den Partner oder die Eltern mitnehmen m\u00f6chte, ben\u00f6tigt eine schriftliche Vollmacht der betreffenden Person(en).<\/p>\n<p>Wer jetzt schon wei\u00df, dass er am 4. September nicht in seinem Wahllokal an der Direktwahl des Landrats teilnehmen kann, und beispielsweise eine l\u00e4ngere Reise plant, kann jetzt schon die Briefwahlunterlagen beantragen und so die Wahlteilnahme sichern. Kreiswahlleiter Dr. Heiko Wingenfeld wei\u00dft ausdr\u00fccklich auf die M\u00f6glichkeit der Briefwahl hin, um auch auf diese Weise eine m\u00f6glichst hohe Wahlbeteiligung bei der Landratswahl am 4.\u00c2\u00a0September zu erreichen.<\/p>\n","protected":false},"excerpt":{"rendered":"<div class=\"tmnf_excerpt\"><p>Fulda. Am 4. September 2011 findet die Direktwahl des Landrats des Landkreises Fulda statt. Bereits ab kommenden Montag, 1. August, besteht die M\u00f6glichkeit, Briefwahlunterlagen bei den Wahl\u00e4mtern der St\u00e4dte und Gemeinden zu erhalten. Die Wahlbenachrichtigungskarten, auf deren R\u00fcckseite ein entsprechendes Antragsformular abgedruckt ist, werden zwar erst noch zugestellt. Antr\u00e4ge k\u00f6nnen aber auch ohne diesen Vordruck &hellip;<\/p>\n<\/div>","protected":false},"author":1,"featured_media":0,"comment_status":"closed","ping_status":"closed","sticky":false,"template":"","format":"standard","meta":{"footnotes":""},"categories":[1],"tags":[],"class_list":["post-88696","post","type-post","status-publish","format-standard","hentry","category-startseite"],"_links":{"self":[{"href":"https:\/\/www.fuldaernachrichten.de\/index.php?rest_route=\/wp\/v2\/posts\/88696","targetHints":{"allow":["GET"]}}],"collection":[{"href":"https:\/\/www.fuldaernachrichten.de\/index.php?rest_route=\/wp\/v2\/posts"}],"about":[{"href":"https:\/\/www.fuldaernachrichten.de\/index.php?rest_route=\/wp\/v2\/types\/post"}],"author":[{"embeddable":true,"href":"https:\/\/www.fuldaernachrichten.de\/index.php?rest_route=\/wp\/v2\/users\/1"}],"replies":[{"embeddable":true,"href":"https:\/\/www.fuldaernachrichten.de\/index.php?rest_route=%2Fwp%2Fv2%2Fcomments&post=88696"}],"version-history":[{"count":0,"href":"https:\/\/www.fuldaernachrichten.de\/index.php?rest_route=\/wp\/v2\/posts\/88696\/revisions"}],"wp:attachment":[{"href":"https:\/\/www.fuldaernachrichten.de\/index.php?rest_route=%2Fwp%2Fv2%2Fmedia&parent=88696"}],"wp:term":[{"taxonomy":"category","embeddable":true,"href":"https:\/\/www.fuldaernachrichten.de\/index.php?rest_route=%2Fwp%2Fv2%2Fcategories&post=88696"},{"taxonomy":"post_tag","embeddable":true,"href":"https:\/\/www.fuldaernachrichten.de\/index.php?rest_route=%2Fwp%2Fv2%2Ftags&post=88696"}],"curies":[{"name":"wp","href":"https:\/\/api.w.org\/{rel}","templated":true}]}}