{"id":88695,"date":"2011-07-31T00:12:35","date_gmt":"2011-07-31T00:12:35","guid":{"rendered":"http:\/\/www.fuldaer-nachrichten.de\/?p=88695"},"modified":"2011-07-31T08:40:50","modified_gmt":"2011-07-31T08:40:50","slug":"leichter-bevolkerungsruckgang-im-landkreis-fulda","status":"publish","type":"post","link":"https:\/\/www.fuldaernachrichten.de\/?p=88695","title":{"rendered":"Leichter Bev\u00f6lkerungsr\u00fcckgang im Landkreis Fulda"},"content":{"rendered":"<p><strong>Fulda. <\/strong>Die Bev\u00f6lkerung des Landkreises Fulda ging auch im letzten Quartal des vergangenen Jahres leicht zur\u00fcck. Am 31. Dezember 2010 lebten 217.255 Menschen im Landkreis. Das waren 504 Personen oder 0,2 Prozent weniger als im Jahr zuvor. Nach f\u00fcnf Jahren r\u00fcckl\u00e4ufiger Entwicklung ist die Gesamtbev\u00f6lkerungszahl Hessens wieder leicht um rund 5.100 Personen oder 0,1 Prozent angestiegen, wobei das st\u00e4rkste Bev\u00f6lkerungswachstum in den kreisfreien St\u00e4dten und ihrem Umkreis stattfand. Im Vergleich zu den \u00fcbrigen Fl\u00e4chenkreisen in Hessen lag der Landkreis Fulda im Mittelfeld. Unter den nordhessischen Kreisen verzeichnete er auf Regierungsbezirksebene die geringsten Verluste.<!--more--><\/p>\n<p>Die Bev\u00f6lkerungsentwicklung im Landkreis war uneinheitlich. Die Gemeinden Rasdorf (+0,4%), Kalbach (+0,3%), K\u00fcnzell und Dipperz (jeweils 0,2%) sowie die Stadt Fulda (+0,3%) hatten leichte Zunahmen. Den zahlenm\u00e4\u00dfig st\u00e4rksten Anstieg verzeichnete Fulda mit 172 Personen. In den \u00fcbrigen St\u00e4dten und Gemeinden gab es R\u00fcckg\u00e4nge. Auch in den Stadtrandgemeinden Eichenzell und Petersberg kehrte sich die bisherige Entwicklung um. Die Zahl der Geburten ist in 2010 kreisweit von 1.761 um 91 angestiegen, die Zahl der Sterbef\u00e4lle von 2.148 um 40 gesunken. Die st\u00e4rksten Geburtenzunahmen verzeichneten Ebersburg, Neuhof und Bad Salzschlirf. Insgesamt wurde f\u00fcr den Landkreis Fulda ein Wanderungsverlust von 220 Personen ermittelt. Gewinne gab es in acht Kommunen, darunter am st\u00e4rksten in Fulda, K\u00fcnzell und Kalbach.<\/p>\n","protected":false},"excerpt":{"rendered":"<div class=\"tmnf_excerpt\"><p>Fulda. Die Bev\u00f6lkerung des Landkreises Fulda ging auch im letzten Quartal des vergangenen Jahres leicht zur\u00fcck. Am 31. Dezember 2010 lebten 217.255 Menschen im Landkreis. Das waren 504 Personen oder 0,2 Prozent weniger als im Jahr zuvor. Nach f\u00fcnf Jahren r\u00fcckl\u00e4ufiger Entwicklung ist die Gesamtbev\u00f6lkerungszahl Hessens wieder leicht um rund 5.100 Personen oder 0,1 Prozent &hellip;<\/p>\n<\/div>","protected":false},"author":1,"featured_media":0,"comment_status":"closed","ping_status":"closed","sticky":false,"template":"","format":"standard","meta":{"footnotes":""},"categories":[1],"tags":[],"class_list":["post-88695","post","type-post","status-publish","format-standard","hentry","category-startseite"],"_links":{"self":[{"href":"https:\/\/www.fuldaernachrichten.de\/index.php?rest_route=\/wp\/v2\/posts\/88695","targetHints":{"allow":["GET"]}}],"collection":[{"href":"https:\/\/www.fuldaernachrichten.de\/index.php?rest_route=\/wp\/v2\/posts"}],"about":[{"href":"https:\/\/www.fuldaernachrichten.de\/index.php?rest_route=\/wp\/v2\/types\/post"}],"author":[{"embeddable":true,"href":"https:\/\/www.fuldaernachrichten.de\/index.php?rest_route=\/wp\/v2\/users\/1"}],"replies":[{"embeddable":true,"href":"https:\/\/www.fuldaernachrichten.de\/index.php?rest_route=%2Fwp%2Fv2%2Fcomments&post=88695"}],"version-history":[{"count":0,"href":"https:\/\/www.fuldaernachrichten.de\/index.php?rest_route=\/wp\/v2\/posts\/88695\/revisions"}],"wp:attachment":[{"href":"https:\/\/www.fuldaernachrichten.de\/index.php?rest_route=%2Fwp%2Fv2%2Fmedia&parent=88695"}],"wp:term":[{"taxonomy":"category","embeddable":true,"href":"https:\/\/www.fuldaernachrichten.de\/index.php?rest_route=%2Fwp%2Fv2%2Fcategories&post=88695"},{"taxonomy":"post_tag","embeddable":true,"href":"https:\/\/www.fuldaernachrichten.de\/index.php?rest_route=%2Fwp%2Fv2%2Ftags&post=88695"}],"curies":[{"name":"wp","href":"https:\/\/api.w.org\/{rel}","templated":true}]}}