{"id":88693,"date":"2011-07-31T00:42:00","date_gmt":"2011-07-31T00:42:00","guid":{"rendered":"http:\/\/www.fuldaer-nachrichten.de\/?p=88693"},"modified":"2011-07-31T08:42:21","modified_gmt":"2011-07-31T08:42:21","slug":"kneipp-gesundheitstage-am-17-18-september-in-gersfeldrhon","status":"publish","type":"post","link":"https:\/\/www.fuldaernachrichten.de\/?p=88693","title":{"rendered":"Kneipp-Gesundheitstage am 17.\/18. September in Gersfeld\/Rh\u00f6n"},"content":{"rendered":"<p><strong><a href=\"http:\/\/www.fuldaer-nachrichten.de\/wp-content\/uploads\/2011\/07\/110729_Kneipp.jpg\"><img fetchpriority=\"high\" decoding=\"async\" class=\"alignleft size-thumbnail wp-image-88694\" title=\"110729_Kneipp\" src=\"http:\/\/www.fuldaer-nachrichten.de\/wp-content\/uploads\/2011\/07\/110729_Kneipp-265x192.jpg\" alt=\"\" width=\"265\" height=\"192\" srcset=\"https:\/\/www.fuldaernachrichten.de\/wp-content\/uploads\/2011\/07\/110729_Kneipp-265x192.jpg 265w, https:\/\/www.fuldaernachrichten.de\/wp-content\/uploads\/2011\/07\/110729_Kneipp.jpg 592w\" sizes=\"(max-width: 265px) 100vw, 265px\" \/><\/a>Gersfeld. <\/strong>Die Lehren des ber\u00fchmten Pfarrers Sebastian Kneipp stehen im Mittelpunkt der 1. Kneipp-Gesundheitstage am 17.\/18. September 2011 im hessischen Gersfeld. In Ausstellung, Vortr\u00e4gen, Vorf\u00fchrungen und Mitmachaktionen erfahren Besucher, wie sie die f\u00fcnf S\u00e4ulen Lebensordnung, Bewegung, Ern\u00e4hrung, Wasser und Heilpflanzen in jeder Phase ihres Lebens umsetzen und so aktiv zur Gesunderhaltung beitragen k\u00f6nnen. Zu den Referenten z\u00e4hlt Bestsellerautor Werner Tiki K\u00fcstenmacher (\u201eSimplify your life\u201c). Weitere Informationen unter <a href=\"http:\/\/www.kneipp-lv-hessen.de\/\">www.kneipp-lv-hessen.de<\/a>.<\/p>\n","protected":false},"excerpt":{"rendered":"<div class=\"tmnf_excerpt\"><p>Gersfeld. Die Lehren des ber\u00fchmten Pfarrers Sebastian Kneipp stehen im Mittelpunkt der 1. Kneipp-Gesundheitstage am 17.\/18. September 2011 im hessischen Gersfeld. In Ausstellung, Vortr\u00e4gen, Vorf\u00fchrungen und Mitmachaktionen erfahren Besucher, wie sie die f\u00fcnf S\u00e4ulen Lebensordnung, Bewegung, Ern\u00e4hrung, Wasser und Heilpflanzen in jeder Phase ihres Lebens umsetzen und so aktiv zur Gesunderhaltung beitragen k\u00f6nnen. Zu den &hellip;<\/p>\n<\/div>","protected":false},"author":1,"featured_media":0,"comment_status":"closed","ping_status":"closed","sticky":false,"template":"","format":"standard","meta":{"footnotes":""},"categories":[1],"tags":[],"class_list":["post-88693","post","type-post","status-publish","format-standard","hentry","category-startseite"],"_links":{"self":[{"href":"https:\/\/www.fuldaernachrichten.de\/index.php?rest_route=\/wp\/v2\/posts\/88693","targetHints":{"allow":["GET"]}}],"collection":[{"href":"https:\/\/www.fuldaernachrichten.de\/index.php?rest_route=\/wp\/v2\/posts"}],"about":[{"href":"https:\/\/www.fuldaernachrichten.de\/index.php?rest_route=\/wp\/v2\/types\/post"}],"author":[{"embeddable":true,"href":"https:\/\/www.fuldaernachrichten.de\/index.php?rest_route=\/wp\/v2\/users\/1"}],"replies":[{"embeddable":true,"href":"https:\/\/www.fuldaernachrichten.de\/index.php?rest_route=%2Fwp%2Fv2%2Fcomments&post=88693"}],"version-history":[{"count":0,"href":"https:\/\/www.fuldaernachrichten.de\/index.php?rest_route=\/wp\/v2\/posts\/88693\/revisions"}],"wp:attachment":[{"href":"https:\/\/www.fuldaernachrichten.de\/index.php?rest_route=%2Fwp%2Fv2%2Fmedia&parent=88693"}],"wp:term":[{"taxonomy":"category","embeddable":true,"href":"https:\/\/www.fuldaernachrichten.de\/index.php?rest_route=%2Fwp%2Fv2%2Fcategories&post=88693"},{"taxonomy":"post_tag","embeddable":true,"href":"https:\/\/www.fuldaernachrichten.de\/index.php?rest_route=%2Fwp%2Fv2%2Ftags&post=88693"}],"curies":[{"name":"wp","href":"https:\/\/api.w.org\/{rel}","templated":true}]}}