{"id":88683,"date":"2011-09-08T00:14:27","date_gmt":"2011-09-08T00:14:27","guid":{"rendered":"http:\/\/www.fuldaer-nachrichten.de\/?p=88683"},"modified":"2011-09-08T08:17:44","modified_gmt":"2011-09-08T08:17:44","slug":"neu-im-kino-mein-stuck-vom-kuchen-kinostart-am-15-09-2011","status":"publish","type":"post","link":"https:\/\/www.fuldaernachrichten.de\/?p=88683","title":{"rendered":"Neu im Kino: Mein St\u00fcck vom Kuchen &#8211; Kinostart am 15.09.2011"},"content":{"rendered":"<p><strong><a href=\"http:\/\/www.fuldaer-nachrichten.de\/wp-content\/uploads\/2011\/07\/110729_Kuchen.jpg\"><img fetchpriority=\"high\" decoding=\"async\" class=\"alignleft size-thumbnail wp-image-88684\" title=\"110729_Kuchen\" src=\"http:\/\/www.fuldaer-nachrichten.de\/wp-content\/uploads\/2011\/07\/110729_Kuchen-265x353.jpg\" alt=\"\" width=\"265\" height=\"353\" srcset=\"https:\/\/www.fuldaernachrichten.de\/wp-content\/uploads\/2011\/07\/110729_Kuchen-265x353.jpg 265w, https:\/\/www.fuldaernachrichten.de\/wp-content\/uploads\/2011\/07\/110729_Kuchen-198x265.jpg 198w, https:\/\/www.fuldaernachrichten.de\/wp-content\/uploads\/2011\/07\/110729_Kuchen.jpg 399w\" sizes=\"(max-width: 265px) 100vw, 265px\" \/><\/a>Kino. <\/strong>Als France ihren Job in D\u00fcnkirchen verliert \u2013 weil die Fabrik, in der sie seit 20 Jahren arbeitet, geschlossen wird \u2013 wagt sie den Schritt in die franz\u00f6sische Hauptstadt. Sie hat Gl\u00fcck im Ungl\u00fcck und findet schnell eine Stelle als Reinigungskraft bei dem B\u00f6rsenhai Steve, der zwischen London und Paris pendelt. Unterschiedlicher k\u00f6nnten zwei Menschen nicht sein: Auf der einen Seite die tatkr\u00e4ftige Mutter von drei T\u00f6chtern, die jeden Cent umdrehen muss, auf der anderen der zynische Gesch\u00e4ftsmann, der in schwachen Momenten in Selbstmitleid ertrinkt. Trotzdem entwickeln die beiden Sympathien f\u00fcreinander. Denn France ist nicht nur eine gute Zuh\u00f6rerin, sie k\u00fcmmert sich auch liebevoll um Steves kleinen Sohn. Und auch Steve hat durchaus liebenswerte Z\u00fcge. Als France ihren Boss auf einer Gesch\u00e4ftsreise nach London begleitet, verbringen sie die Nacht miteinander. Doch schon am n\u00e4chsten Morgen ist nichts mehr wie zuvor, denn France erf\u00e4hrt, dass Steve hinter der Schlie\u00dfung der Fabrik in D\u00fcnkirchen steckt. France wittert eine Chance, sich zu r\u00e4chen\u00e2\u20ac\u00a6<\/p>\n<p><strong>Kinostart: 15.09.2011<\/strong><\/p>\n","protected":false},"excerpt":{"rendered":"<div class=\"tmnf_excerpt\"><p>Kino. Als France ihren Job in D\u00fcnkirchen verliert \u2013 weil die Fabrik, in der sie seit 20 Jahren arbeitet, geschlossen wird \u2013 wagt sie den Schritt in die franz\u00f6sische Hauptstadt. Sie hat Gl\u00fcck im Ungl\u00fcck und findet schnell eine Stelle als Reinigungskraft bei dem B\u00f6rsenhai Steve, der zwischen London und Paris pendelt. Unterschiedlicher k\u00f6nnten zwei &hellip;<\/p>\n<\/div>","protected":false},"author":1,"featured_media":0,"comment_status":"closed","ping_status":"closed","sticky":false,"template":"","format":"standard","meta":{"footnotes":""},"categories":[79],"tags":[],"class_list":["post-88683","post","type-post","status-publish","format-standard","hentry","category-kino"],"_links":{"self":[{"href":"https:\/\/www.fuldaernachrichten.de\/index.php?rest_route=\/wp\/v2\/posts\/88683","targetHints":{"allow":["GET"]}}],"collection":[{"href":"https:\/\/www.fuldaernachrichten.de\/index.php?rest_route=\/wp\/v2\/posts"}],"about":[{"href":"https:\/\/www.fuldaernachrichten.de\/index.php?rest_route=\/wp\/v2\/types\/post"}],"author":[{"embeddable":true,"href":"https:\/\/www.fuldaernachrichten.de\/index.php?rest_route=\/wp\/v2\/users\/1"}],"replies":[{"embeddable":true,"href":"https:\/\/www.fuldaernachrichten.de\/index.php?rest_route=%2Fwp%2Fv2%2Fcomments&post=88683"}],"version-history":[{"count":0,"href":"https:\/\/www.fuldaernachrichten.de\/index.php?rest_route=\/wp\/v2\/posts\/88683\/revisions"}],"wp:attachment":[{"href":"https:\/\/www.fuldaernachrichten.de\/index.php?rest_route=%2Fwp%2Fv2%2Fmedia&parent=88683"}],"wp:term":[{"taxonomy":"category","embeddable":true,"href":"https:\/\/www.fuldaernachrichten.de\/index.php?rest_route=%2Fwp%2Fv2%2Fcategories&post=88683"},{"taxonomy":"post_tag","embeddable":true,"href":"https:\/\/www.fuldaernachrichten.de\/index.php?rest_route=%2Fwp%2Fv2%2Ftags&post=88683"}],"curies":[{"name":"wp","href":"https:\/\/api.w.org\/{rel}","templated":true}]}}