{"id":88662,"date":"2011-07-31T00:12:06","date_gmt":"2011-07-31T00:12:06","guid":{"rendered":"http:\/\/www.fuldaer-nachrichten.de\/?p=88662"},"modified":"2011-07-31T08:43:32","modified_gmt":"2011-07-31T08:43:32","slug":"sozialminister-kritisiert-geplante-forderpraxis-fur-das-freiwillige-soziale-jahr","status":"publish","type":"post","link":"https:\/\/www.fuldaernachrichten.de\/?p=88662","title":{"rendered":"Sozialminister kritisiert geplante F\u00f6rderpraxis f\u00fcr das Freiwillige Soziale Jahr"},"content":{"rendered":"<p><strong>Wiesbaden.<\/strong> Sozialminister Stefan Gr\u00fcttner kritisiert die angek\u00fcndigte Praxis des Bundesministeriums f\u00fcr Familie, Senioren, Frauen und Jugend (BMFSFJ) zur F\u00f6rderung des Freiwilligen Sozialen Jahres (FSJ) im Zusammenhang mit dem Bundesfreiwilligendienst (BFD). \u201eDie vom BMFSFJ geplante neue F\u00f6rderpraxis steht im Widerspruch zur bisherigen Vereinbarung, mit der Einf\u00fchrung des BFD gleichzeitig die bestehenden Jugendfreiwilligendienste zu st\u00e4rken und die F\u00f6rderung gleichwertig zu gestalten. Aber nur so kann es m\u00f6glich sein, eine Vielfalt der unterschiedlichen Formate und eine ausgewogene Zust\u00e4ndigkeit f\u00fcr das b\u00fcrgerschaftliche Engagement zu gew\u00e4hrleisten\u201c, erkl\u00e4rte Gr\u00fcttner. <!--more--><\/p>\n<p>Das BMFSFJ f\u00fchrt an, dass anonyme Stichproben bei den Einsatzstellen ergeben h\u00e4tten, dass \u00fcberwiegend FSJ-Pl\u00e4tze angeboten worden seien, was die Einf\u00fchrung des BFD behindere. Das Bundesministerium beabsichtigt daher als Konsequenz, k\u00fcnftig nur noch FSJ-Pl\u00e4tze zu f\u00f6rdern, wenn das Verh\u00e4ltnis zu den BFD-Pl\u00e4tzen 3:2 ist. Dies h\u00e4tte eine Umwidmung bestehender FSJ- in BFD-Vertr\u00e4ge zur Folge.<\/p>\n<p>Die geplante Begrenzung der FSJ-F\u00f6rderung basiere auf der Annahme, so Gr\u00fcttner weiter, dass Einsatzstellen und Tr\u00e4ger des FSJ den neuen BFD nicht in ausreichendem Ma\u00dfe bewerben. \u201eDie Verantwortung daf\u00fcr, dass der BFD trotz der Werbekampagnen des BMFSFJ noch nicht den gew\u00fcnschten Bekanntheitsgrad hat, kann nicht den Einsatzstellen und Tr\u00e4gern des FSJ zugeschrieben werden\u201c, betonte der Sozialminister. Die Etablierung des BFD werde Zeit ben\u00f6tigen und bed\u00fcrfe auch in Zukunft der vertrauensvollen Zusammenarbeit aller Beteiligten. \u201eDeshalb ist es absolut unverst\u00e4ndlich, dass eine \u00c4nderung der F\u00f6rderpraxis vorgenommen werden soll, die Einsatzstellen und Tr\u00e4ger des FSJ unter Druck setzt.\u201c<\/p>\n<p>Laut der R\u00fcckmeldung der Tr\u00e4ger in Hessen sei die Nachfrage nach dem FSJ-Format gr\u00f6\u00dfer als die nach dem BFD. Hintergrund hierf\u00fcr sei vor nach wie vor der Bekanntheitsgrad des FSJ. Sozialminister Stefan Gr\u00fcttner k\u00fcndigte an, sich in Berlin daf\u00fcr einzusetzen, dass die Bundesregierung bei der mit den L\u00e4ndern abgesprochenen F\u00f6rderpraxis bleibt und daran nichts \u00e4ndert.<\/p>\n","protected":false},"excerpt":{"rendered":"<div class=\"tmnf_excerpt\"><p>Wiesbaden. Sozialminister Stefan Gr\u00fcttner kritisiert die angek\u00fcndigte Praxis des Bundesministeriums f\u00fcr Familie, Senioren, Frauen und Jugend (BMFSFJ) zur F\u00f6rderung des Freiwilligen Sozialen Jahres (FSJ) im Zusammenhang mit dem Bundesfreiwilligendienst (BFD). \u201eDie vom BMFSFJ geplante neue F\u00f6rderpraxis steht im Widerspruch zur bisherigen Vereinbarung, mit der Einf\u00fchrung des BFD gleichzeitig die bestehenden Jugendfreiwilligendienste zu st\u00e4rken und die &hellip;<\/p>\n<\/div>","protected":false},"author":1,"featured_media":0,"comment_status":"closed","ping_status":"closed","sticky":false,"template":"","format":"standard","meta":{"footnotes":""},"categories":[1],"tags":[],"class_list":["post-88662","post","type-post","status-publish","format-standard","hentry","category-startseite"],"_links":{"self":[{"href":"https:\/\/www.fuldaernachrichten.de\/index.php?rest_route=\/wp\/v2\/posts\/88662","targetHints":{"allow":["GET"]}}],"collection":[{"href":"https:\/\/www.fuldaernachrichten.de\/index.php?rest_route=\/wp\/v2\/posts"}],"about":[{"href":"https:\/\/www.fuldaernachrichten.de\/index.php?rest_route=\/wp\/v2\/types\/post"}],"author":[{"embeddable":true,"href":"https:\/\/www.fuldaernachrichten.de\/index.php?rest_route=\/wp\/v2\/users\/1"}],"replies":[{"embeddable":true,"href":"https:\/\/www.fuldaernachrichten.de\/index.php?rest_route=%2Fwp%2Fv2%2Fcomments&post=88662"}],"version-history":[{"count":0,"href":"https:\/\/www.fuldaernachrichten.de\/index.php?rest_route=\/wp\/v2\/posts\/88662\/revisions"}],"wp:attachment":[{"href":"https:\/\/www.fuldaernachrichten.de\/index.php?rest_route=%2Fwp%2Fv2%2Fmedia&parent=88662"}],"wp:term":[{"taxonomy":"category","embeddable":true,"href":"https:\/\/www.fuldaernachrichten.de\/index.php?rest_route=%2Fwp%2Fv2%2Fcategories&post=88662"},{"taxonomy":"post_tag","embeddable":true,"href":"https:\/\/www.fuldaernachrichten.de\/index.php?rest_route=%2Fwp%2Fv2%2Ftags&post=88662"}],"curies":[{"name":"wp","href":"https:\/\/api.w.org\/{rel}","templated":true}]}}