{"id":88657,"date":"2011-07-30T00:27:59","date_gmt":"2011-07-30T00:27:59","guid":{"rendered":"http:\/\/www.fuldaer-nachrichten.de\/?p=88657"},"modified":"2011-07-29T12:28:13","modified_gmt":"2011-07-29T12:28:13","slug":"sport-und-bildungsforderung-fur-fuldas-kleinste-neue-turnhalle-bei-der-ottilienschule-in-niesig-entsteht","status":"publish","type":"post","link":"https:\/\/www.fuldaernachrichten.de\/?p=88657","title":{"rendered":"Sport- und Bildungsf\u00f6rderung f\u00fcr Fuldas Kleinste &#8211; Neue Turnhalle bei der Ottilienschule in Niesig entsteht"},"content":{"rendered":"<p><strong>Fulda.<\/strong> \u201eDie Rohbauarbeiten k\u00f6nnen jetzt starten\u201c, mit diesen Worten beschreibt Oberb\u00fcrgermeister\u00c2\u00a0 Gerhard M\u00f6ller den nahenden Beginn des Baus der neuen Turnhalle an der Ottilienschule in Fulda-Niesig. Nachdem die Erdarbeiten bereits begonnen wurden, konnte der Magistrat in seiner j\u00fcngsten Sitzung die Auftragsvergaben f\u00fcr die Rohbauarbeiten wie z.B. die Erstellung des Fundaments, Abwasserkanal-, Maurer- und Beton-Stahlbetonarbeiten in Auftrag gegeben. \u201eDiese Arbeiten markieren den sichtbaren Beginn des Rohbaues mit dem wir der Grundschule in Niesig eine tolle Sportst\u00e4tte errichten werden. Die Sch\u00fclerinnen und Sch\u00fcler der Ottilienschule werden in der neuen Sporthalle eine Vielzahl von Sportarten durchf\u00fchren k\u00f6nnen\u201c, so M\u00f6ller. Der Verwaltungschef sieht hier einen weiteren Investitions-Baustein in das Bildungsangebot Fuldas, dass gerade in den letzten Jahren erheblich untermauert wurde. <!--more--><\/p>\n<p><strong>P\u00e4dagogisch besonders wertvoll<\/strong><\/p>\n<p>\u201eWir werden die Grundschule in Niesig mit einer neuen Turnhalle erweitern und somit auch den p\u00e4dagogischen Teil erf\u00fcllen, der dem Bewegungsdrang der Kinder entspricht. Ca. 1,75 Mio. EUR wird die Stadt als Schultr\u00e4ger in den Neubau investieren\u201c, res\u00fcmiert M\u00f6ller. Die Einfeldsporthalle mit einer Gesamtgr\u00f6\u00dfe von ca. 1.165 qm wird im s\u00fcdwestlichen Bereich des Schulgel\u00e4ndes, n\u00f6rdlich der Niesiger Stra\u00dfe errichtet. Da der Bauk\u00f6rper weitestgehend eingegraben wird und die Spielebene somit ca. 4 Meter unter dem Gel\u00e4ndeverlauf liegt, wird es m\u00f6glich sein, dass die Spielebene barrierefrei erschlossen werden k\u00f6nnen. M\u00f6ller: \u201eDiese Erschlie\u00dfung, die auch neue Wege notwendig macht, ist uns besonders wichtig, da so garantiert wird, dass die Turnhalle von allen genutzt werden kann\u201c.<\/p>\n<p><strong>In den Schulstandort Fulda erheblich investiert<\/strong><\/p>\n<p>Diesen Bau m\u00f6chte M\u00f6ller im Gesamtkontext aller Ma\u00dfnahmen im schulischen Bereich sehen. Ca. 30 Mio. EUR, die in den letzten beiden Jahren in die Schulsanierung, Erweiterung und Verbesserung am Schulstandort Fulda investiert wurden, dienen den Sch\u00fclerinnen und Sch\u00fclern sowie der gesamten Lernfeldverbesserung. M\u00f6ller betonte die Bedeutung der neuen Turnhalle f\u00fcr den Vereinssport, \u201eder beste M\u00f6glichkeiten geboten bekommt. Dazu gewinnt der Stadtteil einen<br \/>\nneuen Infrastrukturbaustein, der seit langem gew\u00fcnscht wurde.\u201c (hm)<\/p>\n","protected":false},"excerpt":{"rendered":"<div class=\"tmnf_excerpt\"><p>Fulda. \u201eDie Rohbauarbeiten k\u00f6nnen jetzt starten\u201c, mit diesen Worten beschreibt Oberb\u00fcrgermeister\u00c2\u00a0 Gerhard M\u00f6ller den nahenden Beginn des Baus der neuen Turnhalle an der Ottilienschule in Fulda-Niesig. Nachdem die Erdarbeiten bereits begonnen wurden, konnte der Magistrat in seiner j\u00fcngsten Sitzung die Auftragsvergaben f\u00fcr die Rohbauarbeiten wie z.B. die Erstellung des Fundaments, Abwasserkanal-, Maurer- und Beton-Stahlbetonarbeiten in &hellip;<\/p>\n<\/div>","protected":false},"author":1,"featured_media":0,"comment_status":"closed","ping_status":"closed","sticky":false,"template":"","format":"standard","meta":{"footnotes":""},"categories":[1],"tags":[],"class_list":["post-88657","post","type-post","status-publish","format-standard","hentry","category-startseite"],"_links":{"self":[{"href":"https:\/\/www.fuldaernachrichten.de\/index.php?rest_route=\/wp\/v2\/posts\/88657","targetHints":{"allow":["GET"]}}],"collection":[{"href":"https:\/\/www.fuldaernachrichten.de\/index.php?rest_route=\/wp\/v2\/posts"}],"about":[{"href":"https:\/\/www.fuldaernachrichten.de\/index.php?rest_route=\/wp\/v2\/types\/post"}],"author":[{"embeddable":true,"href":"https:\/\/www.fuldaernachrichten.de\/index.php?rest_route=\/wp\/v2\/users\/1"}],"replies":[{"embeddable":true,"href":"https:\/\/www.fuldaernachrichten.de\/index.php?rest_route=%2Fwp%2Fv2%2Fcomments&post=88657"}],"version-history":[{"count":0,"href":"https:\/\/www.fuldaernachrichten.de\/index.php?rest_route=\/wp\/v2\/posts\/88657\/revisions"}],"wp:attachment":[{"href":"https:\/\/www.fuldaernachrichten.de\/index.php?rest_route=%2Fwp%2Fv2%2Fmedia&parent=88657"}],"wp:term":[{"taxonomy":"category","embeddable":true,"href":"https:\/\/www.fuldaernachrichten.de\/index.php?rest_route=%2Fwp%2Fv2%2Fcategories&post=88657"},{"taxonomy":"post_tag","embeddable":true,"href":"https:\/\/www.fuldaernachrichten.de\/index.php?rest_route=%2Fwp%2Fv2%2Ftags&post=88657"}],"curies":[{"name":"wp","href":"https:\/\/api.w.org\/{rel}","templated":true}]}}