{"id":88648,"date":"2011-07-29T00:10:24","date_gmt":"2011-07-29T00:10:24","guid":{"rendered":"http:\/\/www.fuldaer-nachrichten.de\/?p=88648"},"modified":"2011-07-29T06:33:00","modified_gmt":"2011-07-29T06:33:00","slug":"neue-mobilfunkempfehlungen-erleichtern-breitbandausbau","status":"publish","type":"post","link":"https:\/\/www.fuldaernachrichten.de\/?p=88648","title":{"rendered":"Neue Mobilfunkempfehlungen erleichtern Breitbandausbau"},"content":{"rendered":"<p><strong>Wiesbaden. <\/strong>Um den Breitbandausbau weiter voranzutreiben, hat das Hessische Wirtschaftsministerium seine Mobilfunkempfehlungen aktualisiert und an die mittlerweile erleichterte Rechtslage angepasst. \u201eMit diesen \u00c4nderungen haben wir die Weichen richtig gestellt: Das Verfahren wird verschlankt und technischer Fortschritt beschleunigt. Das ist ein Beitrag zur fl\u00e4chendeckenden Breitbandgrundversorgung, die wir bis Ende des Jahres erreichen wollen\u00e2\u20ac\u009d, erkl\u00e4rte Wirtschaftsminister Dieter Posch.<!--more--><\/p>\n<p>Mobilfunk spielt eine wesentliche Rolle beim Anschluss l\u00e4ndlicher Regionen an das schnelle Internet. Die \u00fcberarbeiteten \u201eHinweise und Empfehlungen zur baurechtlichen Beurteilung von Mobilfunkanlagen\u201c fassen die rechtlichen Rahmenbedingungen f\u00fcr Mobilfunkanlagen zusammen und geben allen Beteiligten Hinweise an die Hand, damit der Netzausbau z\u00fcgig umgesetzt werden kann. Dabei ist beispielsweise auch die j\u00fcngste Novelle der Hessischen Bauordnung ber\u00fccksichtigt.<\/p>\n<p>Die Empfehlungen behandeln auch Aspekte des Immissions- und des Gesundheitsschutzes. Sie richten sich in erster Linie an Baubeh\u00f6rden, Telekommunikationsunternehmen sowie an St\u00e4dte und Gemeinden, die insbesondere mittels Bebauungspl\u00e4nen die Errichtung von Mobilfunkanlagen steuern k\u00f6nnen. Sie ersetzen die fr\u00fchere Fassung aus dem Jahr 2003. \u201eSchnelles Internet ist heute eine unerl\u00e4ssliche Infrastruktur f\u00fcr B\u00fcrger und Unternehmen, und f\u00fcr Kommunen ist sie ein wichtiger Standortfaktor\u201c, sagte der Minister. \u201eBreitbandausbau ist deshalb praktische Wirtschaftspolitik.\u201c<\/p>\n","protected":false},"excerpt":{"rendered":"<div class=\"tmnf_excerpt\"><p>Wiesbaden. Um den Breitbandausbau weiter voranzutreiben, hat das Hessische Wirtschaftsministerium seine Mobilfunkempfehlungen aktualisiert und an die mittlerweile erleichterte Rechtslage angepasst. \u201eMit diesen \u00c4nderungen haben wir die Weichen richtig gestellt: Das Verfahren wird verschlankt und technischer Fortschritt beschleunigt. Das ist ein Beitrag zur fl\u00e4chendeckenden Breitbandgrundversorgung, die wir bis Ende des Jahres erreichen wollen\u00e2\u20ac\u009d, erkl\u00e4rte Wirtschaftsminister Dieter &hellip;<\/p>\n<\/div>","protected":false},"author":1,"featured_media":0,"comment_status":"closed","ping_status":"closed","sticky":false,"template":"","format":"standard","meta":{"footnotes":""},"categories":[1],"tags":[],"class_list":["post-88648","post","type-post","status-publish","format-standard","hentry","category-startseite"],"_links":{"self":[{"href":"https:\/\/www.fuldaernachrichten.de\/index.php?rest_route=\/wp\/v2\/posts\/88648","targetHints":{"allow":["GET"]}}],"collection":[{"href":"https:\/\/www.fuldaernachrichten.de\/index.php?rest_route=\/wp\/v2\/posts"}],"about":[{"href":"https:\/\/www.fuldaernachrichten.de\/index.php?rest_route=\/wp\/v2\/types\/post"}],"author":[{"embeddable":true,"href":"https:\/\/www.fuldaernachrichten.de\/index.php?rest_route=\/wp\/v2\/users\/1"}],"replies":[{"embeddable":true,"href":"https:\/\/www.fuldaernachrichten.de\/index.php?rest_route=%2Fwp%2Fv2%2Fcomments&post=88648"}],"version-history":[{"count":0,"href":"https:\/\/www.fuldaernachrichten.de\/index.php?rest_route=\/wp\/v2\/posts\/88648\/revisions"}],"wp:attachment":[{"href":"https:\/\/www.fuldaernachrichten.de\/index.php?rest_route=%2Fwp%2Fv2%2Fmedia&parent=88648"}],"wp:term":[{"taxonomy":"category","embeddable":true,"href":"https:\/\/www.fuldaernachrichten.de\/index.php?rest_route=%2Fwp%2Fv2%2Fcategories&post=88648"},{"taxonomy":"post_tag","embeddable":true,"href":"https:\/\/www.fuldaernachrichten.de\/index.php?rest_route=%2Fwp%2Fv2%2Ftags&post=88648"}],"curies":[{"name":"wp","href":"https:\/\/api.w.org\/{rel}","templated":true}]}}