{"id":88644,"date":"2011-07-30T00:15:46","date_gmt":"2011-07-30T00:15:46","guid":{"rendered":"http:\/\/www.fuldaer-nachrichten.de\/?p=88644"},"modified":"2011-07-29T12:34:32","modified_gmt":"2011-07-29T12:34:32","slug":"neues-kindergartenjahr-startetversorgungsgrad-fur-kinder-ab-drei-jahren-hessenweit-bei-uber-100-prozent","status":"publish","type":"post","link":"https:\/\/www.fuldaernachrichten.de\/?p=88644","title":{"rendered":"Neues Kindergartenjahr startet:Versorgungsgrad f\u00fcr Kinder ab drei Jahren hessenweit bei \u00fcber 100 Prozent"},"content":{"rendered":"<p><strong>Wiesbaden.<\/strong> Am kommenden Montag, 1. August 2011, geht\u00e2\u20ac\u2122s los: Das neue Kindergartenjahr beginnt in Hessen positiv. \u201eWenn nach den Ferien die Kinderg\u00e4rten wieder ihre Pforten \u00f6ffnen, steht f\u00fcr jedes hessische Kind, das drei Jahre oder \u00e4lter ist, ein freier Kindergartenplatz zur Verf\u00fcgung. Hessenweit liegt der Versorgungsgrad bei Kindergartenpl\u00e4tzen bei \u00fcber 100 Prozent\u00e2\u20ac\u009d, teilte der Hessische Sozialminister Stefan Gr\u00fcttner in Wiesbaden mit. Diese hohe Quote sei eine der wichtigsten Voraussetzungen, um die Vereinbarkeit von Familie und Beruf weiter zu verbessern.<!--more--><\/p>\n<p>Die Zahl der Kindertageseinrichtungen in Hessen ist von 3.977 (2010) auf \u00fcber 4.000 gestiegen. Die Tr\u00e4ger verf\u00fcgen \u00fcber rund 193.000 Kindergartenpl\u00e4tze f\u00fcr Kinder von drei Jahren bis zum Schuleintritt. Hinzu kommen rund 30.000 Pl\u00e4tze zur Schulkinderbetreuung und inzwischen \u00fcber 33.400 Betreuungspl\u00e4tze in Kindertageseinrichtungen f\u00fcr Kinder unter drei Jahren. \u201eDie starke Nachfrage nach Betreuungspl\u00e4tzen f\u00fcr Kinder unter Drei f\u00fchrt dazu, dass sich immer mehr Kinderg\u00e4rten f\u00fcr Kinder unter drei Jahre \u00f6ffnen. Sie nutzen damit die Chance, die sich durch die r\u00fcckl\u00e4ufigen Kinderzahlen ergibt\u00e2\u20ac\u009d, sagte Gr\u00fcttner.<\/p>\n<p>Mittlerweile bleiben immer mehr Kinder bis in den Nachmittag in der Kita: \u00dcber 40 Prozent aller Kinder nehmen die Betreuung in Kindertageseinrichtungen f\u00fcr mehr als sieben Stunden t\u00e4glich in Anspruch. Leicht zugenommen hat auch die Zahl der Inanspruchnahme von Betreuungspl\u00e4tzen in Kindertageseinrichtungen durch Kinder mit Migrationshintergrund. Besuchten im Vorjahr rund 83.000 Kinder mit Mitgrationshintergrund eine Kindertageseinrichtung, so nutzen in diesem Jahr rund 85.000 das Betreuungsangebot. Au\u00dferdem erf\u00fcllen Kindertageseinrichtungen eine wichtige Funktion bei der Integration von Kindern mit Behinderungen. Derzeit besuchen rund 4.900 eine Kindertageseinrichtung.<\/p>\n<p>Nachdem im Kindergartenbereich dank der intensiven Anstrengungen der Kommunen, freien Tr\u00e4ger und Kirchen mittlerweile eine Vollversorgung erreicht ist, sieht Sozialminister Gr\u00fcttner den Schwerpunkt weiterhin vor allem in der Verbesserung der Betreuungsangebote f\u00fcr Kinder unter drei Jahren. Deshalb erhalten die Kommunen in Hessen Zusch\u00fcsse in H\u00f6he von insgesamt rund 165 Millionen Euro in den Jahren 2008 bis 2013. Diese sind f\u00fcr Investitionen in die Schaffung neuer Betreuungspl\u00e4tze f\u00fcr Kinder unter drei Jahren gedacht. Einen weiteren Anreiz daf\u00fcr, dass schnell neue Betreuungspl\u00e4tze f\u00fcr die J\u00fcngsten geschaffen werden, setzt Hessen mit dem U3-Neuplatzbonus. F\u00fcr jeden neuen Platz, der im Jahr 2011 verf\u00fcgbar wird, zahlt Hessen einmalig 1.500 Euro. In 2012 werden f\u00fcr diese Pl\u00e4tze nochmal 800 Euro gezahlt. 800 Euro werden auch einmalig f\u00fcr Pl\u00e4tze gezahlt, die in 2012 neu bereitgestellt werden.<\/p>\n<p>Das Land Hessen f\u00f6rdert zudem den Ausbau der U3-Pl\u00e4tze bereits seit 2007 mit dem BAMBINI-Programm. \u201eDank des gro\u00dfen Engagements der Kommunen und der massiven finanziellen Unterst\u00fctzung ist inzwischen eine Versorgungsquote von 26,9 Prozent bei der U3-Betreuung erreicht. Zu Beginn des Kinderjahres 2010 waren es noch 20,9 Prozent. Das BAMBINI-F\u00f6rderprogramm hat ma\u00dfgeblich zu dieser erfolgreichen Entwicklung in Hessen beigetragen.\u201c Die j\u00e4hrlich zur Verf\u00fcgung gestellten Haushaltsmittel von 45 Millionen Euro im Jahre 2007 wurden auf inzwischen 95 Millionen Euro im Jahr 2011 erh\u00f6ht. \u201eHessen ist auf einem guten Weg, der wachsenden Nachfrage nach Betreuungsm\u00f6glichkeiten f\u00fcr diese Altersgruppe gerecht zu werden\u201c, so der Sozialminister abschlie\u00dfend.<\/p>\n","protected":false},"excerpt":{"rendered":"<div class=\"tmnf_excerpt\"><p>Wiesbaden. Am kommenden Montag, 1. August 2011, geht\u00e2\u20ac\u2122s los: Das neue Kindergartenjahr beginnt in Hessen positiv. \u201eWenn nach den Ferien die Kinderg\u00e4rten wieder ihre Pforten \u00f6ffnen, steht f\u00fcr jedes hessische Kind, das drei Jahre oder \u00e4lter ist, ein freier Kindergartenplatz zur Verf\u00fcgung. Hessenweit liegt der Versorgungsgrad bei Kindergartenpl\u00e4tzen bei \u00fcber 100 Prozent\u00e2\u20ac\u009d, teilte der Hessische &hellip;<\/p>\n<\/div>","protected":false},"author":1,"featured_media":0,"comment_status":"closed","ping_status":"closed","sticky":false,"template":"","format":"standard","meta":{"footnotes":""},"categories":[1],"tags":[],"class_list":["post-88644","post","type-post","status-publish","format-standard","hentry","category-startseite"],"_links":{"self":[{"href":"https:\/\/www.fuldaernachrichten.de\/index.php?rest_route=\/wp\/v2\/posts\/88644","targetHints":{"allow":["GET"]}}],"collection":[{"href":"https:\/\/www.fuldaernachrichten.de\/index.php?rest_route=\/wp\/v2\/posts"}],"about":[{"href":"https:\/\/www.fuldaernachrichten.de\/index.php?rest_route=\/wp\/v2\/types\/post"}],"author":[{"embeddable":true,"href":"https:\/\/www.fuldaernachrichten.de\/index.php?rest_route=\/wp\/v2\/users\/1"}],"replies":[{"embeddable":true,"href":"https:\/\/www.fuldaernachrichten.de\/index.php?rest_route=%2Fwp%2Fv2%2Fcomments&post=88644"}],"version-history":[{"count":0,"href":"https:\/\/www.fuldaernachrichten.de\/index.php?rest_route=\/wp\/v2\/posts\/88644\/revisions"}],"wp:attachment":[{"href":"https:\/\/www.fuldaernachrichten.de\/index.php?rest_route=%2Fwp%2Fv2%2Fmedia&parent=88644"}],"wp:term":[{"taxonomy":"category","embeddable":true,"href":"https:\/\/www.fuldaernachrichten.de\/index.php?rest_route=%2Fwp%2Fv2%2Fcategories&post=88644"},{"taxonomy":"post_tag","embeddable":true,"href":"https:\/\/www.fuldaernachrichten.de\/index.php?rest_route=%2Fwp%2Fv2%2Ftags&post=88644"}],"curies":[{"name":"wp","href":"https:\/\/api.w.org\/{rel}","templated":true}]}}