{"id":88629,"date":"2011-07-29T00:20:36","date_gmt":"2011-07-29T00:20:36","guid":{"rendered":"http:\/\/www.fuldaer-nachrichten.de\/?p=88629"},"modified":"2011-07-29T06:43:00","modified_gmt":"2011-07-29T06:43:00","slug":"osthessische-reservisten-gedenken-widerstandskampfer-vom-20-juli-1944","status":"publish","type":"post","link":"https:\/\/www.fuldaernachrichten.de\/?p=88629","title":{"rendered":"Osthessische Reservisten gedenken der Widerstandsk\u00e4mpfer vom 20. Juli 1944"},"content":{"rendered":"<p><strong><a href=\"http:\/\/www.fuldaer-nachrichten.de\/wp-content\/uploads\/2011\/07\/110728_Grab.jpg\"><img fetchpriority=\"high\" decoding=\"async\" class=\"alignleft size-thumbnail wp-image-88630\" title=\"110728_Grab\" src=\"http:\/\/www.fuldaer-nachrichten.de\/wp-content\/uploads\/2011\/07\/110728_Grab-265x249.jpg\" alt=\"\" width=\"265\" height=\"249\" srcset=\"https:\/\/www.fuldaernachrichten.de\/wp-content\/uploads\/2011\/07\/110728_Grab-265x249.jpg 265w, https:\/\/www.fuldaernachrichten.de\/wp-content\/uploads\/2011\/07\/110728_Grab.jpg 592w\" sizes=\"(max-width: 265px) 100vw, 265px\" \/><\/a>H\u00fcnfeld.<\/strong> Am Mittwochabend, auf den Tag genau 67 Jahre nach dem gescheiterten Attentat auf Adolf Hitler, gedachte die Kreisgruppe Osthessen im Verband der Reservisten der Deutschen Bundeswehr in H\u00fcnfeld der Opfer der nationalsozialistischen Gewaltherrschaft. Im H\u00fcnfelder Bonifatiuskloster begann die gut besuchte Feierstunde mit einem gemeinsamen Gottesdienst, den Pater Katzer unter das Thema Frieden als Gottes Gabe gestellt hatte. Danach folgte eine von einigen Musikern des Reservistenmusikzugs Hessen musikalisch umrahmte Kranzniederlegung am Grab von Pater Friedrich Lorenz, der am 13. November 1944 der Nazi-Justiz zum Opfer fiel und als M\u00e4rtyrer auf dem H\u00fcnfelder Klosterfriedhof begraben liegt.<!--more--><\/p>\n<p>Oberstleutnant d. R. Carsten Trinks, Vorsitzender des Reservistenverbands in Osthessen, w\u00fcrdigte alle Menschen, die sich dem Unrecht der Nazi-Zeit widersetzten und ihr Leben f\u00fcr den Frieden eingesetzt haben. \u201eTrotz seines Scheiterns bleibt das Attentat vom 20. Juli 1944 von gro\u00dfer Bedeutung f\u00fcr die R\u00fcckkehr des deutschen Volkes und der Soldaten in die zivile Gemeinschaft\u201c, betonte Trinks. Auch H\u00fcnfelds Stadtrat Theo Fl\u00fcgel w\u00fcrdigte die Opferbereitschaft der Widerstandsk\u00e4mpfer. Nach Gottesdienst und Kranzniederlegung referierte mit Generalmajor d. R. Christian Millotat ein international anerkannter Sachkenner zu dem Thema \u201eOffiziere im Widerstand gegen Hitler\u201c.<\/p>\n<p>Millotat betonte den hohen Symbolwert des gescheiterten Attentats vom 20. Juli 1944, mit dem die Widerstandsgruppen ein Zeichen gesetzt h\u00e4tten. Die Vertreter des Widerstands h\u00e4tten sich gegen das Nazi-Regime aufgelehnt, sie seinen Vorbilder und verdienten unsere Achtung. Nach lebhafter Diskussion klang der Abend mit einem gemeinsamen Imbiss im Klostergeb\u00e4ude aus. Die Feier stand traditionell unter der Schirmherrschaft von B\u00fcrgermeister Dr. Fennel. Bundesweit hat der Reservistenverband mehr als 123.000 Mitglieder. Er versteht sich als Mittler verteidigungs- und sicherheitspolitischer Themen in der Gesellschaft der Bundesrepublik Deutschland und feierte gerade erst sein 50-j\u00e4hriges Bestehen.<\/p>\n","protected":false},"excerpt":{"rendered":"<div class=\"tmnf_excerpt\"><p>H\u00fcnfeld. Am Mittwochabend, auf den Tag genau 67 Jahre nach dem gescheiterten Attentat auf Adolf Hitler, gedachte die Kreisgruppe Osthessen im Verband der Reservisten der Deutschen Bundeswehr in H\u00fcnfeld der Opfer der nationalsozialistischen Gewaltherrschaft. Im H\u00fcnfelder Bonifatiuskloster begann die gut besuchte Feierstunde mit einem gemeinsamen Gottesdienst, den Pater Katzer unter das Thema Frieden als Gottes &hellip;<\/p>\n<\/div>","protected":false},"author":1,"featured_media":0,"comment_status":"closed","ping_status":"closed","sticky":false,"template":"","format":"standard","meta":{"footnotes":""},"categories":[1],"tags":[],"class_list":["post-88629","post","type-post","status-publish","format-standard","hentry","category-startseite"],"_links":{"self":[{"href":"https:\/\/www.fuldaernachrichten.de\/index.php?rest_route=\/wp\/v2\/posts\/88629","targetHints":{"allow":["GET"]}}],"collection":[{"href":"https:\/\/www.fuldaernachrichten.de\/index.php?rest_route=\/wp\/v2\/posts"}],"about":[{"href":"https:\/\/www.fuldaernachrichten.de\/index.php?rest_route=\/wp\/v2\/types\/post"}],"author":[{"embeddable":true,"href":"https:\/\/www.fuldaernachrichten.de\/index.php?rest_route=\/wp\/v2\/users\/1"}],"replies":[{"embeddable":true,"href":"https:\/\/www.fuldaernachrichten.de\/index.php?rest_route=%2Fwp%2Fv2%2Fcomments&post=88629"}],"version-history":[{"count":0,"href":"https:\/\/www.fuldaernachrichten.de\/index.php?rest_route=\/wp\/v2\/posts\/88629\/revisions"}],"wp:attachment":[{"href":"https:\/\/www.fuldaernachrichten.de\/index.php?rest_route=%2Fwp%2Fv2%2Fmedia&parent=88629"}],"wp:term":[{"taxonomy":"category","embeddable":true,"href":"https:\/\/www.fuldaernachrichten.de\/index.php?rest_route=%2Fwp%2Fv2%2Fcategories&post=88629"},{"taxonomy":"post_tag","embeddable":true,"href":"https:\/\/www.fuldaernachrichten.de\/index.php?rest_route=%2Fwp%2Fv2%2Ftags&post=88629"}],"curies":[{"name":"wp","href":"https:\/\/api.w.org\/{rel}","templated":true}]}}