{"id":88604,"date":"2011-07-28T00:05:12","date_gmt":"2011-07-28T00:05:12","guid":{"rendered":"http:\/\/www.fuldaer-nachrichten.de\/?p=88604"},"modified":"2011-07-27T16:36:04","modified_gmt":"2011-07-27T16:36:04","slug":"fuldaer-lichterfest-am-06-august-2011-im-schlossgarten","status":"publish","type":"post","link":"https:\/\/www.fuldaernachrichten.de\/?p=88604","title":{"rendered":"Fuldaer Lichterfest am 06. August 2011 im Schlossgarten"},"content":{"rendered":"<p><strong><a href=\"http:\/\/www.fuldaer-nachrichten.de\/wp-content\/uploads\/2011\/07\/110727_Lichterfest5.jpg\"><img decoding=\"async\" class=\"alignleft size-thumbnail wp-image-88614\" title=\"110727_Lichterfest5\" src=\"http:\/\/www.fuldaer-nachrichten.de\/wp-content\/uploads\/2011\/07\/110727_Lichterfest5.jpg\" alt=\"\" width=\"560\" srcset=\"https:\/\/www.fuldaernachrichten.de\/wp-content\/uploads\/2011\/07\/110727_Lichterfest5.jpg 592w, https:\/\/www.fuldaernachrichten.de\/wp-content\/uploads\/2011\/07\/110727_Lichterfest5-265x177.jpg 265w\" sizes=\"(max-width: 592px) 100vw, 592px\" \/><\/a>Fulda.<\/strong> \u201eWenn sich der barocke Schlossgarten in ein Lichtermeer verwandelt, erwartet uns immer ein ganz wunderbares Ambiente\u201c, erkl\u00e4rt Oberb\u00fcrgermeister Gerhard M\u00f6ller. Diese ergreifende Atmosph\u00e4re, die viele Menschen vor zwei Jahren beim Lichterfest erleben durften und der gro\u00dfe Zuspruch der damaligen Besucher hat die Floreng\u00e4\u00dfner Brunnenzeche und die Stadt Fulda dazu veranlasst, am 06. August 2011 wieder ein Lichterfest zu veranstalten. Im Schlossgarten z\u00fcnden mit Einbruch der D\u00e4mmerung viele Helfer fast 10.000 Teelichter an, die Wiesen, Treppen und Balustraden zieren. Zus\u00e4tzliche eindrucksvolle Lichteffekte lassen die alten B\u00e4ume, das Schloss, die Orangerie und die Flora als zauberhaftes Bild erscheinen. \u201eW\u00e4hrend der offizielle Beginn um 18 Uhr ist, kann man bis Mitternacht eine Stimmung der ganz besonderen Art erleben, die zum Flanieren und Verweilen einl\u00e4dt\u201c, so Elisabeth Schr\u00f6der von der Floreng\u00e4\u00dfner Brunnenzeche e. V. Fulda, die zusammen mit Oberb\u00fcrgermeister Gerhard M\u00f6ller das Fest er\u00f6ffnen wird.<!--more--><\/p>\n<p><strong>Leckeres Essen und gute Musik<\/strong><\/p>\n<p><strong><\/strong><a href=\"http:\/\/www.fuldaer-nachrichten.de\/wp-content\/uploads\/2011\/07\/110727_Lichterfest4.jpg\"><img decoding=\"async\" class=\"alignleft size-thumbnail wp-image-88612\" title=\"110727_Lichterfest4\" src=\"http:\/\/www.fuldaer-nachrichten.de\/wp-content\/uploads\/2011\/07\/110727_Lichterfest4-265x177.jpg\" alt=\"\" width=\"265\" height=\"177\" srcset=\"https:\/\/www.fuldaernachrichten.de\/wp-content\/uploads\/2011\/07\/110727_Lichterfest4-265x177.jpg 265w, https:\/\/www.fuldaernachrichten.de\/wp-content\/uploads\/2011\/07\/110727_Lichterfest4.jpg 592w\" sizes=\"(max-width: 265px) 100vw, 265px\" \/><\/a>Von deftig Gegrilltem bis hin zu Eis und Cr\u00c3\u00aapes \u2013 Die kulinarische Karte der Fuldaer Gastronomen und Metzgereien, die vor Ort die Besucher willkommen hei\u00dfen, bietet von traditionellen Speisen bis hin zu Feinschmeckergerichten Leckeres zu volkst\u00fcmlichen Preisen. Hervorragende Weine, Hochstift vom Fass, Sekt und fruchtige Cocktails, aber auch alkoholfreie Getr\u00e4nke inkl. einer Vielfalt an Kaffeevariationen runden das Angebot ab. Ein buntes musikalisches Programm sorgt an vier Standpunkten f\u00fcr eine klangvolle Umrahmung des Abends. Der \u201eMusikverein Niesig\u201c unter der Leitung von Claus H\u00e4ssler, die \u201eJugend-Big-Band\u201c Neuhof unter der Leitung von Heiko Stolz, die Dixieland Band \u201eDixie Pigs\u201c, die Jungle Tones und gegen 22 Uhr \u201eTarge of Gordan\u201c zeigen ihr musikalisches K\u00f6nnen. K\u00fcnstlerische Feuerstellen und der Feuerakteur Claus Wiedekamp sowie die seltene Gelegenheit, vom Turm des Schlosses \u00fcber Fulda und auf den Lichterglanz herabzublicken, bieten ebenfalls reizvolle Eindr\u00fccke.<\/p>\n<p><strong>Oldtimer und Biedermeierpaare<\/strong><\/p>\n<p><a href=\"http:\/\/www.fuldaer-nachrichten.de\/wp-content\/uploads\/2011\/07\/110727_Lichterfest3.jpg\"><img decoding=\"async\" class=\"alignleft size-thumbnail wp-image-88609\" title=\"110727_Lichterfest3\" src=\"http:\/\/www.fuldaer-nachrichten.de\/wp-content\/uploads\/2011\/07\/110727_Lichterfest3-265x177.jpg\" alt=\"\" width=\"265\" height=\"177\" srcset=\"https:\/\/www.fuldaernachrichten.de\/wp-content\/uploads\/2011\/07\/110727_Lichterfest3-265x177.jpg 265w, https:\/\/www.fuldaernachrichten.de\/wp-content\/uploads\/2011\/07\/110727_Lichterfest3.jpg 592w\" sizes=\"(max-width: 265px) 100vw, 265px\" \/><\/a>Noch bevor man den Schlossgarten betritt, kann man sich vor dem offiziellen Beginn des Lichterfestes von den liebevoll restaurierten \u201emobilen Sch\u00f6nheiten\u201c der Oldtimer-Freunde Harmerz e.V. auf der Pauluspromenade faszinieren lassen. Au\u00dferdem wird der Besucher durch flanierende Biedermeierpaare der Floreng\u00e4\u00dfner Brunnenzeche und anderer befreundeter Biedermeiergruppen in ihren festlichen Roben in die Zeit Mitte des 19. Jahrhunderts versetzt. Ein weiteres Highlight wird an diesem Abend ein Feuerwerk sein, das mit passender musikalischer Untermalung kurz vor 24 Uhr den kr\u00f6nenden Abschluss bildet. \u201eDie Floreng\u00e4\u00dfner Brunnenzeche freut sich schon riesig auf das Lichterfest und l\u00e4dt alle Menschen aus Fulda und der Region herzlich dazu ein, auf einem Fest der besonderen Art das herrliche Ambiente zu genie\u00dfen\u201c, so Elisabeth Schr\u00f6der.<\/p>\n<p><strong>Historie und Vereinsleben der Floreng\u00e4\u00dfner Brunnenzeche<\/strong><\/p>\n<p><a href=\"http:\/\/www.fuldaer-nachrichten.de\/wp-content\/uploads\/2011\/07\/110727_Lichterfest2.jpg\"><img fetchpriority=\"high\" decoding=\"async\" class=\"alignleft size-thumbnail wp-image-88610\" title=\"110727_Lichterfest2\" src=\"http:\/\/www.fuldaer-nachrichten.de\/wp-content\/uploads\/2011\/07\/110727_Lichterfest2-265x395.jpg\" alt=\"\" width=\"265\" height=\"395\" srcset=\"https:\/\/www.fuldaernachrichten.de\/wp-content\/uploads\/2011\/07\/110727_Lichterfest2-265x395.jpg 265w, https:\/\/www.fuldaernachrichten.de\/wp-content\/uploads\/2011\/07\/110727_Lichterfest2-177x265.jpg 177w, https:\/\/www.fuldaernachrichten.de\/wp-content\/uploads\/2011\/07\/110727_Lichterfest2.jpg 399w\" sizes=\"(max-width: 265px) 100vw, 265px\" \/><\/a>In ihrer heutigen Form besteht die Floreng\u00e4\u00dfner Brunnenzeche seit der Vereinsgr\u00fcndung im Jahre 1934. Damit kn\u00fcpften die Initiatoren an die Zeit an, in der die Wasserversorgung der Stadt noch nicht \u00fcber Hausanschl\u00fcsse, sondern \u00fcber Brunnen erfolgte. Die zur Reinhaltung der Anlagen eingesetzten Brunnenherren richteten einmal im Jahr das Fest der sogenannten Brunnenzeche aus. Die letzte historische Brunnenzeche wurde im Jahr 1875 gefeiert. W\u00e4hrend der Fuldaer Traditionsverein insbesondere in der Fastnacht sehr aktiv ist, sind die Aktivit\u00e4ten der Floreng\u00e4\u00dfner Brunnenzeche heute aber breit gef\u00e4chert. \u201eDas Lichterfest zeigt, dass die Floreng\u00e4\u00dfner Brunnenzeche auch au\u00dferhalb der Fastnachtszeit sehr aktiv ist und das Fuldaer Leben engagiert mitgestaltet\u201c, hebt der Oberb\u00fcrgermeister hervor. Als \u201eVize-B\u00fcrgermeisterin\u201c der Floreng\u00e4\u00dfner Brunnenzeche dankt Elisabeth Schr\u00f6der den \u201evielen helfenden H\u00e4nden der Brunnenfamilie\u201c und besonders auch der Stadt Fulda sowie den beteiligten Sponsoren f\u00fcr die Unterst\u00fctzung bei der Organisation des Lichterfestes. (cp)<\/p>\n<p>Mehr Informationen finden Sie im Internet unter <a href=\"http:\/\/www.fulda-lichterfest.de\" target=\"_blank\">www.fulda-lichterfest.de<\/a> und <a href=\"http:\/\/www.brunnenzeche.de\" target=\"_blank\">www.brunnenzeche.de<\/a>.<\/p>\n","protected":false},"excerpt":{"rendered":"<div class=\"tmnf_excerpt\"><p>Fulda. \u201eWenn sich der barocke Schlossgarten in ein Lichtermeer verwandelt, erwartet uns immer ein ganz wunderbares Ambiente\u201c, erkl\u00e4rt Oberb\u00fcrgermeister Gerhard M\u00f6ller. Diese ergreifende Atmosph\u00e4re, die viele Menschen vor zwei Jahren beim Lichterfest erleben durften und der gro\u00dfe Zuspruch der damaligen Besucher hat die Floreng\u00e4\u00dfner Brunnenzeche und die Stadt Fulda dazu veranlasst, am 06. August 2011 &hellip;<\/p>\n<\/div>","protected":false},"author":1,"featured_media":0,"comment_status":"closed","ping_status":"closed","sticky":false,"template":"","format":"standard","meta":{"footnotes":""},"categories":[1,35,37,44,78],"tags":[],"class_list":["post-88604","post","type-post","status-publish","format-standard","hentry","category-startseite","category-auto","category-essen-und-trinken","category-kultur","category-topthema"],"_links":{"self":[{"href":"https:\/\/www.fuldaernachrichten.de\/index.php?rest_route=\/wp\/v2\/posts\/88604","targetHints":{"allow":["GET"]}}],"collection":[{"href":"https:\/\/www.fuldaernachrichten.de\/index.php?rest_route=\/wp\/v2\/posts"}],"about":[{"href":"https:\/\/www.fuldaernachrichten.de\/index.php?rest_route=\/wp\/v2\/types\/post"}],"author":[{"embeddable":true,"href":"https:\/\/www.fuldaernachrichten.de\/index.php?rest_route=\/wp\/v2\/users\/1"}],"replies":[{"embeddable":true,"href":"https:\/\/www.fuldaernachrichten.de\/index.php?rest_route=%2Fwp%2Fv2%2Fcomments&post=88604"}],"version-history":[{"count":0,"href":"https:\/\/www.fuldaernachrichten.de\/index.php?rest_route=\/wp\/v2\/posts\/88604\/revisions"}],"wp:attachment":[{"href":"https:\/\/www.fuldaernachrichten.de\/index.php?rest_route=%2Fwp%2Fv2%2Fmedia&parent=88604"}],"wp:term":[{"taxonomy":"category","embeddable":true,"href":"https:\/\/www.fuldaernachrichten.de\/index.php?rest_route=%2Fwp%2Fv2%2Fcategories&post=88604"},{"taxonomy":"post_tag","embeddable":true,"href":"https:\/\/www.fuldaernachrichten.de\/index.php?rest_route=%2Fwp%2Fv2%2Ftags&post=88604"}],"curies":[{"name":"wp","href":"https:\/\/api.w.org\/{rel}","templated":true}]}}