{"id":88601,"date":"2011-07-28T00:17:04","date_gmt":"2011-07-28T00:17:04","guid":{"rendered":"http:\/\/www.fuldaer-nachrichten.de\/?p=88601"},"modified":"2011-07-28T06:37:46","modified_gmt":"2011-07-28T06:37:46","slug":"staatssekretarin-professor-dr-holscher-gibt-hinweise-zum-ausbildungsstart-2011","status":"publish","type":"post","link":"https:\/\/www.fuldaernachrichten.de\/?p=88601","title":{"rendered":"Staatssekret\u00e4rin Professor Dr. H\u00f6lscher gibt Hinweise zum Ausbildungsstart 2011"},"content":{"rendered":"<p><strong>Hessen. <\/strong>\u201eDer erfolgreiche Einstieg in die Berufsausbildung ist ein wichtiger Schritt im Leben junger Menschen \u2013 um dieses Ziel zu erreichen, ben\u00f6tigen sie verl\u00e4ssliche Informationen\u201c, betont Finanzstaatssekret\u00e4rin Professor Dr. Luise H\u00f6lscher und weist anl\u00e4sslich des bevorstehenden Ausbildungsstarts am 1. August 2011 besonders auf die Regelungen f\u00fcr Arbeitnehmer und Auszubildende hinsichtlich des neuen elektronischen Lohnsteuerverfahrens hin. In jedem Jahr beginnen rund 60 Prozent aller Jugendlichen eine Ausbildung im dualen System. Viele Berufsanf\u00e4nger sind derzeit damit besch\u00e4ftigt, die notwendigen Unterlagen f\u00fcr ihre Ausbildung und f\u00fcr die Lohnabrechnung bereit zu stellen. \u201eUns erreichen viele Anfragen zum Lohnsteuerabzug \u00fcber das Internet\u201c, so Staatssekret\u00e4rin H\u00f6lscher. Was \u00e4ndert sich also f\u00fcr Arbeitnehmer und welche Regelungen gelten speziell f\u00fcr Jugendliche, die in diesem Jahr eine Ausbildung beginnen?<!--more--><\/p>\n<p>Nimmt ein Arbeitnehmer im Kalenderjahr 2011 ein neues Arbeitsverh\u00e4ltnis auf und ist nicht im Besitz einer Papier-Lohnsteuerkarte, stellt ihm das Finanzamt eine Bescheinigung f\u00fcr den Lohnsteuerabzug aus (so genannte Ersatzbescheinigung). Ledige Arbeitnehmer, die in diesem Jahr eine Ausbildung als erstes Dienstverh\u00e4ltnis beginnen, ben\u00f6tigen jedoch keine Ersatzbescheinigung. Auf diese Erleichterung weist Staatssekret\u00e4rin H\u00f6lscher vor dem Ausbildungsstart besonders hin: \u201e<\/p>\n<p>Der Gang zum Finanzamt ist in diesen F\u00e4llen nicht notwendig. Dadurch werden B\u00fcrger und Finanzverwaltung gleicherma\u00dfen entlastet.\u201c Der Ausbildungsbetrieb kann die Lohnsteuer nach der Steuerklasse I berechnen, wenn der Auszubildende seine Identifikationsnummer, sein Geburtsdatum sowie die Religionszugeh\u00f6rigkeit mitteilt und gleichzeitig schriftlich best\u00e4tigt, dass es sich um das erste Dienstverh\u00e4ltnis handelt.<\/p>\n","protected":false},"excerpt":{"rendered":"<div class=\"tmnf_excerpt\"><p>Hessen. \u201eDer erfolgreiche Einstieg in die Berufsausbildung ist ein wichtiger Schritt im Leben junger Menschen \u2013 um dieses Ziel zu erreichen, ben\u00f6tigen sie verl\u00e4ssliche Informationen\u201c, betont Finanzstaatssekret\u00e4rin Professor Dr. Luise H\u00f6lscher und weist anl\u00e4sslich des bevorstehenden Ausbildungsstarts am 1. August 2011 besonders auf die Regelungen f\u00fcr Arbeitnehmer und Auszubildende hinsichtlich des neuen elektronischen Lohnsteuerverfahrens hin. &hellip;<\/p>\n<\/div>","protected":false},"author":1,"featured_media":0,"comment_status":"closed","ping_status":"closed","sticky":false,"template":"","format":"standard","meta":{"footnotes":""},"categories":[1,53],"tags":[],"class_list":["post-88601","post","type-post","status-publish","format-standard","hentry","category-startseite","category-bildung"],"_links":{"self":[{"href":"https:\/\/www.fuldaernachrichten.de\/index.php?rest_route=\/wp\/v2\/posts\/88601","targetHints":{"allow":["GET"]}}],"collection":[{"href":"https:\/\/www.fuldaernachrichten.de\/index.php?rest_route=\/wp\/v2\/posts"}],"about":[{"href":"https:\/\/www.fuldaernachrichten.de\/index.php?rest_route=\/wp\/v2\/types\/post"}],"author":[{"embeddable":true,"href":"https:\/\/www.fuldaernachrichten.de\/index.php?rest_route=\/wp\/v2\/users\/1"}],"replies":[{"embeddable":true,"href":"https:\/\/www.fuldaernachrichten.de\/index.php?rest_route=%2Fwp%2Fv2%2Fcomments&post=88601"}],"version-history":[{"count":0,"href":"https:\/\/www.fuldaernachrichten.de\/index.php?rest_route=\/wp\/v2\/posts\/88601\/revisions"}],"wp:attachment":[{"href":"https:\/\/www.fuldaernachrichten.de\/index.php?rest_route=%2Fwp%2Fv2%2Fmedia&parent=88601"}],"wp:term":[{"taxonomy":"category","embeddable":true,"href":"https:\/\/www.fuldaernachrichten.de\/index.php?rest_route=%2Fwp%2Fv2%2Fcategories&post=88601"},{"taxonomy":"post_tag","embeddable":true,"href":"https:\/\/www.fuldaernachrichten.de\/index.php?rest_route=%2Fwp%2Fv2%2Ftags&post=88601"}],"curies":[{"name":"wp","href":"https:\/\/api.w.org\/{rel}","templated":true}]}}