{"id":88598,"date":"2011-07-28T00:10:06","date_gmt":"2011-07-28T00:10:06","guid":{"rendered":"http:\/\/www.fuldaer-nachrichten.de\/?p=88598"},"modified":"2011-07-27T16:37:22","modified_gmt":"2011-07-27T16:37:22","slug":"wenn-die-schuler-pause-haben-wird-fleisig-gebaut-und-saniert","status":"publish","type":"post","link":"https:\/\/www.fuldaernachrichten.de\/?p=88598","title":{"rendered":"Wenn die Sch\u00fcler Pause haben, wird flei\u00dfig gebaut und saniert"},"content":{"rendered":"<p><strong>Vogelsbergkreis. <\/strong>Wie Schuldezernent Hanns-Michael Diening (FDP) mitteilt, nutzt der Vogelsbergkreis wie in den vergangenen Jahren die Ferienzeit intensiv, um umfangreiche Bauma\u00dfnahmen an Vogelsberger Schulen durchzuf\u00fchren. Ziel ist es, den Unterricht so wenig wie m\u00f6glich durch die erforderlichen teils aufw\u00e4ndigen Arbeiten zu st\u00f6ren. In den Sommerferien werden in zehn St\u00e4dten und Gemeinden an 18 Schulen insgesamt 25 Ma\u00dfnahmen durchgef\u00fchrt. Schwerpunkte der Investitionen sind Alsfeld und Lauterbach.<!--more--><\/p>\n<p><strong>Alsfeld<\/strong><\/p>\n<p>Gerhart-Hauptmann-Schule:<br \/>\nHerrichten des M\u00fcllcontainer-Platzes bis Mitte September. Kosten: 7.000 Euro. Au\u00dferdem werden bis Ende August abschlie\u00dfende Arbeiten ausgef\u00fchrt im Rahmen der gro\u00dfen 1,1-Millionen-Euro-Sanierung (Konjunkturprogramm). Es wurden unter anderen Dach, Fenster, T\u00fcren und W\u00e4nde energetisch aufger\u00fcstet und saniert. Die Lehrk\u00fcche erh\u00e4lt einen neuen Sockel. Kosten: 40.000 Euro.<\/p>\n<p>Geschwister-Scholl-Schule:<br \/>\nAuch hier werden die restlichen Arbeiten der umfangreichen Sanierung im Geb\u00e4udeteil B ausgef\u00fchrt. Die Kosten betrugen hier in der Summe rund eine Million Euro.<\/p>\n<p>Erich-K\u00e4stner-Schule:<br \/>\nUmbau eines Klassenraumes zum Speisesaal. Kosten: 24.500 Euro. Nach dem fertiggestellten Anbau des Ger\u00e4teraumes erfolgt der Umbau der Umkleiden in der Gymnastikhalle bis September. Kosten: 151.000 Euro.<\/p>\n<p>Gro\u00dfsporthalle:<br \/>\nDie Pflasterarbeiten f\u00fcr den Behindertenparkplatz wurden vergeben und sollen bis Mitte August ausgef\u00fchrt werden. Kosten: 10.000 Euro.<\/p>\n<p>Albert-Schweitzer-Schule:<br \/>\nSanierung des Treppenhauses im Altbau bis Ende August. Kosten: 160.000 Euro.<\/p>\n<p>Sekundarstufe II (Krebsbach):<br \/>\nBis Ende August wird die Wasseraufbereitungsanlage erneuert. Kosten: 11.400 Euro.<\/p>\n<p>Stadtschule:<br \/>\nSanierung des Geb\u00e4udes 4 im Junkergarten, Ausf\u00fchrung des W\u00e4rmed\u00e4mmverbundsystems, Sonnenschutz (geplante Fertigstellung bis Dezember) und Erneuerung der Eingangst\u00fcren sowie Einrichtung einer Heizzentrale f\u00fcr den gesamten Standort als Pelletheizung (geplante Fertigstellung bis September), Instandsetzung der Gartenmauer und Au\u00dfenanlage am Junkergarten. Kosten insgesamt: rund 600.000 Euro.<\/p>\n<p>Max-Eyth-Schule:<br \/>\nAm Hauptgeb\u00e4ude wurden gro\u00dffl\u00e4chig die Fenster und Sonnenschutzanlagen erneuert und ein W\u00e4rmed\u00e4mmverbundsystem angebracht. Die Erneuerung der restlichen Fenster und T\u00fcren f\u00fcr Aula, Verwaltung und Treppenhaus einschlie\u00dflich des au\u00dfenliegenden Sonnenschutzes sowie die Komplettierung der W\u00e4rmed\u00e4mmung werden bis Ende Oktober abgeschlossen. Kosten: rund 175.000 Euro.<\/p>\n<p><strong>Grebenau<\/strong><\/p>\n<p>Astrid-Lindgren-Schule: Bis Ende August erhalten weitere Teilfl\u00e4chen im Rahmen der Dachsanierung eine Stehfalzeindeckung. Kosten: rund 84.000 Euro.<\/p>\n<p><strong>Homberg<\/strong><\/p>\n<p>An der Gesamtschule laufen im Rahmen der Sanierung der Geb\u00e4udeh\u00fclle zur Zeit der Fensteraustausch Ebene 0, die Innensanierung Ebene 1 sowie die Fassadensanierung mit einem W\u00e4rmed\u00e4mmverbundsystem. Kosten: rund 930.000 Euro. Au\u00dferdem wird in der Sporthalle bis Ende August das Sicherheitslichtger\u00e4t erneuert. Kosten: 32.300 Euro.<\/p>\n<p><strong>Gem\u00fcnden<\/strong><\/p>\n<p>Restarbeiten an der Pestalozzi-Schule bis Ende September im Rahmen des Konjunkturprogramms, das hier Investitionen im Umfang von rund 300.000 Euro erm\u00f6glicht hat. Unter anderem wurde die Sporthalle saniert sowie Dach und D\u00e4mmung verbessert.<\/p>\n<p><strong>Schwalmtal<\/strong><\/p>\n<p>An der Grundschule Brauerschwend wurde in allen R\u00e4umen des Pavillons der Fu\u00dfboden saniert. Kosten: 20.000 Euro.<\/p>\n<p><strong>Schlitz<\/strong><\/p>\n<p>In der Gesamtschule Schlitz wird bis Ende August im Eingangsbereich der Pausenhalle die Akustikdecke fertiggestellt. Kosten: 20.000 Euro. Des Weiteren werden bis Ende Oktober die Brandmeldeanlage f\u00fcr 50.500 Euro erneuert sowie das Sicherheitslichtger\u00e4t f\u00fcr ca. 45.000 Euro ert\u00fcchtigt.<\/p>\n<p><strong>Grebenhain<\/strong><\/p>\n<p>An der Oberwaldschule wird bis Mitte August der Abwasserkanal teilsaniert. Kosten: 16.000 Euro. Au\u00dferdem wird die vorhandene Brandmeldeanlage bis\u00c2\u00a0 Ende Oktober erneuert. Kosten: 67.200 Euro.<\/p>\n<p><strong>Herbstein<\/strong><\/p>\n<p>An der Freiherr-vom-Stein-Schule werden z.Z. die Fenster- und T\u00fcranlagen im Eingangsbereich erneuert. Kosten: rund 40.000 Euro.<\/p>\n<p><strong>Schotten<\/strong><\/p>\n<p>Das Sicherheitslichtger\u00e4t an der Grundschule wird bis Ende August ert\u00fcchtigt. Kosten 24.000 Euro. Des Weiteren wird die Brandmeldeanlage bis Ende Oktober erneuert. Kosten: 49.200 Euro.<\/p>\n<p><strong>Lauterbach<\/strong><\/p>\n<p>Alexander-von-Humboldt-Gymnasium: Anfang Februar wurde der in Passivhausbauweise errichtete Erweiterungsbau offiziell eingeweiht. Des Weiteren wurden das Lehrerzimmer im Geb\u00e4ude 3 umgestaltet und umfassend renoviert sowie allgemeine Unterrichtsr\u00e4ume im Geb\u00e4ude 1C, Ebene 2, in moderne Biologiefachklassenr\u00e4ume umgewandelt. Beginnend mit dem Abbruch des WC-Geb\u00e4udes wurden die Arbeiten zum Neubau der Aula im Februar aufgenommen. Diese Arbeiten werden bis Mitte 2012 abgeschlossen. Kosten: 2.000.000 Euro.<\/p>\n<p>Eichbergschule: Im Rahmen der Erneuerung des Sportbodens wird eine Fu\u00dfbodenheizung eingebaut. Kosten: rund 200.000 Euro.<\/p>\n<p>Vogelsbergschule: Die Vorplanungen f\u00fcr die Erweiterung der Pausenhalle bzw. Aula erfolgen bis Anfang August. Kosten: 50.000 Euro.<\/p>\n","protected":false},"excerpt":{"rendered":"<div class=\"tmnf_excerpt\"><p>Vogelsbergkreis. Wie Schuldezernent Hanns-Michael Diening (FDP) mitteilt, nutzt der Vogelsbergkreis wie in den vergangenen Jahren die Ferienzeit intensiv, um umfangreiche Bauma\u00dfnahmen an Vogelsberger Schulen durchzuf\u00fchren. Ziel ist es, den Unterricht so wenig wie m\u00f6glich durch die erforderlichen teils aufw\u00e4ndigen Arbeiten zu st\u00f6ren. In den Sommerferien werden in zehn St\u00e4dten und Gemeinden an 18 Schulen insgesamt &hellip;<\/p>\n<\/div>","protected":false},"author":1,"featured_media":0,"comment_status":"closed","ping_status":"closed","sticky":false,"template":"","format":"standard","meta":{"footnotes":""},"categories":[1],"tags":[],"class_list":["post-88598","post","type-post","status-publish","format-standard","hentry","category-startseite"],"_links":{"self":[{"href":"https:\/\/www.fuldaernachrichten.de\/index.php?rest_route=\/wp\/v2\/posts\/88598","targetHints":{"allow":["GET"]}}],"collection":[{"href":"https:\/\/www.fuldaernachrichten.de\/index.php?rest_route=\/wp\/v2\/posts"}],"about":[{"href":"https:\/\/www.fuldaernachrichten.de\/index.php?rest_route=\/wp\/v2\/types\/post"}],"author":[{"embeddable":true,"href":"https:\/\/www.fuldaernachrichten.de\/index.php?rest_route=\/wp\/v2\/users\/1"}],"replies":[{"embeddable":true,"href":"https:\/\/www.fuldaernachrichten.de\/index.php?rest_route=%2Fwp%2Fv2%2Fcomments&post=88598"}],"version-history":[{"count":0,"href":"https:\/\/www.fuldaernachrichten.de\/index.php?rest_route=\/wp\/v2\/posts\/88598\/revisions"}],"wp:attachment":[{"href":"https:\/\/www.fuldaernachrichten.de\/index.php?rest_route=%2Fwp%2Fv2%2Fmedia&parent=88598"}],"wp:term":[{"taxonomy":"category","embeddable":true,"href":"https:\/\/www.fuldaernachrichten.de\/index.php?rest_route=%2Fwp%2Fv2%2Fcategories&post=88598"},{"taxonomy":"post_tag","embeddable":true,"href":"https:\/\/www.fuldaernachrichten.de\/index.php?rest_route=%2Fwp%2Fv2%2Ftags&post=88598"}],"curies":[{"name":"wp","href":"https:\/\/api.w.org\/{rel}","templated":true}]}}