{"id":88594,"date":"2011-07-28T00:23:31","date_gmt":"2011-07-28T00:23:31","guid":{"rendered":"http:\/\/www.fuldaer-nachrichten.de\/?p=88594"},"modified":"2011-07-27T16:37:56","modified_gmt":"2011-07-27T16:37:56","slug":"sirenenalarmierung-im-stadtgebiet-brandschutz-fur-alle-horbar-machen","status":"publish","type":"post","link":"https:\/\/www.fuldaernachrichten.de\/?p=88594","title":{"rendered":"Sirenenalarmierung im Stadtgebiet &#8211; Brandschutz f\u00fcr alle h\u00f6rbar machen"},"content":{"rendered":"<p><strong>Fulda.<\/strong> Der schnellen und umfassenden Alarmierung der Feuerwehrkr\u00e4fte bei einem Brandfall kommt eine besondere Bedeutung zu. Bei einem Brand oder Unfall sind vielfach Leben bedroht oder erhebliche Sachwerte m\u00fcssen gesch\u00fctzt werden. \u201eDie Feuerwehr Fulda macht seit vielen Jahren eine beachtenswerte und qualitativ hochwertige Brandbek\u00e4mpfungsarbeit. Wir k\u00f6nnen stolz auf unsere Feuerwehrkr\u00e4fte sein\u201c, unterstreicht Oberb\u00fcrgermeister Gerhard M\u00f6ller die Notwendigkeit der Wehr. Jedoch neben den Wehrkr\u00e4ften an der Feuerwehrleitstelle Fulda-Neuenberg und Fulda-Nord wird die hauptamtliche Feuerwehr vielfach durch die ehrenamtlichen Kr\u00e4fte in den Stadtteilen unterst\u00fctzt. \u201eWir sind dankbar, dass uns die Stadtteilfeuerwehren helfen und uns bei der gef\u00e4hrlichen Arbeit unterst\u00fctzen\u201c, so Brandrat Thomas Hinz. <!--more--><strong><\/strong><\/p>\n<p><strong>Schnelle Alarmierung der ehrenamtlichen Brandbek\u00e4mpfer<\/strong><\/p>\n<p>In der Vergangenheit konnten jedoch nicht alle ehrenamtlichen Kr\u00e4fte mittels Funktechnik erreicht werden. Aus diesem Grunde hat sich die Feuerwehr Fulda dazu entschlossen, diese \u201eFeuerhelfer\u201c durch die vorhandenen Sirenen im Stadtgebiet zu alarmieren. Die Alarmierung \u00fcber die Sirenen wird \u00fcber jedoch nur in der Zeit von 07.00 Uhr bis 19.00 Uhr durchgef\u00fchrt. \u201eWir m\u00f6chten auf die Bev\u00f6lkerung R\u00fccksicht nehmen und diese nicht in jeder Nachtzeit durch die Alarmger\u00e4usche st\u00f6ren\u201c, gibt Hinz zu bedenken. Oberb\u00fcrgermeister M\u00f6ller zeigt sich mit dieser L\u00f6sung des akuten Brandschutzes sehr zufrieden und hofft, dass zum einen die Bev\u00f6lkerung Verst\u00e4ndnis zeigt und zum anderen die ehrenamtlichen Kr\u00e4fte so zeitnah in Alarm gesetzt werden. (hm).<\/p>\n","protected":false},"excerpt":{"rendered":"<div class=\"tmnf_excerpt\"><p>Fulda. Der schnellen und umfassenden Alarmierung der Feuerwehrkr\u00e4fte bei einem Brandfall kommt eine besondere Bedeutung zu. Bei einem Brand oder Unfall sind vielfach Leben bedroht oder erhebliche Sachwerte m\u00fcssen gesch\u00fctzt werden. \u201eDie Feuerwehr Fulda macht seit vielen Jahren eine beachtenswerte und qualitativ hochwertige Brandbek\u00e4mpfungsarbeit. Wir k\u00f6nnen stolz auf unsere Feuerwehrkr\u00e4fte sein\u201c, unterstreicht Oberb\u00fcrgermeister Gerhard M\u00f6ller &hellip;<\/p>\n<\/div>","protected":false},"author":1,"featured_media":0,"comment_status":"closed","ping_status":"closed","sticky":false,"template":"","format":"standard","meta":{"footnotes":""},"categories":[1,71],"tags":[],"class_list":["post-88594","post","type-post","status-publish","format-standard","hentry","category-startseite","category-feuerwehr"],"_links":{"self":[{"href":"https:\/\/www.fuldaernachrichten.de\/index.php?rest_route=\/wp\/v2\/posts\/88594","targetHints":{"allow":["GET"]}}],"collection":[{"href":"https:\/\/www.fuldaernachrichten.de\/index.php?rest_route=\/wp\/v2\/posts"}],"about":[{"href":"https:\/\/www.fuldaernachrichten.de\/index.php?rest_route=\/wp\/v2\/types\/post"}],"author":[{"embeddable":true,"href":"https:\/\/www.fuldaernachrichten.de\/index.php?rest_route=\/wp\/v2\/users\/1"}],"replies":[{"embeddable":true,"href":"https:\/\/www.fuldaernachrichten.de\/index.php?rest_route=%2Fwp%2Fv2%2Fcomments&post=88594"}],"version-history":[{"count":0,"href":"https:\/\/www.fuldaernachrichten.de\/index.php?rest_route=\/wp\/v2\/posts\/88594\/revisions"}],"wp:attachment":[{"href":"https:\/\/www.fuldaernachrichten.de\/index.php?rest_route=%2Fwp%2Fv2%2Fmedia&parent=88594"}],"wp:term":[{"taxonomy":"category","embeddable":true,"href":"https:\/\/www.fuldaernachrichten.de\/index.php?rest_route=%2Fwp%2Fv2%2Fcategories&post=88594"},{"taxonomy":"post_tag","embeddable":true,"href":"https:\/\/www.fuldaernachrichten.de\/index.php?rest_route=%2Fwp%2Fv2%2Ftags&post=88594"}],"curies":[{"name":"wp","href":"https:\/\/api.w.org\/{rel}","templated":true}]}}