{"id":88587,"date":"2011-07-29T00:14:22","date_gmt":"2011-07-29T00:14:22","guid":{"rendered":"http:\/\/www.fuldaer-nachrichten.de\/?p=88587"},"modified":"2011-07-29T06:45:28","modified_gmt":"2011-07-29T06:45:28","slug":"malteser-lehren-umgang-mit-diabetes","status":"publish","type":"post","link":"https:\/\/www.fuldaernachrichten.de\/?p=88587","title":{"rendered":"Malteser lehren Umgang mit Diabetes"},"content":{"rendered":"<p><strong>Fulda.<\/strong> Die Malteser in Fulda bieten eine Pflegefortbildung zum Thema \u201eDiabetes\u201c an. Der Kurs richtet sich Schwesternhelferinnen und Pflegediensthelfer sowie an Interessierte. Die Teilnehmer lernen die Anatomie der Bauchspeicheldr\u00fcse, Diabetsarten, die Behandlung sowie die Wirkung von Insulin kennen. Dar\u00fcber hinaus werden Folgeerkrankungen von Diabest besprochen und Stevia (S\u00fc\u00dfen ohne Reue) vorgestellt. Die Weiterbildung findet am 27. August von 9 bis 16 Uhr in der Malteser Dienststelle am Aschenbergplatz 1 statt. N\u00e4here Informationen erteilt Matthias Krause von den Maltesern unter 0661-86977-15 oder per Mail <a href=\"mailto:matthias.krause@malteser.org\">matthias.krause@malteser.org<\/a>.<\/p>\n","protected":false},"excerpt":{"rendered":"<div class=\"tmnf_excerpt\"><p>Fulda. Die Malteser in Fulda bieten eine Pflegefortbildung zum Thema \u201eDiabetes\u201c an. Der Kurs richtet sich Schwesternhelferinnen und Pflegediensthelfer sowie an Interessierte. Die Teilnehmer lernen die Anatomie der Bauchspeicheldr\u00fcse, Diabetsarten, die Behandlung sowie die Wirkung von Insulin kennen. Dar\u00fcber hinaus werden Folgeerkrankungen von Diabest besprochen und Stevia (S\u00fc\u00dfen ohne Reue) vorgestellt. Die Weiterbildung findet am &hellip;<\/p>\n<\/div>","protected":false},"author":1,"featured_media":0,"comment_status":"closed","ping_status":"closed","sticky":false,"template":"","format":"standard","meta":{"footnotes":""},"categories":[1],"tags":[],"class_list":["post-88587","post","type-post","status-publish","format-standard","hentry","category-startseite"],"_links":{"self":[{"href":"https:\/\/www.fuldaernachrichten.de\/index.php?rest_route=\/wp\/v2\/posts\/88587","targetHints":{"allow":["GET"]}}],"collection":[{"href":"https:\/\/www.fuldaernachrichten.de\/index.php?rest_route=\/wp\/v2\/posts"}],"about":[{"href":"https:\/\/www.fuldaernachrichten.de\/index.php?rest_route=\/wp\/v2\/types\/post"}],"author":[{"embeddable":true,"href":"https:\/\/www.fuldaernachrichten.de\/index.php?rest_route=\/wp\/v2\/users\/1"}],"replies":[{"embeddable":true,"href":"https:\/\/www.fuldaernachrichten.de\/index.php?rest_route=%2Fwp%2Fv2%2Fcomments&post=88587"}],"version-history":[{"count":0,"href":"https:\/\/www.fuldaernachrichten.de\/index.php?rest_route=\/wp\/v2\/posts\/88587\/revisions"}],"wp:attachment":[{"href":"https:\/\/www.fuldaernachrichten.de\/index.php?rest_route=%2Fwp%2Fv2%2Fmedia&parent=88587"}],"wp:term":[{"taxonomy":"category","embeddable":true,"href":"https:\/\/www.fuldaernachrichten.de\/index.php?rest_route=%2Fwp%2Fv2%2Fcategories&post=88587"},{"taxonomy":"post_tag","embeddable":true,"href":"https:\/\/www.fuldaernachrichten.de\/index.php?rest_route=%2Fwp%2Fv2%2Ftags&post=88587"}],"curies":[{"name":"wp","href":"https:\/\/api.w.org\/{rel}","templated":true}]}}