{"id":88576,"date":"2011-07-28T06:38:47","date_gmt":"2011-07-28T06:38:47","guid":{"rendered":"http:\/\/www.fuldaer-nachrichten.de\/?p=88576"},"modified":"2011-07-28T06:38:47","modified_gmt":"2011-07-28T06:38:47","slug":"aufwuhlende-bilder-des-ungarischen-kunstlers-bela-farago-in-der-kunststation","status":"publish","type":"post","link":"https:\/\/www.fuldaernachrichten.de\/?p=88576","title":{"rendered":"Aufw\u00fchlende Bilder des ungarischen K\u00fcnstlers B\u00e9la Farag\u00c3\u00b3 in der Kunststation"},"content":{"rendered":"<p><strong><a href=\"http:\/\/www.fuldaer-nachrichten.de\/wp-content\/uploads\/2011\/07\/110727_BelaFarago.jpg\"><img fetchpriority=\"high\" decoding=\"async\" class=\"alignleft size-thumbnail wp-image-88577\" title=\"110727_BelaFarago\" src=\"http:\/\/www.fuldaer-nachrichten.de\/wp-content\/uploads\/2011\/07\/110727_BelaFarago-265x198.jpg\" alt=\"\" width=\"265\" height=\"198\" srcset=\"https:\/\/www.fuldaernachrichten.de\/wp-content\/uploads\/2011\/07\/110727_BelaFarago-265x198.jpg 265w, https:\/\/www.fuldaernachrichten.de\/wp-content\/uploads\/2011\/07\/110727_BelaFarago.jpg 592w\" sizes=\"(max-width: 265px) 100vw, 265px\" \/><\/a>Kleinsassen. <\/strong>\u201eWir hoffen, dass diese Ausstellung mit ihren schwierigeren Themen von dem Besucherandrang profitiert, den wir gerade mit unseren anderen Ausstellungen erleben,\u201c das w\u00fcnschte der Leiter der Kunststation, Peter Ballmaier, gleich zu Anfang dieser Pr\u00e4sentation. In der Tat bilden gerade die kleinen sonnig-tr\u00f6stlichen Landschaften des Literaturnobelpreistr\u00e4gers Hermann Hesse, die momentan in zwei Hallen der Kunststation zu sehen sind, den gr\u00f6\u00dftm\u00f6glicher Gegensatz zu den entlarvend-satirischen Zeichnungen B\u00e9la Farag\u00c3\u00b3s im Atelier. Gerade darin liegt aber auch der Reiz, beide Ausstellungen in der Kunststation anzusehen und sich damit auch ganz unterschiedlichen Emotionen auszusetzen.<!--more--><\/p>\n<p>Die Palette der Emotionen reicht in Farag\u00c3\u00b3s Fall von Am\u00fcsement bis zu Betroffenheit. Am\u00fcsant kommen auf den ersten Blick zum Beispiel seine von Hunden dargestellten Flaneure auf dem \u201eBoulevard der vornehmen Rasse\u201c daher, die sich artig gr\u00fc\u00dfen oder hochn\u00e4sig im Frack einherstolzieren. Die Szenerie wirkt jedoch umso best\u00fcrzender, je mehr man sie im Kontext der gesamten Ausstellung sieht. Wenn man sich beispielsweise bewusst macht, dass dieses Bild neben einer kleineren Zeichnung h\u00e4ngt, die aufeinander gestapelte Schuhe zeigt. \u201e\u00dcbriggebliebene\u201c, hei\u00dft diese Arbeit. Diese Schuhe haben ehedem sicherlich nicht Vertretern der \u201evornehmen Rasse\u201c geh\u00f6rt. Das Menetekel von Auschwitz wird hier aufgerufen, ohne es explizit zu zeigen.<\/p>\n<p><a href=\"http:\/\/www.fuldaer-nachrichten.de\/wp-content\/uploads\/2011\/07\/110727_Geburt.jpg\"><img decoding=\"async\" class=\"alignnone size-thumbnail wp-image-88578\" title=\"110727_Geburt\" src=\"http:\/\/www.fuldaer-nachrichten.de\/wp-content\/uploads\/2011\/07\/110727_Geburt-265x397.jpg\" alt=\"\" width=\"265\" height=\"397\" srcset=\"https:\/\/www.fuldaernachrichten.de\/wp-content\/uploads\/2011\/07\/110727_Geburt-265x397.jpg 265w, https:\/\/www.fuldaernachrichten.de\/wp-content\/uploads\/2011\/07\/110727_Geburt-176x265.jpg 176w, https:\/\/www.fuldaernachrichten.de\/wp-content\/uploads\/2011\/07\/110727_Geburt.jpg 399w\" sizes=\"(max-width: 265px) 100vw, 265px\" \/> <\/a><a href=\"http:\/\/www.fuldaer-nachrichten.de\/wp-content\/uploads\/2011\/07\/110727_Vertreter.jpg\"><img decoding=\"async\" class=\"alignnone size-thumbnail wp-image-88579\" title=\"110727_Vertreter\" src=\"http:\/\/www.fuldaer-nachrichten.de\/wp-content\/uploads\/2011\/07\/110727_Vertreter-265x397.jpg\" alt=\"\" width=\"265\" height=\"397\" srcset=\"https:\/\/www.fuldaernachrichten.de\/wp-content\/uploads\/2011\/07\/110727_Vertreter-265x397.jpg 265w, https:\/\/www.fuldaernachrichten.de\/wp-content\/uploads\/2011\/07\/110727_Vertreter-176x265.jpg 176w, https:\/\/www.fuldaernachrichten.de\/wp-content\/uploads\/2011\/07\/110727_Vertreter.jpg 399w\" sizes=\"(max-width: 265px) 100vw, 265px\" \/><\/a><\/p>\n<p>Bereits der Titel der Ausstellung des ungarischen K\u00fcnstlers (Jahrgang 1958) und Baselitz-Sch\u00fclers provoziert diese Best\u00fcrzung: \u201eV\u00f6lker und Raum\u201c. B\u00e9la Farag\u00c3\u00b3 hat ihn bewusst gew\u00e4hlt. Die Assoziationen zu nationalsozialistischem Gedankengut sind nicht zuf\u00e4llig. Gleichzeitig ist der Titel der Ausstellung aber auch eine fast trotzige Abwandlung des faschistischen \u201eV\u00f6lker ohne Raum\u201c. Gepr\u00e4gt hat diesen Begriff Hans Grimm im Jahre 1926 mit seinem gleichnamigen Roman. Die darin beschriebenen Ideen unterf\u00fctterten die sp\u00e4ter von der Reichsf\u00fchrung in die Tat umgesetzte Direktive, sich diesen Raum f\u00fcr das deutsche Volk ohne R\u00fccksicht auf Verluste zu nehmen, am besten im Osten, da dort der Platz und die M\u00f6glichkeiten gr\u00f6\u00dfer erschienen. Die dort lebenden Menschen wurden zu Untermenschen deklariert, was den Akt des \u00dcberfalls als eine Art notwendige und folgerichtige Handlung erscheinen lie\u00df und ihn f\u00fcr die T\u00e4ter erleichterte. Folgen \u00e4hnlichen Gedankenguts sehen wir derzeit in Norwegen.<\/p>\n<p>\u201eIntegrationsunf\u00e4higkeit und Fremdenhass sind keine Schlagw\u00f6rter sondern nehmen in unserer Gesellschaft zu und breiten sich aus\u201c, diagnostizierte denn auch der Galerist des K\u00fcnstlers, Martin Kre\u00df von der Galerie Destillarta in Buchschwabach bei seiner Er\u00f6ffnungsrede. \u201eDie Gr\u00fcnde liegen vor allem im Festhalten alter, platter Vorurteile, dem \u00dcbernehmen von pathologischen Denkweisen, von denen die Welt glaubte, dass sie ein f\u00fcr alle Mal verschwunden sind. So werden in den Blogs von DVU und NPD die Begriffe \u201eVolk und Raum\u201c weiterhin ben\u00fctzt, um \u00c4ngste und Fremdenhass zu propagieren.<\/p>\n<p><a href=\"http:\/\/www.fuldaer-nachrichten.de\/wp-content\/uploads\/2011\/07\/110727_EinerPasstNichtInDieReihe.jpg\"><img loading=\"lazy\" decoding=\"async\" class=\"alignnone size-thumbnail wp-image-88580\" title=\"110727_EinerPasstNichtInDieReihe\" src=\"http:\/\/www.fuldaer-nachrichten.de\/wp-content\/uploads\/2011\/07\/110727_EinerPasstNichtInDieReihe-265x182.jpg\" alt=\"\" width=\"265\" height=\"182\" srcset=\"https:\/\/www.fuldaernachrichten.de\/wp-content\/uploads\/2011\/07\/110727_EinerPasstNichtInDieReihe-265x182.jpg 265w, https:\/\/www.fuldaernachrichten.de\/wp-content\/uploads\/2011\/07\/110727_EinerPasstNichtInDieReihe.jpg 592w\" sizes=\"(max-width: 265px) 100vw, 265px\" \/> <\/a><a href=\"http:\/\/www.fuldaer-nachrichten.de\/wp-content\/uploads\/2011\/07\/110727_BelaFarago21.jpg\"><img loading=\"lazy\" decoding=\"async\" class=\"alignnone size-thumbnail wp-image-88582\" title=\"110727_BelaFarago2\" src=\"http:\/\/www.fuldaer-nachrichten.de\/wp-content\/uploads\/2011\/07\/110727_BelaFarago21-265x179.jpg\" alt=\"\" width=\"265\" height=\"181\" \/><\/a><\/p>\n<p>Das Leid, das durch Rassismus angerichtet wird, bis hin zu den Folgen \u2013 auch den Sp\u00e4tfolgen \u2013 des 2. Weltkrieges sind wichtige Themen f\u00fcr den K\u00fcnstler Farag\u00c3\u00b3. Dazu geh\u00f6rt auch seine eigene Exil-Geschichte, die seinen Blick auf die Welt pr\u00e4gte. \u201eIch werde wohl nie an einer Endstation ankommen\u201c, schreibt er \u00fcber die Ausreise aus seiner Heimat Ungarn. Er verlie\u00df das Land, um dem Milit\u00e4rdienst zu entgehen. \u201eEin Nomade blieb er auch in Deutschland,\u201c so Martin Kre\u00df, \u201estudierte an vier verschiedenen Akademien Kunst, die alle sein K\u00f6nnen und seine herausragende Genialit\u00e4t und Virtuosit\u00e4t erkannten.\u201c Es bleibt zu hoffen, dass das auch viele Besucher sehen werden.<\/p>\n<p>B\u00e9la Farag\u00c3\u00b3 wurde 1958 in Kiskunf\u00e9legyhaza in Ungarn geboren, schloss 1978 sein Fachabitur in Kunst ab und studierte nach seiner Emigration nach Deutschland in D\u00fcsseldorf bei Konrad Klaphek und Georg Baselitz freie Kunst und parallel dazu Restauration von Leinwandbildern an der Stuttgarter Akademie. In N\u00fcrnberg schloss er sein Studium ab und war dort anschlie\u00dfend Dozent f\u00fcr Anatomie. Seit 1987 arbeitet er freischaffend als Maler, Zeichner und Restaurator und hat an zahlreichen Orten vor allem in Deutschland ausgestellt. B\u00e9la Farag\u00c3\u00b3 ist Preistr\u00e4ger der N\u00fcrnberger Nachrichten (2001) und der Ortung III Schwabach (2003). 2011 waren seine Arbeiten in der Internationalen Jugendbegegnungsst\u00e4tte in Ausschwitz zu sehen.<\/p>\n<p>Die Ausstellung dauert bis zum 18. September 2011. (mb)<\/p>\n<p><strong>KUNSTSTATION KLEINSASSEN<\/strong><\/p>\n<p>An der Milseburg 2<br \/>\n36145 Hofbieber-Kleinsassen<br \/>\nTel.: 06657-8002<br \/>\n<a href=\"http:\/\/www.kleinsassen.de\/\">www.kleinsassen.de<\/a><br \/>\n\u00d6ffnungszeiten: Di \u2013 So, 13 \u2013 18 Uhr<\/p>\n","protected":false},"excerpt":{"rendered":"<div class=\"tmnf_excerpt\"><p>Kleinsassen. \u201eWir hoffen, dass diese Ausstellung mit ihren schwierigeren Themen von dem Besucherandrang profitiert, den wir gerade mit unseren anderen Ausstellungen erleben,\u201c das w\u00fcnschte der Leiter der Kunststation, Peter Ballmaier, gleich zu Anfang dieser Pr\u00e4sentation. In der Tat bilden gerade die kleinen sonnig-tr\u00f6stlichen Landschaften des Literaturnobelpreistr\u00e4gers Hermann Hesse, die momentan in zwei Hallen der Kunststation &hellip;<\/p>\n<\/div>","protected":false},"author":1,"featured_media":0,"comment_status":"closed","ping_status":"closed","sticky":false,"template":"","format":"standard","meta":{"footnotes":""},"categories":[1,44],"tags":[],"class_list":["post-88576","post","type-post","status-publish","format-standard","hentry","category-startseite","category-kultur"],"_links":{"self":[{"href":"https:\/\/www.fuldaernachrichten.de\/index.php?rest_route=\/wp\/v2\/posts\/88576","targetHints":{"allow":["GET"]}}],"collection":[{"href":"https:\/\/www.fuldaernachrichten.de\/index.php?rest_route=\/wp\/v2\/posts"}],"about":[{"href":"https:\/\/www.fuldaernachrichten.de\/index.php?rest_route=\/wp\/v2\/types\/post"}],"author":[{"embeddable":true,"href":"https:\/\/www.fuldaernachrichten.de\/index.php?rest_route=\/wp\/v2\/users\/1"}],"replies":[{"embeddable":true,"href":"https:\/\/www.fuldaernachrichten.de\/index.php?rest_route=%2Fwp%2Fv2%2Fcomments&post=88576"}],"version-history":[{"count":0,"href":"https:\/\/www.fuldaernachrichten.de\/index.php?rest_route=\/wp\/v2\/posts\/88576\/revisions"}],"wp:attachment":[{"href":"https:\/\/www.fuldaernachrichten.de\/index.php?rest_route=%2Fwp%2Fv2%2Fmedia&parent=88576"}],"wp:term":[{"taxonomy":"category","embeddable":true,"href":"https:\/\/www.fuldaernachrichten.de\/index.php?rest_route=%2Fwp%2Fv2%2Fcategories&post=88576"},{"taxonomy":"post_tag","embeddable":true,"href":"https:\/\/www.fuldaernachrichten.de\/index.php?rest_route=%2Fwp%2Fv2%2Ftags&post=88576"}],"curies":[{"name":"wp","href":"https:\/\/api.w.org\/{rel}","templated":true}]}}