{"id":88574,"date":"2011-07-28T00:35:53","date_gmt":"2011-07-28T00:35:53","guid":{"rendered":"http:\/\/www.fuldaer-nachrichten.de\/?p=88574"},"modified":"2011-07-28T06:36:00","modified_gmt":"2011-07-28T06:36:00","slug":"pflege-bei-demenz-mediana-losungen-aus-erfahrung","status":"publish","type":"post","link":"https:\/\/www.fuldaernachrichten.de\/?p=88574","title":{"rendered":"Pflege bei Demenz: Mediana L\u00f6sungen aus Erfahrung"},"content":{"rendered":"<p><strong><a href=\"http:\/\/www.fuldaer-nachrichten.de\/wp-content\/uploads\/2011\/07\/110727_Demenz.jpg\"><img fetchpriority=\"high\" decoding=\"async\" class=\"alignleft size-thumbnail wp-image-88575\" title=\"110727_Demenz\" src=\"http:\/\/www.fuldaer-nachrichten.de\/wp-content\/uploads\/2011\/07\/110727_Demenz-265x353.jpg\" alt=\"\" width=\"265\" height=\"353\" srcset=\"https:\/\/www.fuldaernachrichten.de\/wp-content\/uploads\/2011\/07\/110727_Demenz-265x353.jpg 265w, https:\/\/www.fuldaernachrichten.de\/wp-content\/uploads\/2011\/07\/110727_Demenz-198x265.jpg 198w, https:\/\/www.fuldaernachrichten.de\/wp-content\/uploads\/2011\/07\/110727_Demenz.jpg 399w\" sizes=\"(max-width: 265px) 100vw, 265px\" \/><\/a>Fulda. <\/strong>Die h\u00e4usliche Pflege eines Angeh\u00f6rigen ist f\u00fcr die Familie schon mit vielen Umstellungen, Fragen und Unsicherheiten verbunden. Der Umgang mit dem Krankheitsbild eines Demenzerkrankten allerdings bedeutet zudem noch eine starke psychische Belastung und f\u00fchrt die Angeh\u00f6rigen oftmals an die eigenen Grenzen, da die Erfahrung in der speziellen Betreuung fehlt. Mediana Mobil hat auf Basis der langj\u00e4hrigen Erfahrungen in Pflege, Betreuung und Beratung\u00c2\u00a0 ein neues Kurskonzept aufgebaut. In zehn Kurseinheiten werden die Aspekte der demenzielen Erkrankung von Pflegedienstleiter Hartmut A. Schwab verst\u00e4ndlich vermittelt und aus unterschiedlichen Blickwinkel betrachtet.<!--more--><\/p>\n<p>Die Inhalte besch\u00e4ftigen sich sowohl mit den Belangen der Betroffenen selbst, mit Auswirkungen f\u00fcr die Angeh\u00f6rigen und auch mit den rechtlichen und finanziellen Auswirkungen und Verantwortungen. Die einzelnen Abendveranstaltungen finden im Mehrgenerationenhaus (MGH ) Fulda-Josefsgarten von 17-20 Uhr statt. Start ist am 10. August. Die Teilnahme ist kostenlos, jedoch ist eine Anmeldung unter Tel 0661\/ 480 299 202 bis zum 08. August erforderlich.<\/p>\n","protected":false},"excerpt":{"rendered":"<div class=\"tmnf_excerpt\"><p>Fulda. Die h\u00e4usliche Pflege eines Angeh\u00f6rigen ist f\u00fcr die Familie schon mit vielen Umstellungen, Fragen und Unsicherheiten verbunden. Der Umgang mit dem Krankheitsbild eines Demenzerkrankten allerdings bedeutet zudem noch eine starke psychische Belastung und f\u00fchrt die Angeh\u00f6rigen oftmals an die eigenen Grenzen, da die Erfahrung in der speziellen Betreuung fehlt. Mediana Mobil hat auf Basis &hellip;<\/p>\n<\/div>","protected":false},"author":1,"featured_media":0,"comment_status":"closed","ping_status":"closed","sticky":false,"template":"","format":"standard","meta":{"footnotes":""},"categories":[1],"tags":[],"class_list":["post-88574","post","type-post","status-publish","format-standard","hentry","category-startseite"],"_links":{"self":[{"href":"https:\/\/www.fuldaernachrichten.de\/index.php?rest_route=\/wp\/v2\/posts\/88574","targetHints":{"allow":["GET"]}}],"collection":[{"href":"https:\/\/www.fuldaernachrichten.de\/index.php?rest_route=\/wp\/v2\/posts"}],"about":[{"href":"https:\/\/www.fuldaernachrichten.de\/index.php?rest_route=\/wp\/v2\/types\/post"}],"author":[{"embeddable":true,"href":"https:\/\/www.fuldaernachrichten.de\/index.php?rest_route=\/wp\/v2\/users\/1"}],"replies":[{"embeddable":true,"href":"https:\/\/www.fuldaernachrichten.de\/index.php?rest_route=%2Fwp%2Fv2%2Fcomments&post=88574"}],"version-history":[{"count":0,"href":"https:\/\/www.fuldaernachrichten.de\/index.php?rest_route=\/wp\/v2\/posts\/88574\/revisions"}],"wp:attachment":[{"href":"https:\/\/www.fuldaernachrichten.de\/index.php?rest_route=%2Fwp%2Fv2%2Fmedia&parent=88574"}],"wp:term":[{"taxonomy":"category","embeddable":true,"href":"https:\/\/www.fuldaernachrichten.de\/index.php?rest_route=%2Fwp%2Fv2%2Fcategories&post=88574"},{"taxonomy":"post_tag","embeddable":true,"href":"https:\/\/www.fuldaernachrichten.de\/index.php?rest_route=%2Fwp%2Fv2%2Ftags&post=88574"}],"curies":[{"name":"wp","href":"https:\/\/api.w.org\/{rel}","templated":true}]}}