{"id":88570,"date":"2011-07-27T00:15:05","date_gmt":"2011-07-27T00:15:05","guid":{"rendered":"http:\/\/www.fuldaer-nachrichten.de\/?p=88570"},"modified":"2011-07-27T06:27:31","modified_gmt":"2011-07-27T06:27:31","slug":"poesie-am-turm-ewigkeit-ist-in-mein-herz-gelegt","status":"publish","type":"post","link":"https:\/\/www.fuldaernachrichten.de\/?p=88570","title":{"rendered":"Poesie am Turm \u201eEwigkeit ist in mein Herz gelegt\u201c"},"content":{"rendered":"<p><strong><a href=\"http:\/\/www.fuldaer-nachrichten.de\/wp-content\/uploads\/2011\/07\/110726_Poesie.jpg\"><img fetchpriority=\"high\" decoding=\"async\" class=\"alignleft size-thumbnail wp-image-88571\" title=\"110726_Poesie\" src=\"http:\/\/www.fuldaer-nachrichten.de\/wp-content\/uploads\/2011\/07\/110726_Poesie-265x198.jpg\" alt=\"\" width=\"265\" height=\"198\" srcset=\"https:\/\/www.fuldaernachrichten.de\/wp-content\/uploads\/2011\/07\/110726_Poesie-265x198.jpg 265w, https:\/\/www.fuldaernachrichten.de\/wp-content\/uploads\/2011\/07\/110726_Poesie.jpg 592w\" sizes=\"(max-width: 265px) 100vw, 265px\" \/><\/a>Rh\u00f6n. <\/strong>In Zusammenarbeit mit dem Biosph\u00e4renreservat Rh\u00f6n sucht sich der Schauspieler und \u201eErz\u00e4hler der Nacht\u201c Rudolf H. Herget die sch\u00f6nsten Pl\u00e4tze der Rh\u00f6n aus, um Gedanken gro\u00dfer Dichter und Denker der Weltliteratur in seinem poetischen Erz\u00e4hltheater dem Zuschauer n\u00e4her zu bringen. Im Schutze des Wartturms, einer von acht Signalt\u00fcrmen in der Region, erleben die Besucher am 02. August ab 20.00 Uhr eine ganz besondere Sommernacht: Impressionen unter freiem Himmel, zum Sonnenuntergang und unterm Sternenzelt. Zum Zur\u00fccklehnen und Versinken, zum Lauschen und Entspannen. Das Besondere: Es werden keine Geschichten vorgelesen, es wird frei erz\u00e4hlt und gespielt.<!--more--><\/p>\n<p>Die Besucher k\u00f6nnen ein paar ruhige Stunden auf einer g\u00fcnstig gelegenen Anh\u00f6he mit herrlichem Blick auf die Umgebung genie\u00dfen. Durch mitgebrachte Windlichter tauchen die Zuschauer das Gel\u00e4nde rund um den Wartturm in ein ganz besonderes Licht und schaffen eine einzigartige Atmosph\u00e4re. Die Gemeinde Eichenzell und der Rh\u00f6nklub Zweigverein Eichenzell laden hierzu ganz herzlich ein.<\/p>\n<p><strong>Bitte beachten:<\/strong><\/p>\n<p>Eine Bestuhlung ist nicht vorhanden. Bitte bringen Sie sich Decken, Isomatten, Klappst\u00fchle, Kerzen, Windlichter etc. mit.<\/p>\n","protected":false},"excerpt":{"rendered":"<div class=\"tmnf_excerpt\"><p>Rh\u00f6n. In Zusammenarbeit mit dem Biosph\u00e4renreservat Rh\u00f6n sucht sich der Schauspieler und \u201eErz\u00e4hler der Nacht\u201c Rudolf H. Herget die sch\u00f6nsten Pl\u00e4tze der Rh\u00f6n aus, um Gedanken gro\u00dfer Dichter und Denker der Weltliteratur in seinem poetischen Erz\u00e4hltheater dem Zuschauer n\u00e4her zu bringen. Im Schutze des Wartturms, einer von acht Signalt\u00fcrmen in der Region, erleben die Besucher &hellip;<\/p>\n<\/div>","protected":false},"author":1,"featured_media":0,"comment_status":"closed","ping_status":"closed","sticky":false,"template":"","format":"standard","meta":{"footnotes":""},"categories":[1,44],"tags":[],"class_list":["post-88570","post","type-post","status-publish","format-standard","hentry","category-startseite","category-kultur"],"_links":{"self":[{"href":"https:\/\/www.fuldaernachrichten.de\/index.php?rest_route=\/wp\/v2\/posts\/88570","targetHints":{"allow":["GET"]}}],"collection":[{"href":"https:\/\/www.fuldaernachrichten.de\/index.php?rest_route=\/wp\/v2\/posts"}],"about":[{"href":"https:\/\/www.fuldaernachrichten.de\/index.php?rest_route=\/wp\/v2\/types\/post"}],"author":[{"embeddable":true,"href":"https:\/\/www.fuldaernachrichten.de\/index.php?rest_route=\/wp\/v2\/users\/1"}],"replies":[{"embeddable":true,"href":"https:\/\/www.fuldaernachrichten.de\/index.php?rest_route=%2Fwp%2Fv2%2Fcomments&post=88570"}],"version-history":[{"count":0,"href":"https:\/\/www.fuldaernachrichten.de\/index.php?rest_route=\/wp\/v2\/posts\/88570\/revisions"}],"wp:attachment":[{"href":"https:\/\/www.fuldaernachrichten.de\/index.php?rest_route=%2Fwp%2Fv2%2Fmedia&parent=88570"}],"wp:term":[{"taxonomy":"category","embeddable":true,"href":"https:\/\/www.fuldaernachrichten.de\/index.php?rest_route=%2Fwp%2Fv2%2Fcategories&post=88570"},{"taxonomy":"post_tag","embeddable":true,"href":"https:\/\/www.fuldaernachrichten.de\/index.php?rest_route=%2Fwp%2Fv2%2Ftags&post=88570"}],"curies":[{"name":"wp","href":"https:\/\/api.w.org\/{rel}","templated":true}]}}